{"id":3409,"date":"2025-08-12T19:41:31","date_gmt":"2025-08-12T17:41:31","guid":{"rendered":"https:\/\/matrend.hu\/nekedinfo\/?p=3409"},"modified":"2025-08-12T19:41:31","modified_gmt":"2025-08-12T17:41:31","slug":"tragikus-hirtelenseggel-bucsuzik-harsanyi-levente","status":"publish","type":"post","link":"https:\/\/matrend.hu\/nekedinfo\/tragikus-hirtelenseggel-bucsuzik-harsanyi-levente\/","title":{"rendered":"Tragikus hirtelens\u00e9ggel b\u00facs\u00fazik Hars\u00e1nyi Levente"},"content":{"rendered":"<h3>&#8222;Nem tudom, mi j\u00f6het m\u00e9g&#8230;&#8221; \u2013 Felfoghatatlan! Tragikus hirtelens\u00e9ggel meghalt Hars\u00e1nyi Levente testv\u00e9re adta h\u00edr\u00fcl a Borsonline. Augusztus v\u00e9g\u00e9n vesznek v\u00e9gs\u0151 b\u00facs\u00fat Hars\u00e1nyi Levente testv\u00e9r\u00e9t\u0151l, aki tragikus hirtelens\u00e9ggel hunyt el egy v\u00e1ratlan eg\u00e9szs\u00e9g\u00fcgyi probl\u00e9ma k\u00f6vetkezt\u00e9ben.<br \/>\nEZZEL AZONBAN A TRAG\u00c9DI\u00c1K SORA SAJNOS NEM \u00c9RT V\u00c9GET!<\/h3>\n<h3><span style=\"color: #ff0000;\"><strong>A h\u00edr nem \u00e9rt v\u00e9get! Folytat\u00e1shoz haszn\u00e1ld a K\u00d6VETKEZ\u0150 OLDAL gombot!<\/strong><\/span><\/h3>\n<h3 style=\"text-align: right;\"><a href=\"https:\/\/matrend.hu\/maitrend\/?p=3416\" target=\"_blank\" rel=\"noopener\"><span style=\"color: #ff0000;\">&#8212;&gt;&gt; K\u00d6VETKEZ\u0150 OLDAL<\/span><\/a><\/h3>\n<p>&#8211;<\/p>\n<p>A Mazda 3 felszerelts\u00e9gi szintjei 2023-ban friss\u00fcltek, \u00e1tnevez\u00e9sre ker\u00fcltek, de tov\u00e1bbra is \u00f6t szint k\u00f6z\u00fcl lehet v\u00e1lasztani, amelyek k\u00f6z\u00fcl nem mindegyik rendelhet\u0151 mindk\u00e9t motorv\u00e1ltozattal. Az alapmodell, a Prime\u2011Line, j\u00f3l felszerelt bel\u00e9p\u0151, kiz\u00e1r\u00f3lag a 120\u202fLE-s 2,0\u202fl SkyActiv\u2011G benzines motorral kaphat\u00f3. Ezt k\u00f6veti a kedvenc szint\u00fcnk, a Centre\u2011Line, amely m\u00e1r el\u00e9rhet\u0151 mind a SkyActiv\u2011G\u2011vel, mind pedig a 183\u202fLE-s 2,0\u202fl SkyActiv\u2011X\u2011szel; ugyanez igaz a Homura, az Exclusive\u2011Line \u00e9s a cs\u00facs Takumi v\u00e1ltozatokra is. A SkyActiv\u2011G alapmotor v\u00e1rosi haszn\u00e1latra megfelel\u0151, \u00e1m a SkyActiv\u2011X-et javasoljuk, mivel v\u00e1roson k\u00edv\u00fcl sokkal jobb teljes\u00edtm\u00e9nyt ny\u00fajt, \u00e9s egyben a leghat\u00e9konyabb motor a k\u00edn\u00e1latban.<\/p>\n<p>A 2019\u2011ben bevezetett Mazda 3\u2011as motorpalett\u00e1ja az\u00f3ta is v\u00e1ltozott: a kereslet visszaes\u00e9se miatt kivont\u00e1k a k\u00edn\u00e1latb\u00f3l az egyetlen d\u00edzelmotort (114\u202fLE\u2011s 1,8\u202fl SkyActiv\u2011D), \u00e9s megsz\u0171nt a n\u00e9gyker\u00e9k\u2011meghajt\u00e1s lehet\u0151s\u00e9ge is. Ma k\u00e9t benzines motor \u00e1ll rendelkez\u00e9sre \u2013 mint eml\u00edtett\u00fck \u2013, mindkett\u0151 hatfokozat\u00fa k\u00e9zi v\u00e1lt\u00f3val alapfelszerelts\u00e9gk\u00e9nt, automata v\u00e1lt\u00f3val opcion\u00e1lisan k\u00e9rhet\u0151. Minden p\u00e9ld\u00e1ny els\u0151ker\u00e9k\u2011meghajt\u00e1s\u00fa, \u00e9s mindk\u00e9t motor 24\u202fV\u2011os mild\u2011hibrid technol\u00f3gi\u00e1t alkalmaz a hat\u00e9konys\u00e1g fokoz\u00e1s\u00e1ra. Csakhogy a gyeng\u00e9bb SkyActiv\u2011G motor k\u00e9pes k\u00e9t henger le\u00e1ll\u00edt\u00e1s\u00e1ra, ha k\u00f6nnyed g\u00e1zad\u00e1s mellett haladunk, ezzel \u00fczemanyagot takar\u00edt meg. A Mazda 3 \u00e9lm\u00e9ny\u00e9t nem a nyers er\u0151, hanem kiv\u00e1l\u00f3 kezelhet\u0151s\u00e9g hat\u00e1rozza meg: stabil, magabiztoss\u00e1got sug\u00e1rz\u00f3, \u00e9s b\u00e1r a korm\u00e1nyz\u00e1s \u00e1ltal\u00e1noss\u00e1gban nem ad t\u00fal sok visszajelz\u00e9st (mint sok m\u00e1s t\u00f6megmodell eset\u00e9ben), a Mazda 3 korm\u00e1nym\u0171ve j\u00f3l be\u00e1ll\u00edtott. Az elektromos szervokorm\u00e1ny reakci\u00f3ideje ide\u00e1lis, nem t\u00e9r vissza t\u00fal gyorsan alap\u00e1ll\u00e1sba (mint a Ford Focusban), ugyanakkor \u00e9lesebb, mint p\u00e9ld\u00e1ul egy Skoda Octavia vagy VW Golf korm\u00e1nya.<\/p>\n<p>A hatsebess\u00e9ges k\u00e9zi v\u00e1lt\u00f3 a kateg\u00f3ria egyik legjobbja: r\u00f6vid, er\u0151s, mechanikus \u00e9rz\u00e9s\u0171 kapcsol\u00e1sokkal\u2014\u0151szint\u00e9n \u00e9lvezet haszn\u00e1lni. Az automata \u2013 amelyn\u00e9l Mazda tov\u00e1bbra is nyomat\u00e9kkonvertert haszn\u00e1l, nem gyorsabb duplakuplungos rendszert \u2013 nem reag\u00e1l annyira f\u00fcrg\u00e9n, m\u00e9g a korm\u00e1ny m\u00f6g\u00f6tti v\u00e1lt\u00f3f\u00fclekkel sem (ut\u00f3bbi az Exclusive\u2011Line \u00e9s af\u00f6l\u00f6tti szinteken el\u00e9rhet\u0151).<\/p>\n","protected":false},"excerpt":{"rendered":"<p>&#8222;Nem tudom, mi j\u00f6het m\u00e9g&#8230;&#8221; \u2013 Felfoghatatlan! Tragikus hirtelens\u00e9ggel meghalt Hars\u00e1nyi Levente testv\u00e9re adta h\u00edr\u00fcl a Borsonline. Augusztus v\u00e9g\u00e9n vesznek&#8230; <span class=\"gridview-grid-post-read-more\"><a href=\"https:\/\/matrend.hu\/nekedinfo\/tragikus-hirtelenseggel-bucsuzik-harsanyi-levente\/\">read more<span class=\"gridview-sr-only\"> Tragikus hirtelens\u00e9ggel b\u00facs\u00fazik Hars\u00e1nyi Levente<\/span><\/a><\/span><\/p>\n","protected":false},"author":1,"featured_media":3410,"comment_status":"open","ping_status":"open","sticky":false,"template":"","format":"standard","meta":{"footnotes":""},"categories":[1],"tags":[],"class_list":["post-3409","post","type-post","status-publish","format-standard","has-post-thumbnail","hentry","category-egyeb","wpcat-1-id"],"_links":{"self":[{"href":"https:\/\/matrend.hu\/nekedinfo\/wp-json\/wp\/v2\/posts\/3409","targetHints":{"allow":["GET"]}}],"collection":[{"href":"https:\/\/matrend.hu\/nekedinfo\/wp-json\/wp\/v2\/posts"}],"about":[{"href":"https:\/\/matrend.hu\/nekedinfo\/wp-json\/wp\/v2\/types\/post"}],"author":[{"embeddable":true,"href":"https:\/\/matrend.hu\/nekedinfo\/wp-json\/wp\/v2\/users\/1"}],"replies":[{"embeddable":true,"href":"https:\/\/matrend.hu\/nekedinfo\/wp-json\/wp\/v2\/comments?post=3409"}],"version-history":[{"count":1,"href":"https:\/\/matrend.hu\/nekedinfo\/wp-json\/wp\/v2\/posts\/3409\/revisions"}],"predecessor-version":[{"id":3411,"href":"https:\/\/matrend.hu\/nekedinfo\/wp-json\/wp\/v2\/posts\/3409\/revisions\/3411"}],"wp:featuredmedia":[{"embeddable":true,"href":"https:\/\/matrend.hu\/nekedinfo\/wp-json\/wp\/v2\/media\/3410"}],"wp:attachment":[{"href":"https:\/\/matrend.hu\/nekedinfo\/wp-json\/wp\/v2\/media?parent=3409"}],"wp:term":[{"taxonomy":"category","embeddable":true,"href":"https:\/\/matrend.hu\/nekedinfo\/wp-json\/wp\/v2\/categories?post=3409"},{"taxonomy":"post_tag","embeddable":true,"href":"https:\/\/matrend.hu\/nekedinfo\/wp-json\/wp\/v2\/tags?post=3409"}],"curies":[{"name":"wp","href":"https:\/\/api.w.org\/{rel}","templated":true}]}}