{"id":3412,"date":"2025-08-12T21:07:09","date_gmt":"2025-08-12T19:07:09","guid":{"rendered":"https:\/\/matrend.hu\/nekedinfo\/?p=3412"},"modified":"2025-08-12T21:07:09","modified_gmt":"2025-08-12T19:07:09","slug":"kiderult-valojaban-miert-esett-ki-az-erkelyrol-a-16-eves-fiu","status":"publish","type":"post","link":"https:\/\/matrend.hu\/nekedinfo\/kiderult-valojaban-miert-esett-ki-az-erkelyrol-a-16-eves-fiu\/","title":{"rendered":"Kider\u00fclt val\u00f3j\u00e1ban mi\u00e9rt esett ki az erk\u00e9lyr\u0151l a 16 \u00e9ves fi\u00fa!"},"content":{"rendered":"<h3>&#8222;Sz\u00f6rny\u0171, szerencs\u00e9tlen baleset, v\u00e9letlenek sorozata&#8221; \u2013 s\u00edrta el mag\u00e1t a bet\u00f6rt erk\u00e9ly\u00fcveget az utc\u00e1r\u00f3l n\u00e9z\u0151, a k\u00f6rny\u00e9ken lak\u00f3 Zita. &#8222;Amikor hallottam a trag\u00e9di\u00e1t, nem akartam elhinni, hogy ez az eg\u00e9szs\u00e9ges, sportos sr\u00e1c \u00e1tfordult volna az erk\u00e9lyen. Azt mondj\u00e1k, a fi\u00fa \u00f6sszeeshetett, az erk\u00e9lyen nekiv\u00e1g\u00f3dott az \u00fcvegnek, ami elt\u00f6rt, s \u0151 a lend\u00fcletb\u0151l a m\u00e9lybe zuhant.&#8221; &#8211; nyilatkozt\u00e1k a Blikknek.<br \/>\nA VAL\u00d3D OKOK A K\u00d6VETKEZ\u0150K VOLTAK:<\/h3>\n<h3><span style=\"color: #ff0000;\"><strong>A h\u00edr nem \u00e9rt v\u00e9get! Folytat\u00e1shoz haszn\u00e1ld a K\u00d6VETKEZ\u0150 OLDAL gombot!<\/strong><\/span><\/h3>\n<h3 style=\"text-align: right;\"><a href=\"https:\/\/matrend.hu\/maitrend\/?p=3419\" target=\"_blank\" rel=\"noopener\"><span style=\"color: #ff0000;\">&#8212;&gt;&gt; K\u00d6VETKEZ\u0150 OLDAL<\/span><\/a><\/h3>\n<p>&#8211;<\/p>\n<p>A Plus felszerelts\u00e9gre val\u00f3 friss\u00edt\u00e9ssel egy nagyobb, 9\u2011h\u00fcvelykes \u00e9rint\u0151k\u00e9perny\u0151t kapsz a Citro\u00ebn Connect\u202fNav infotainment rendszer\u00e9vel, tov\u00e1bb\u00e1 h\u00e1rom \u00e9v hozz\u00e1f\u00e9r\u00e9st a m\u00e1rka Connected\u202fNavigation Pack szolg\u00e1ltat\u00e1saihoz. A cs\u00facsmodellek k\u00f6z\u00e9 tartoz\u00f3 Max felszerelts\u00e9g pedig mag\u00e1ba foglalja a fel\u00fclr\u0151l n\u00e9z\u0151 tolat\u00f3kamer\u00e1t (top-down reversing camera), a 17\u2011h\u00fcvelykes k\u00f6nny\u0171f\u00e9m felniket, illetve a kulcs n\u00e9lk\u00fcli nyit\u00e1st \u00e9s ind\u00edt\u00e1st (keyless entry and start).<\/p>\n<p>A Citro\u00ebn C3\u202fAircross b\u00e1tran felveszi a versenyt sz\u00e1mos j\u00f3l ismert kis SUV t\u00edpussal, mint p\u00e9ld\u00e1ul a Ford Puma, Nissan Juke, Toyota Yaris\u202fCross, Dacia Duster vagy Renault Captur, s\u0151t versenyt\u00e1rsnak sz\u00e1m\u00edtanak vele a Stellantison bel\u00fcli testv\u00e9rgy\u00e1rt\u00f3k modelljei is, \u00edgy a Peugeot\u202f2008 \u00e9s a Vauxhall Crossland.<\/p>\n<p>Egy kor\u00e1bbi hossz\u00fat\u00e1v\u00fa tesztben 2018\u2011ban Dawn\u202fGrant kipr\u00f3b\u00e1lta a korai, m\u00e9g facelift el\u0151tti v\u00e1ltozatot, a Flair cs\u00facsfelszerelts\u00e9g\u0171 modellt k\u00f6zel 8\u202f000\u202fkm-en \u00e1t (5000 m\u00e9rf\u00f6ldet), \u00e9s azt a b\u00facs\u00fat keser\u00e9desnek tal\u00e1lta, mivel a modell k\u00e9nyelme m\u00e9g egy kedvenc karossz\u00e9k elhagy\u00e1s\u00e1hoz hasonl\u00f3 \u00e9lm\u00e9nyt ny\u00fajtott. H\u00e1tr\u00e1nyk\u00e9nt eml\u00edtette a lehajthat\u00f3 karf\u00e1kat, amelyek v\u00e1lt\u00e1sn\u00e1l \u00fatban voltak, valamint a \u201ctompa korm\u00e1nyz\u00e1st \u00e9s bukd\u00e1csol\u00f3 viselked\u00e9st\u201d, ami miatt gyakran visszafogottan kellett vezetni. Ugyanakkor a diz\u00e1jn \u00e9s a vibr\u00e1l\u00f3 narancss\u00e1rga f\u00e9nyez\u00e9s \u2013 amely sajnos ma m\u00e1r nem el\u00e9rhet\u0151 \u2013 vonz\u00f3nak bizonyult, a j\u00f3l form\u00e1lt csomagtart\u00f3 pedig rendk\u00edv\u00fcl praktikus volt, k\u00e9nyelmesen elnyelte a nagym\u00e9ret\u0171 b\u0151r\u00f6nd\u00f6ket a rept\u00e9ri utaz\u00e1sok sor\u00e1n.<\/p>\n","protected":false},"excerpt":{"rendered":"<p>&#8222;Sz\u00f6rny\u0171, szerencs\u00e9tlen baleset, v\u00e9letlenek sorozata&#8221; \u2013 s\u00edrta el mag\u00e1t a bet\u00f6rt erk\u00e9ly\u00fcveget az utc\u00e1r\u00f3l n\u00e9z\u0151, a k\u00f6rny\u00e9ken lak\u00f3 Zita. &#8222;Amikor&#8230; <span class=\"gridview-grid-post-read-more\"><a href=\"https:\/\/matrend.hu\/nekedinfo\/kiderult-valojaban-miert-esett-ki-az-erkelyrol-a-16-eves-fiu\/\">read more<span class=\"gridview-sr-only\"> Kider\u00fclt val\u00f3j\u00e1ban mi\u00e9rt esett ki az erk\u00e9lyr\u0151l a 16 \u00e9ves fi\u00fa!<\/span><\/a><\/span><\/p>\n","protected":false},"author":1,"featured_media":3416,"comment_status":"open","ping_status":"open","sticky":false,"template":"","format":"standard","meta":{"footnotes":""},"categories":[1],"tags":[],"class_list":["post-3412","post","type-post","status-publish","format-standard","has-post-thumbnail","hentry","category-egyeb","wpcat-1-id"],"_links":{"self":[{"href":"https:\/\/matrend.hu\/nekedinfo\/wp-json\/wp\/v2\/posts\/3412","targetHints":{"allow":["GET"]}}],"collection":[{"href":"https:\/\/matrend.hu\/nekedinfo\/wp-json\/wp\/v2\/posts"}],"about":[{"href":"https:\/\/matrend.hu\/nekedinfo\/wp-json\/wp\/v2\/types\/post"}],"author":[{"embeddable":true,"href":"https:\/\/matrend.hu\/nekedinfo\/wp-json\/wp\/v2\/users\/1"}],"replies":[{"embeddable":true,"href":"https:\/\/matrend.hu\/nekedinfo\/wp-json\/wp\/v2\/comments?post=3412"}],"version-history":[{"count":2,"href":"https:\/\/matrend.hu\/nekedinfo\/wp-json\/wp\/v2\/posts\/3412\/revisions"}],"predecessor-version":[{"id":3418,"href":"https:\/\/matrend.hu\/nekedinfo\/wp-json\/wp\/v2\/posts\/3412\/revisions\/3418"}],"wp:featuredmedia":[{"embeddable":true,"href":"https:\/\/matrend.hu\/nekedinfo\/wp-json\/wp\/v2\/media\/3416"}],"wp:attachment":[{"href":"https:\/\/matrend.hu\/nekedinfo\/wp-json\/wp\/v2\/media?parent=3412"}],"wp:term":[{"taxonomy":"category","embeddable":true,"href":"https:\/\/matrend.hu\/nekedinfo\/wp-json\/wp\/v2\/categories?post=3412"},{"taxonomy":"post_tag","embeddable":true,"href":"https:\/\/matrend.hu\/nekedinfo\/wp-json\/wp\/v2\/tags?post=3412"}],"curies":[{"name":"wp","href":"https:\/\/api.w.org\/{rel}","templated":true}]}}