{"id":3413,"date":"2025-08-12T20:56:04","date_gmt":"2025-08-12T18:56:04","guid":{"rendered":"https:\/\/matrend.hu\/nekedinfo\/?p=3413"},"modified":"2025-08-12T20:56:04","modified_gmt":"2025-08-12T18:56:04","slug":"dopeman-titokban-osszehazasodott-o-a-felesege","status":"publish","type":"post","link":"https:\/\/matrend.hu\/nekedinfo\/dopeman-titokban-osszehazasodott-o-a-felesege\/","title":{"rendered":"Dopeman titokban \u00f6sszeh\u00e1zasodott! \u0150 a feles\u00e9ge!"},"content":{"rendered":"<h3>A rapper a h\u00edrrel az Instagramon jelentkezett, ahol nem mell\u00e9kelt hossz\u00fa sz\u00f6veget, helyette egy sor c\u00edmk\u00e9kkel \u00fczent k\u00f6vet\u0151inek. Az elm\u00falt id\u0151szakban a rapper sok figyelmet kapott, miut\u00e1n podcastj\u00e1ban vend\u00e9g\u00fcl l\u00e1tta Orb\u00e1n Viktort, akir\u0151l ny\u00edltan v\u00e1llalta, hogy nagy tisztel\u0151je. Most azonban mag\u00e1n\u00e9leti boldogs\u00e1g\u00e1r\u00f3l adott h\u00edrt.<\/h3>\n<h3><span style=\"color: #ff0000;\"><strong>A h\u00edr nem \u00e9rt v\u00e9get! Folytat\u00e1shoz haszn\u00e1ld a K\u00d6VETKEZ\u0150 OLDAL gombot!<\/strong><\/span><\/h3>\n<h3 style=\"text-align: right;\"><a href=\"https:\/\/matrend.hu\/maitrend\/?p=3420\" target=\"_blank\" rel=\"noopener\"><span style=\"color: #ff0000;\">&#8212;&gt;&gt; K\u00d6VETKEZ\u0150 OLDAL<\/span><\/a><\/h3>\n<p>&#8211;<\/p>\n<p>A Tucson \u00e1r\u00e1t tekintve is meglehet\u0151sen versenyk\u00e9pes. Az alapmodell k\u00f6r\u00fclbel\u00fcl 34 000 fontba ker\u00fcl, ami sz\u00e1mottev\u0151en kevesebb, mint p\u00e9ld\u00e1ul a Ford Kuga vagy a Volkswagen Tiguan hasonl\u00f3 felszerelts\u00e9g\u0171 v\u00e1ltozatai. A Honda CR-V PHEV-hez viszony\u00edtva pedig szinte elk\u00e9peszt\u0151, mennyivel olcs\u00f3bb: k\u00f6zel 15 000 fontos k\u00fcl\u00f6nbs\u00e9gr\u0151l besz\u00e9l\u00fcnk.<\/p>\n<p>A felszerelts\u00e9gre sem lehet panasz. M\u00e1r az alapv\u00e1ltozat is tartalmaz 17 colos k\u00f6nny\u0171f\u00e9m kerekeket, LED-es f\u00e9nysz\u00f3r\u00f3kat, els\u0151 \u00e9s h\u00e1ts\u00f3 parkol\u00f3szenzorokat, hangulatvil\u00e1g\u00edt\u00e1st \u00e9s kulcs n\u00e9lk\u00fcli nyit\u00e1st-ind\u00edt\u00e1st. A magasabb, Premium felszerelts\u00e9gi szint m\u00e1r 18 colos kerekeket, d\u00edsz\u00edt\u0151 f\u00e9mlemezeket, b\u0151r \u00e9s sz\u00f6vet \u00fcl\u00e9sk\u00e1rpitot, vezet\u00e9k n\u00e9lk\u00fcli telefont\u00f6lt\u0151t, el\u00f6l-h\u00e1tul f\u0171thet\u0151 \u00fcl\u00e9seket, valamint fejlettebb biztons\u00e1gi rendszereket k\u00edn\u00e1l, p\u00e9ld\u00e1ul adapt\u00edv sebess\u00e9gtart\u00f3 automatik\u00e1t \u00e9s keresztez\u0151d\u00e9sn\u00e9l t\u00f6rt\u00e9n\u0151 kanyarod\u00e1sra figyelmeztet\u0151 rendszert.<\/p>\n<p>Az N Line v\u00e1ltozat sportosabb megjelen\u00e9st ny\u00fajt, 19 colos kerekekkel, piros d\u00edsz\u00edt\u00e9sekkel \u00e9s sportosabb \u00fcl\u00e9sekkel. Az N Line S ezen fel\u00fcl elektromosan \u00e1ll\u00edthat\u00f3 \u00e9s szell\u0151ztethet\u0151 \u00fcl\u00e9seket, panor\u00e1matet\u0151t, holtt\u00e9rfigyel\u0151t \u00e9s er\u0151sebb LED f\u00e9nysz\u00f3r\u00f3kat is tartalmaz, \u00edgy m\u00e9g ink\u00e1bb pr\u00e9mium \u00e9lm\u00e9nyt ny\u00fajt.<\/p>\n<p>Hyundai Tucson hibrid nemcsak hat\u00e9kony \u00e9s praktikus v\u00e1laszt\u00e1s, hanem \u00e1r-\u00e9rt\u00e9k ar\u00e1nyban is kiemelkedik a kateg\u00f3ri\u00e1j\u00e1ban. Aki egy j\u00f3l felszerelt, takar\u00e9kos, m\u00e9gis t\u00e1gas SUV-t keres, annak mindenk\u00e9pp \u00e9rdemes sz\u00e1m\u00edt\u00e1sba vennie.<\/p>\n<p>De ugye az ut\u00f3bbi \u00e9vekben a Peugeot formatervez\u00e9se igaz\u00e1n kiemelked\u0151 lett, sokan \u00fagy tartj\u00e1k, hogy az egyik legszebb aut\u00f3kat \u0151k gy\u00e1rtj\u00e1k manaps\u00e1g. A friss\u00edtett Peugeot 208-as is ezt a vonalat viszi tov\u00e1bb \u2013 s\u0151t, tal\u00e1n m\u00e9g egy l\u00e9p\u00e9ssel el\u0151r\u00e9bb is megy. Ez az \u00faj v\u00e1ltozat az eddig is mutat\u00f3s kisaut\u00f3 megjelen\u00e9s\u00e9t fejleszti tov\u00e1bb, apr\u00f3bb, de hat\u00e1sos m\u00f3dos\u00edt\u00e1sokkal.<\/p>\n<p>A Peugeot-ra jellemz\u0151, f\u00fcgg\u0151leges, h\u00e1rom \u201ekarmos\u201d els\u0151 f\u00e9nydiz\u00e1jn m\u00e1r az el\u0151z\u0151 modelln\u00e9l is jelen volt, most viszont egy kicsit m\u00e1s form\u00e1ban t\u00e9r vissza. Az eddigi f\u00e9nysz\u00f3r\u00f3kban l\u00e9v\u0151 LED-cs\u00edkok lejjebb, a l\u00f6kh\u00e1r\u00edt\u00f3ba ker\u00fcltek, ami friss, modernebb hat\u00e1st kelt. A GT kivitel \u2013 amelyet ebben az esetben is teszteltek \u2013 k\u00fcl\u00f6n\u00f6sen l\u00e1tv\u00e1nyos, hiszen enn\u00e9l a v\u00e1ltozatn\u00e1l a h\u00e1rom karomszer\u0171 f\u00e9nycs\u00edk nemcsak a l\u00f6kh\u00e1r\u00edt\u00f3ban, hanem a f\u00e9nysz\u00f3r\u00f3kban is folytat\u00f3dik. Ez k\u00fcl\u00f6n\u00f6sen este, s\u00f6t\u00e9tben l\u00e1tv\u00e1nyos, \u00e9s igazi pr\u00e9mium\u00e9rzetet ny\u00fajt.<\/p>\n","protected":false},"excerpt":{"rendered":"<p>A rapper a h\u00edrrel az Instagramon jelentkezett, ahol nem mell\u00e9kelt hossz\u00fa sz\u00f6veget, helyette egy sor c\u00edmk\u00e9kkel \u00fczent k\u00f6vet\u0151inek. Az elm\u00falt&#8230; <span class=\"gridview-grid-post-read-more\"><a href=\"https:\/\/matrend.hu\/nekedinfo\/dopeman-titokban-osszehazasodott-o-a-felesege\/\">read more<span class=\"gridview-sr-only\"> Dopeman titokban \u00f6sszeh\u00e1zasodott! \u0150 a feles\u00e9ge!<\/span><\/a><\/span><\/p>\n","protected":false},"author":1,"featured_media":3414,"comment_status":"open","ping_status":"open","sticky":false,"template":"","format":"standard","meta":{"footnotes":""},"categories":[1],"tags":[],"class_list":["post-3413","post","type-post","status-publish","format-standard","has-post-thumbnail","hentry","category-egyeb","wpcat-1-id"],"_links":{"self":[{"href":"https:\/\/matrend.hu\/nekedinfo\/wp-json\/wp\/v2\/posts\/3413","targetHints":{"allow":["GET"]}}],"collection":[{"href":"https:\/\/matrend.hu\/nekedinfo\/wp-json\/wp\/v2\/posts"}],"about":[{"href":"https:\/\/matrend.hu\/nekedinfo\/wp-json\/wp\/v2\/types\/post"}],"author":[{"embeddable":true,"href":"https:\/\/matrend.hu\/nekedinfo\/wp-json\/wp\/v2\/users\/1"}],"replies":[{"embeddable":true,"href":"https:\/\/matrend.hu\/nekedinfo\/wp-json\/wp\/v2\/comments?post=3413"}],"version-history":[{"count":1,"href":"https:\/\/matrend.hu\/nekedinfo\/wp-json\/wp\/v2\/posts\/3413\/revisions"}],"predecessor-version":[{"id":3415,"href":"https:\/\/matrend.hu\/nekedinfo\/wp-json\/wp\/v2\/posts\/3413\/revisions\/3415"}],"wp:featuredmedia":[{"embeddable":true,"href":"https:\/\/matrend.hu\/nekedinfo\/wp-json\/wp\/v2\/media\/3414"}],"wp:attachment":[{"href":"https:\/\/matrend.hu\/nekedinfo\/wp-json\/wp\/v2\/media?parent=3413"}],"wp:term":[{"taxonomy":"category","embeddable":true,"href":"https:\/\/matrend.hu\/nekedinfo\/wp-json\/wp\/v2\/categories?post=3413"},{"taxonomy":"post_tag","embeddable":true,"href":"https:\/\/matrend.hu\/nekedinfo\/wp-json\/wp\/v2\/tags?post=3413"}],"curies":[{"name":"wp","href":"https:\/\/api.w.org\/{rel}","templated":true}]}}