{"id":3419,"date":"2025-08-13T13:17:48","date_gmt":"2025-08-13T11:17:48","guid":{"rendered":"https:\/\/matrend.hu\/nekedinfo\/?p=3419"},"modified":"2025-08-13T13:17:48","modified_gmt":"2025-08-13T11:17:48","slug":"menedzsere-osztotta-meg-a-szomoru-hirt-demjen-ferencrol","status":"publish","type":"post","link":"https:\/\/matrend.hu\/nekedinfo\/menedzsere-osztotta-meg-a-szomoru-hirt-demjen-ferencrol\/","title":{"rendered":"Menedzsere osztotta meg a szomor\u00fa h\u00edrt Demj\u00e9n Ferencr\u0151l"},"content":{"rendered":"<h3>A m\u0171v\u00e9sz otthon\u00e1ban s\u00falyos balesetet szenvedett: fels\u0151combt\u00f6r\u00e9st kapott, ami azonnali m\u0171t\u00e9ti beavatkoz\u00e1st tett sz\u00fcks\u00e9gess\u00e9. Az orvosok szerint a gy\u00f3gyul\u00e1s hosszabb id\u0151t vesz majd ig\u00e9nybe, \u00edgy az \u00f6sszes k\u00f6zelj\u00f6v\u0151re tervezett fell\u00e9p\u00e9st el kell halasztani.<br \/>\nMINDEN IM\u00c1RA SZ\u00dcKS\u00c9G VAN! \u00cdGY VAN MOST DEMJ\u00c9N FERENC:<\/h3>\n<h3><span style=\"color: #ff0000;\"><strong>A h\u00edr nem \u00e9rt v\u00e9get! Folytat\u00e1shoz haszn\u00e1ld a K\u00d6VETKEZ\u0150 OLDAL gombot!<\/strong><\/span><\/h3>\n<h3 style=\"text-align: right;\"><a href=\"https:\/\/matrend.hu\/maitrend\/?p=3426\" target=\"_blank\" rel=\"noopener\"><span style=\"color: #ff0000;\">&#8212;&gt;&gt; K\u00d6VETKEZ\u0150 OLDAL<\/span><\/a><\/h3>\n<p>&#8211;<\/p>\n<p>A Jazz Crosstar modell 2020 k\u00f6zep\u00e9n jelent meg a norm\u00e1l \u00f6tajt\u00f3s Jazz mellett. Megemelt hasmagass\u00e1ggal, testburkolattal \u00e9s tet\u0151csomagtart\u00f3 rudakkal rendelkezik, amit\u0151l terepj\u00e1r\u00f3sabb hat\u00e1st kelt, b\u00e1r t\u00e9nylegesen nem alkalmas terepj\u00e1r\u00e1sra, mivel nincs \u00f6sszker\u00e9khajt\u00e1sa. Az Advance felszerelts\u00e9gre \u00e9p\u00fcl, dr\u00e1g\u00e1bb, \u00e9s minim\u00e1lisan kev\u00e9sb\u00e9 takar\u00e9kos is, emiatt mi ink\u00e1bb a k\u00f6z\u00e9pkateg\u00f3ri\u00e1s Advance szintet javasoljuk.<\/p>\n<p>A leg\u00fajabb Jazz elker\u00fcli a kis l\u00f6kett\u00e9rfogat\u00fa, turb\u00f3s motorokat, \u00e9s egyb\u0151l hibrid meghajt\u00e1sra v\u00e1ltott. Az e:HEV rendszer egy 1,5 literes Atkinson-ciklus\u00fa benzinmotort \u00e9s k\u00e9t elektromos motort foglal mag\u00e1ban, \u00e9s 2023-t\u00f3l a rendszer \u00f6sszteljes\u00edtm\u00e9nye 106 l\u00f3er\u0151r\u0151l 120 l\u00f3er\u0151re n\u0151tt.<\/p>\n<p>H\u00e1rom vezet\u00e9si m\u00f3d seg\u00edti kiakn\u00e1zni a rendszer el\u0151nyeit: az EV m\u00f3d tiszt\u00e1n elektromos hajt\u00e1st biztos\u00edt indul\u00e1skor vagy alacsony sebess\u00e9gn\u00e9l, a Hybrid Drive a benzinmotor \u00e9s az elektromotor optim\u00e1lis egy\u00fcttm\u0171k\u00f6d\u00e9s\u00e9vel egyens\u00falyt teremt er\u0151 \u00e9s hat\u00e9konys\u00e1g k\u00f6z\u00f6tt, m\u00edg az Engine Drive m\u00f3d aut\u00f3p\u00e1ly\u00e1n kiz\u00e1r\u00f3lag a benzinmotorra hagyatkozik. A v\u00e1lt\u00e1s k\u00f6z\u00f6tt\u00fck z\u00f6kken\u0151mentes, a rendszer intelligensen v\u00e1laszt a m\u00f3dok k\u00f6z\u00f6tt a lehet\u0151 legjobb hat\u00e9konys\u00e1g \u00e9rdek\u00e9ben. Mindehhez egy fix \u00e1tt\u00e9tel\u0171, automata e\u2011CVT v\u00e1lt\u00f3 t\u00e1rsul, amely finom, line\u00e1ris gyors\u00edt\u00e1st tesz lehet\u0151v\u00e9. A Jazz k\u00fcl\u00f6n\u00f6sen alacsony sebess\u00e9gn\u00e9l brill\u00edrozik: k\u00f6nny\u0171 korm\u00e1nyz\u00e1sa v\u00e1rosi k\u00f6rnyezetben kiv\u00e1l\u00f3, \u00e9s a csendes elektromos hajt\u00e1s komfortos, finom m\u0171k\u00f6d\u00e9st biztos\u00edt. B\u00e1r nagyobb sebess\u00e9gn\u00e9l is k\u00e9pes EV m\u00f3dban haladni, ehhez nagyon finom g\u00e1zped\u00e1l-kezel\u00e9s sz\u00fcks\u00e9ges. Kanyarg\u00f3sabb utakra viszont a Clio \u00e9l\u00e9nkebb vezet\u00e9si \u00e9lm\u00e9nyt k\u00edn\u00e1l; a Jazz korm\u00e1nyz\u00e1sa kiss\u00e9 lomh\u00e1bb, \u00e9s a hibridrendszer el\u0151nyei elveszhetnek, ha k\u00e9tharmad g\u00e1zped\u00e1l-n\u00e1l t\u00f6bbet haszn\u00e1lunk, mert a CVT v\u00e1lt\u00f3 ekkor magas fordulatsz\u00e1mig viszi a motort, ami zajjal j\u00e1r.<\/p>\n","protected":false},"excerpt":{"rendered":"<p>A m\u0171v\u00e9sz otthon\u00e1ban s\u00falyos balesetet szenvedett: fels\u0151combt\u00f6r\u00e9st kapott, ami azonnali m\u0171t\u00e9ti beavatkoz\u00e1st tett sz\u00fcks\u00e9gess\u00e9. Az orvosok szerint a gy\u00f3gyul\u00e1s hosszabb&#8230; <span class=\"gridview-grid-post-read-more\"><a href=\"https:\/\/matrend.hu\/nekedinfo\/menedzsere-osztotta-meg-a-szomoru-hirt-demjen-ferencrol\/\">read more<span class=\"gridview-sr-only\"> Menedzsere osztotta meg a szomor\u00fa h\u00edrt Demj\u00e9n Ferencr\u0151l<\/span><\/a><\/span><\/p>\n","protected":false},"author":1,"featured_media":3420,"comment_status":"open","ping_status":"open","sticky":false,"template":"","format":"standard","meta":{"footnotes":""},"categories":[1],"tags":[],"class_list":["post-3419","post","type-post","status-publish","format-standard","has-post-thumbnail","hentry","category-egyeb","wpcat-1-id"],"_links":{"self":[{"href":"https:\/\/matrend.hu\/nekedinfo\/wp-json\/wp\/v2\/posts\/3419","targetHints":{"allow":["GET"]}}],"collection":[{"href":"https:\/\/matrend.hu\/nekedinfo\/wp-json\/wp\/v2\/posts"}],"about":[{"href":"https:\/\/matrend.hu\/nekedinfo\/wp-json\/wp\/v2\/types\/post"}],"author":[{"embeddable":true,"href":"https:\/\/matrend.hu\/nekedinfo\/wp-json\/wp\/v2\/users\/1"}],"replies":[{"embeddable":true,"href":"https:\/\/matrend.hu\/nekedinfo\/wp-json\/wp\/v2\/comments?post=3419"}],"version-history":[{"count":1,"href":"https:\/\/matrend.hu\/nekedinfo\/wp-json\/wp\/v2\/posts\/3419\/revisions"}],"predecessor-version":[{"id":3421,"href":"https:\/\/matrend.hu\/nekedinfo\/wp-json\/wp\/v2\/posts\/3419\/revisions\/3421"}],"wp:featuredmedia":[{"embeddable":true,"href":"https:\/\/matrend.hu\/nekedinfo\/wp-json\/wp\/v2\/media\/3420"}],"wp:attachment":[{"href":"https:\/\/matrend.hu\/nekedinfo\/wp-json\/wp\/v2\/media?parent=3419"}],"wp:term":[{"taxonomy":"category","embeddable":true,"href":"https:\/\/matrend.hu\/nekedinfo\/wp-json\/wp\/v2\/categories?post=3419"},{"taxonomy":"post_tag","embeddable":true,"href":"https:\/\/matrend.hu\/nekedinfo\/wp-json\/wp\/v2\/tags?post=3419"}],"curies":[{"name":"wp","href":"https:\/\/api.w.org\/{rel}","templated":true}]}}