{"id":3425,"date":"2025-08-13T16:02:22","date_gmt":"2025-08-13T14:02:22","guid":{"rendered":"https:\/\/matrend.hu\/nekedinfo\/?p=3425"},"modified":"2025-08-13T16:02:22","modified_gmt":"2025-08-13T14:02:22","slug":"pachmann-peter-28-ev-utan-varatlanul","status":"publish","type":"post","link":"https:\/\/matrend.hu\/nekedinfo\/pachmann-peter-28-ev-utan-varatlanul\/","title":{"rendered":"Pachmann P\u00e9ter 28 \u00e9v ut\u00e1n v\u00e1ratlanul"},"content":{"rendered":"<h3>Pachmann P\u00e9ter t\u00f6bb mint 28 \u00e9vnyi telev\u00edzi\u00f3s munk\u00e1ss\u00e1g\u00e1ra tekint vissza, amely sor\u00e1n sz\u00e1mtalan riportot, interj\u00fat \u00e9s \u00e9l\u0151 ad\u00e1st vezetett. Nemcsak m\u0171sorvezet\u0151k\u00e9nt, hanem \u00edr\u00f3k\u00e9nt \u00e9s tan\u00e1rk\u00e9nt is maradand\u00f3t alkotott. A rajong\u00f3k szerint ink\u00e1bb kitett\u00e9k a csatorn\u00e1t\u00f3l! MUTATJUK A R\u00c9SZLETEKET!<\/h3>\n<h3><span style=\"color: #ff0000;\"><strong>A h\u00edr nem \u00e9rt v\u00e9get! Folytat\u00e1shoz haszn\u00e1ld a K\u00d6VETKEZ\u0150 OLDAL gombot!<\/strong><\/span><\/h3>\n<h3 style=\"text-align: right;\"><a href=\"https:\/\/matrend.hu\/maitrend\/?p=3432\" target=\"_blank\" rel=\"noopener\"><span style=\"color: #ff0000;\">&#8212;&gt;&gt; K\u00d6VETKEZ\u0150 OLDAL<\/span><\/a><\/h3>\n<p>&#8211;<\/p>\n<p>Amint kinyitjuk a sof\u0151r oldal\u00e1n l\u00e9v\u0151 ajt\u00f3t, r\u00f6gt\u00f6n szembet\u0171nik, mennyire hasonl\u00edt a Renault Captur utastere a kisebb testv\u00e9r\u00e9re, a Cli\u00f3ra. Ez nem v\u00e9letlen: a Captur utaster\u00e9t teljes eg\u00e9sz\u00e9ben \u00e1ttervezt\u00e9k, \u00e9s a v\u00e1ltoz\u00e1sok azonnal \u00e9rezhet\u0151k, m\u00e9g akkor is, ha valaki nem aut\u00f3szak\u00e9rt\u0151. Az \u00faj kialak\u00edt\u00e1s sokkal modernebb, letisztultabb, \u00e9s a Renault c\u00e9lja egy\u00e9rtelm\u0171en az volt, hogy magasabb min\u0151s\u00e9gi szintet sugalljon \u2013 ezt az aut\u00f3gy\u00e1rt\u00f3 maga is hangs\u00falyozza, amikor &#8222;modernnek&#8221; \u00e9s &#8222;pr\u00e9mium hat\u00e1s\u00fanak&#8221; nevezi az \u00faj Capturt.<\/p>\n<p>A bels\u0151 t\u00e9r k\u00f6z\u00e9ppontj\u00e1ban egy 10,4 h\u00fcvelykes, f\u00fcgg\u0151leges elrendez\u00e9s\u0171 \u00e9rint\u0151k\u00e9perny\u0151 \u00e1ll, amely minden felszerelts\u00e9gi szinten el\u00e9rhet\u0151. Ez az \u00faj kijelz\u0151 a Renault leg\u00fajabb OpenR Link rendszer\u00e9t futtatja, amely a szolg\u00e1ltat\u00e1saival integr\u00e1ltan m\u0171k\u00f6dik. Ez nemcsak azt jelenti, hogy k\u00f6nnyed\u00e9n t\u00fckr\u00f6zhetj\u00fck telefonunkat vezet\u00e9k n\u00e9lk\u00fcl, hanem olyan hasznos funkci\u00f3kat is kapunk, mint az \u00e9l\u0151 t\u00e9rk\u00e9pn\u00e9zet a Mapsb\u0151l, hangvez\u00e9rl\u00e9s, vagy \u00e9ppen a rendszeres friss\u00edt\u00e9sek lehet\u0151s\u00e9ge. A kijelz\u0151 kezel\u00e9se meglep\u0151en egyszer\u0171 \u00e9s gyors, a legfontosabb funkci\u00f3k \u2013 p\u00e9ld\u00e1ul a t\u00e9rk\u00e9p, az aut\u00f3 be\u00e1ll\u00edt\u00e1sai, a zenelej\u00e1tsz\u00f3 \u00e9s a telefon \u2013 mindig el\u00e9rhet\u0151ek a k\u00e9perny\u0151 tetej\u00e9n. A kor\u00e1bbi, lassabb \u00e9s n\u00e9ha akadoz\u00f3 rendszerhez k\u00e9pest ez hatalmas el\u0151rel\u00e9p\u00e9s, r\u00e1ad\u00e1sul a k\u00e9perny\u0151 f\u00e9nyereje \u00e9s tisztas\u00e1ga miatt a t\u00e9rk\u00e9polvas\u00e1s is sokkal k\u00f6nnyebb. Egy apr\u00f3, de nagyon praktikus r\u00e9szlet, hogy a hanger\u0151szab\u00e1lyz\u00f3 gombokat nem rejtett\u00e9k el, hanem fizikai form\u00e1ban a k\u00e9perny\u0151 tetej\u00e9re helyezt\u00e9k, ami gyors \u00e9s egyszer\u0171 hozz\u00e1f\u00e9r\u00e9st biztos\u00edt.<\/p>\n<p>A Renault elmond\u00e1sa szerint ezek a fejleszt\u00e9sek v\u00e1laszk\u00e9nt sz\u00fclettek, mivel sok tulajdonos \u00e9s tesztel\u0151 kifog\u00e1solta, hogy az el\u0151z\u0151 modell nem ny\u00fajtott el\u00e9g k\u00e9nyelmes utaz\u00e1si \u00e9lm\u00e9nyt, k\u00fcl\u00f6n\u00f6sen rosszabb utakon.<\/p>\n<p>Ami a technikai r\u00e9szleteket illeti: a Captur h\u00e1tul tov\u00e1bbra is torzi\u00f3s r\u00fag\u00f3s felf\u00fcggeszt\u00e9st haszn\u00e1l, el\u00f6l pedig egy egyszer\u0171s\u00edtett MacPherson-rendszert. Ez ut\u00f3bbi azt jelenti, hogy el\u00f6l egy als\u00f3 h\u00e1romsz\u00f6g alak\u00fa leng\u0151kar van, de az oldald\u0151l\u00e9st cs\u00f6kkent\u0151 stabiliz\u00e1torr\u00fad m\u00e1r nincs be\u00e9p\u00edtve. Ez a megold\u00e1s egyszer\u0171, de j\u00f3l bev\u00e1lt. A kerekek m\u00e9rete is megn\u0151tt az el\u0151dh\u00f6z k\u00e9pest, most m\u00e1r 17-t\u0151l eg\u00e9szen 19 colos \u00e1tm\u00e9r\u0151ig v\u00e1laszthat\u00f3k a felnik, ami tov\u00e1bb jav\u00edtja az aut\u00f3 megjelen\u00e9s\u00e9t, \u00e9s kis m\u00e9rt\u00e9kben a menettulajdons\u00e1gokat is befoly\u00e1solhatja.<\/p>\n","protected":false},"excerpt":{"rendered":"<p>Pachmann P\u00e9ter t\u00f6bb mint 28 \u00e9vnyi telev\u00edzi\u00f3s munk\u00e1ss\u00e1g\u00e1ra tekint vissza, amely sor\u00e1n sz\u00e1mtalan riportot, interj\u00fat \u00e9s \u00e9l\u0151 ad\u00e1st vezetett. Nemcsak&#8230; <span class=\"gridview-grid-post-read-more\"><a href=\"https:\/\/matrend.hu\/nekedinfo\/pachmann-peter-28-ev-utan-varatlanul\/\">read more<span class=\"gridview-sr-only\"> Pachmann P\u00e9ter 28 \u00e9v ut\u00e1n v\u00e1ratlanul<\/span><\/a><\/span><\/p>\n","protected":false},"author":1,"featured_media":3426,"comment_status":"open","ping_status":"open","sticky":false,"template":"","format":"standard","meta":{"footnotes":""},"categories":[1],"tags":[],"class_list":["post-3425","post","type-post","status-publish","format-standard","has-post-thumbnail","hentry","category-egyeb","wpcat-1-id"],"_links":{"self":[{"href":"https:\/\/matrend.hu\/nekedinfo\/wp-json\/wp\/v2\/posts\/3425","targetHints":{"allow":["GET"]}}],"collection":[{"href":"https:\/\/matrend.hu\/nekedinfo\/wp-json\/wp\/v2\/posts"}],"about":[{"href":"https:\/\/matrend.hu\/nekedinfo\/wp-json\/wp\/v2\/types\/post"}],"author":[{"embeddable":true,"href":"https:\/\/matrend.hu\/nekedinfo\/wp-json\/wp\/v2\/users\/1"}],"replies":[{"embeddable":true,"href":"https:\/\/matrend.hu\/nekedinfo\/wp-json\/wp\/v2\/comments?post=3425"}],"version-history":[{"count":1,"href":"https:\/\/matrend.hu\/nekedinfo\/wp-json\/wp\/v2\/posts\/3425\/revisions"}],"predecessor-version":[{"id":3427,"href":"https:\/\/matrend.hu\/nekedinfo\/wp-json\/wp\/v2\/posts\/3425\/revisions\/3427"}],"wp:featuredmedia":[{"embeddable":true,"href":"https:\/\/matrend.hu\/nekedinfo\/wp-json\/wp\/v2\/media\/3426"}],"wp:attachment":[{"href":"https:\/\/matrend.hu\/nekedinfo\/wp-json\/wp\/v2\/media?parent=3425"}],"wp:term":[{"taxonomy":"category","embeddable":true,"href":"https:\/\/matrend.hu\/nekedinfo\/wp-json\/wp\/v2\/categories?post=3425"},{"taxonomy":"post_tag","embeddable":true,"href":"https:\/\/matrend.hu\/nekedinfo\/wp-json\/wp\/v2\/tags?post=3425"}],"curies":[{"name":"wp","href":"https:\/\/api.w.org\/{rel}","templated":true}]}}