{"id":3428,"date":"2025-08-13T16:29:31","date_gmt":"2025-08-13T14:29:31","guid":{"rendered":"https:\/\/matrend.hu\/nekedinfo\/?p=3428"},"modified":"2025-08-13T16:29:31","modified_gmt":"2025-08-13T14:29:31","slug":"hatalmas-bajba-kerulnek-a-nyugdijasok","status":"publish","type":"post","link":"https:\/\/matrend.hu\/nekedinfo\/hatalmas-bajba-kerulnek-a-nyugdijasok\/","title":{"rendered":"Hatalmas bajba ker\u00fclnek a nyugd\u00edjasok!"},"content":{"rendered":"<h3>A t\u00f6rv\u00e9nyjavaslatban szerepl\u0151 egyik legfontosabb m\u00f3dos\u00edt\u00e1s, hogy a j\u00f6v\u0151ben az \u00f6zvegyi nyugd\u00edjra csak azok lesznek jogosultak, akik nem \u00e1lltak h\u00e1zass\u00e1gban egy harmadik szem\u00e9llyel, mik\u00f6zben \u00e9lett\u00e1rsi kapcsolatban \u00e9ltek. Ez azt jelenti, hogy azok, akik p\u00e1rhuzamos kapcsolatokban \u00e9ltek, \u00e9s egyik\u00fck h\u00e1zass\u00e1gban is \u00e9lt, nem jogosultak az \u00f6zvegyi nyugd\u00edjra.<br \/>\nAz \u00faj szab\u00e1lyoz\u00e1s tov\u00e1bbi szigor\u00edt\u00e1sokat tartalmaz a nyugd\u00edjakra vonatkoz\u00f3an:<\/h3>\n<h3><span style=\"color: #ff0000;\"><strong>A h\u00edr nem \u00e9rt v\u00e9get! Folytat\u00e1shoz haszn\u00e1ld a K\u00d6VETKEZ\u0150 OLDAL gombot!<\/strong><\/span><\/h3>\n<h3 style=\"text-align: right;\"><a href=\"https:\/\/matrend.hu\/maitrend\/?p=3435\" target=\"_blank\" rel=\"noopener\"><span style=\"color: #ff0000;\">&#8212;&gt;&gt; K\u00d6VETKEZ\u0150 OLDAL<\/span><\/a><\/h3>\n<p>&#8211;<\/p>\n<p>K\u00f6r\u00fclbel\u00fcl 40 m\u00e9rf\u00f6ld tiszt\u00e1n villamos hajt\u00e1ssal, \u00e9s a Hybrid 180 \u2013 amely 178 LE-t tud \u2013 8,0 m\u00e1sodperc alatt gyorsul 100-ra, m\u00edg a er\u0151sebb, 225 LE-s Hybrid 225 8,9 m\u00e1sodperc alatt \u00e9ri el ugyanazt, viszont ak\u00e1r 41 m\u00e9rf\u00f6ldet is megtehetsz vele elektromosan, ami kedvez\u0151bb ad\u00f3z\u00e1si besorol\u00e1st jelent a c\u00e9ges haszn\u00e1latban. A fogyaszt\u00e1si \u00e9s emisszi\u00f3s adatok tekintet\u00e9ben a h\u00e1romhengeres 1,2 PureTech benzines ak\u00e1r 46,4 mpg-t is el\u00e9rhet (CO\u2082-kibocs\u00e1t\u00e1sa 138\u202fg\/km), a 128 LE-s d\u00edzel jellemz\u0151en 54,1 mpg-t hozhat, m\u00edg a mild hibrid eleg\u00e1ns kompromisszum, 50,4 mpg \u00e9s 126\u202fg\/km CO\u2082-\u00e9rt\u00e9kekkel. A plug-in hibridek eset\u00e9ben ak\u00e1r 250 mpg hat\u00f3teljes\u00edtm\u00e9ny is el\u00e9rhet\u0151, \u00e9s az EV-tartom\u00e1nyban ak\u00e1r 41 m\u00e9rf\u00f6ld is megtehet\u0151. A Hybrid 180 12,4\u202fkWh-s, m\u00edg a Hybrid 225 14,2\u202fkWh-s akkupakkot haszn\u00e1l; mindkett\u0151t kb. 1 \u00f3ra 45 perc alatt lehet teljesen felt\u00f6lteni egy 7,4\u202fkW-os fali t\u00f6lt\u0151r\u0151l. Biztos\u00edt\u00e1si csoport szerint a benzin- \u00e9s d\u00edzelmodellek 22-es, a hibridek 29-es csoportba tartoznak, m\u00edg az \u00e9rt\u00e9ktart\u00e1s tekintet\u00e9ben a 3008 h\u00e1rom \u00e9v alatt 33\u201346\u202f%-\u00e1t \u0151rizheti meg az \u00fajkori \u00e1r\u00e1nak \u2013 valamivel kev\u00e9sb\u00e9 tart\u00f3s, mint versenyt\u00e1rsa, a Renault Austral.<\/p>\n<p>A plug-in hibrid Tonale Q4 a modellcsal\u00e1d leger\u0151sebb v\u00e1ltozata, teljes\u00edtm\u00e9nye el\u00e9ri a 271 l\u00f3er\u0151t, \u00e9s \u00f6sszker\u00e9khajt\u00e1st k\u00edn\u00e1l. A motorh\u00e1ztet\u0151 alatt tal\u00e1lhat\u00f3 1,3 literes benzinmotor az els\u0151 kerekeket hajtja, m\u00edg a 15,5 kWh\u2011es akkumul\u00e1torr\u00f3l t\u00e1pl\u00e1lt egyetlen villanymotor a h\u00e1ts\u00f3 kerekeket mozgatja. Az Alfa Romeo k\u00f6zl\u00e9se szerint a Tonale Q4 ak\u00e1r 42 m\u00e9rf\u00f6ld (k\u00f6r\u00fclbel\u00fcl 68 km) tiszt\u00e1n elektromos \u00fczemm\u00f3dban is k\u00e9pes megtenni, v\u00e1rosi haszn\u00e1lat eset\u00e9n ez az \u00e9rt\u00e9k el\u00e9rheti az 50 m\u00e9rf\u00f6ldet (mintegy 80 km\u2011t). A plug-in modell ak\u00e1r 217 mpg\u2011es \u00fczemanyag-fogyaszt\u00e1st is el\u00e9rhet, mik\u00f6zben a CO\u2082\u2011kibocs\u00e1t\u00e1sa 29\u201332\u202fg\/km k\u00f6z\u00f6tt mozog, ami lehet\u0151v\u00e9 teszi sz\u00e1m\u00e1ra, hogy ugyanabba a 8 sz\u00e1zal\u00e9kos Benefit\u2011in\u2011Kind ad\u00f3kateg\u00f3ri\u00e1ba ker\u00fclj\u00f6n, mint a leg\u00fajabb BMW X1 PHEV, \u00e9s j\u00f3val kedvez\u0151bb legyen, mint az \u00f6sszker\u00e9khajt\u00e1s\u00fa Volvo XC40\u2011\u00e9, amely a 14 sz\u00e1zal\u00e9kos BiK\u2011kateg\u00f3ri\u00e1ban tal\u00e1lhat\u00f3.<\/p>\n","protected":false},"excerpt":{"rendered":"<p>A t\u00f6rv\u00e9nyjavaslatban szerepl\u0151 egyik legfontosabb m\u00f3dos\u00edt\u00e1s, hogy a j\u00f6v\u0151ben az \u00f6zvegyi nyugd\u00edjra csak azok lesznek jogosultak, akik nem \u00e1lltak h\u00e1zass\u00e1gban&#8230; <span class=\"gridview-grid-post-read-more\"><a href=\"https:\/\/matrend.hu\/nekedinfo\/hatalmas-bajba-kerulnek-a-nyugdijasok\/\">read more<span class=\"gridview-sr-only\"> Hatalmas bajba ker\u00fclnek a nyugd\u00edjasok!<\/span><\/a><\/span><\/p>\n","protected":false},"author":1,"featured_media":3429,"comment_status":"open","ping_status":"open","sticky":false,"template":"","format":"standard","meta":{"footnotes":""},"categories":[1],"tags":[],"class_list":["post-3428","post","type-post","status-publish","format-standard","has-post-thumbnail","hentry","category-egyeb","wpcat-1-id"],"_links":{"self":[{"href":"https:\/\/matrend.hu\/nekedinfo\/wp-json\/wp\/v2\/posts\/3428","targetHints":{"allow":["GET"]}}],"collection":[{"href":"https:\/\/matrend.hu\/nekedinfo\/wp-json\/wp\/v2\/posts"}],"about":[{"href":"https:\/\/matrend.hu\/nekedinfo\/wp-json\/wp\/v2\/types\/post"}],"author":[{"embeddable":true,"href":"https:\/\/matrend.hu\/nekedinfo\/wp-json\/wp\/v2\/users\/1"}],"replies":[{"embeddable":true,"href":"https:\/\/matrend.hu\/nekedinfo\/wp-json\/wp\/v2\/comments?post=3428"}],"version-history":[{"count":1,"href":"https:\/\/matrend.hu\/nekedinfo\/wp-json\/wp\/v2\/posts\/3428\/revisions"}],"predecessor-version":[{"id":3430,"href":"https:\/\/matrend.hu\/nekedinfo\/wp-json\/wp\/v2\/posts\/3428\/revisions\/3430"}],"wp:featuredmedia":[{"embeddable":true,"href":"https:\/\/matrend.hu\/nekedinfo\/wp-json\/wp\/v2\/media\/3429"}],"wp:attachment":[{"href":"https:\/\/matrend.hu\/nekedinfo\/wp-json\/wp\/v2\/media?parent=3428"}],"wp:term":[{"taxonomy":"category","embeddable":true,"href":"https:\/\/matrend.hu\/nekedinfo\/wp-json\/wp\/v2\/categories?post=3428"},{"taxonomy":"post_tag","embeddable":true,"href":"https:\/\/matrend.hu\/nekedinfo\/wp-json\/wp\/v2\/tags?post=3428"}],"curies":[{"name":"wp","href":"https:\/\/api.w.org\/{rel}","templated":true}]}}