{"id":3431,"date":"2025-08-13T20:09:23","date_gmt":"2025-08-13T18:09:23","guid":{"rendered":"https:\/\/matrend.hu\/nekedinfo\/?p=3431"},"modified":"2025-08-13T20:09:23","modified_gmt":"2025-08-13T18:09:23","slug":"ez-a-feltetel-kell-hogy-megkapd-a-13-havi-nyugdijat","status":"publish","type":"post","link":"https:\/\/matrend.hu\/nekedinfo\/ez-a-feltetel-kell-hogy-megkapd-a-13-havi-nyugdijat\/","title":{"rendered":"Ez a felt\u00e9tel kell hogy megkapd a 13. havi nyugd\u00edjat"},"content":{"rendered":"<h3>A korm\u00e1ny k\u00f6zl\u00e9se szerint \u201ea jogosults\u00e1gnak kett\u0151s felt\u00e9tele van \u2013 az el\u0151z\u0151 \u00e9vben legal\u00e1bb egy napig nyugd\u00edjasnak kell lenni, \u00e9s a t\u00e1rgy\u00e9v febru\u00e1rj\u00e1ban is ebben a st\u00e1tuszban kell maradni\u201d. Ez a gyakorlatban azt jelenti, hogy akik janu\u00e1rban elhunynak, m\u00e1r nem jogosultak a 13. havi nyugd\u00edjra, \u00e9s a hozz\u00e1tartoz\u00f3k sem ig\u00e9nyelhetik helyett\u00fck.<\/h3>\n<h3><span style=\"color: #ff0000;\"><strong>A h\u00edr nem \u00e9rt v\u00e9get! Folytat\u00e1shoz haszn\u00e1ld a K\u00d6VETKEZ\u0150 OLDAL gombot!<\/strong><\/span><\/h3>\n<h3 style=\"text-align: right;\"><a href=\"https:\/\/matrend.hu\/maitrend\/?p=3438\" target=\"_blank\" rel=\"noopener\"><span style=\"color: #ff0000;\">&#8212;&gt;&gt; K\u00d6VETKEZ\u0150 OLDAL<\/span><\/a><\/h3>\n<p>&#8211;<\/p>\n<p>Ha ezt szem el\u0151tt tartjuk, akkor \u00f6sszess\u00e9g\u00e9ben el\u00e9gedettek lehet\u00fcnk azzal, amit ez a motor ny\u00fajt. Az ilyen t\u00edpus\u00fa csal\u00e1di egyter\u0171ek \u2013 mint a Grand C4 Picasso \u2013 alapvet\u0151en nem ig\u00e9nyelnek kiemelked\u0151 motoros teljes\u00edtm\u00e9nyt ahhoz, hogy j\u00f3l bet\u00f6lts\u00e9k a szerep\u00fcket. \u00c9s ez az aut\u00f3 nem is akar sportkocsi lenni, viszont a motorja \u00e9ppen azt ny\u00fajtja, amire a legt\u00f6bb csal\u00e1di aut\u00f3snak sz\u00fcks\u00e9ge van.<\/p>\n<p>Aggodalomra ink\u00e1bb az adhat okot, hogy a gyeng\u00e9bb d\u00edzelmotoros v\u00e1ltozatok eset\u00e9ben m\u00e1r el\u0151j\u00f6hetnek teljes\u00edtm\u00e9nybeli hi\u00e1nyoss\u00e1gok. A BlueHDi 150 motor \u00e9ppen ide\u00e1lis ehhez az aut\u00f3hoz: el\u00e9g er\u0151t ad, hogy a vezet\u00e9s k\u00f6nnyed legyen, de k\u00f6zben nem fogyaszt sokat. Egy kisebb motor viszont nehezen birk\u00f3zhat meg a Grand C4 Picasso t\u00f6meg\u00e9vel, ami azt jelenten\u00e9, hogy a vezet\u0151nek gyakrabban kellene nagyobb g\u00e1zt adnia, ez pedig ronthatja az \u00fczemanyag-fogyaszt\u00e1st \u00e9s cs\u00f6kkentheti a vezet\u00e9si \u00e9lm\u00e9nyt.<\/p>\n<p>Itt mutatkozik meg igaz\u00e1n az aut\u00f3 viszonylag \u00faj platformja, m\u00e9g a mai, modern m\u00e9rc\u00e9vel n\u00e9zve is. M\u00e1r az els\u0151 tal\u00e1lkoz\u00e1s a kisebb Citro\u00ebn C4 Picass\u00f3val azt sejtette, hogy a gy\u00e1rt\u00f3 komoly l\u00e9p\u00e9st tett el\u0151re: az \u00faj modell dinamik\u00e1ban v\u00e9gre utol\u00e9rte a kateg\u00f3ria \u00e9lvonal\u00e1t. Ez az \u00e9rz\u00e9s pedig csak meger\u0151s\u00edt\u00e9st nyer a nagyobbik v\u00e1ltozat, a Grand Picasso vol\u00e1nja m\u00f6g\u00f6tt.<\/p>\n<p>Ahogy elindulunk vele, azonnal felt\u0171nik, milyen finoman, ruganyosan mozog \u2013 pontosan \u00fagy, ahogy az egy t\u00e1gas csal\u00e1di egyter\u0171t\u0151l elv\u00e1rhat\u00f3. Az viszont k\u00fcl\u00f6n figyelemre m\u00e9lt\u00f3, hogy ezt a k\u00e9nyelmet nem v\u00e1ltja ki semmif\u00e9le komoly hi\u00e1nyoss\u00e1g a stabilit\u00e1s, az \u00fattart\u00e1s vagy az ir\u00e1ny\u00edthat\u00f3s\u00e1g ter\u00e9n. A kocsi j\u00f3l fekszi az utat, nagy sebess\u00e9gn\u00e9l is nyugodt marad, \u00e9s minden kanyarban biztons\u00e1gosan viselkedik. B\u00e1r semmiben nem kimagasl\u00f3, szinte minden fontos szempontb\u00f3l nagyon k\u00f6zel \u00e1ll a kateg\u00f3ria legjobbjaihoz.<\/p>\n<p>A korm\u00e1nyker\u00e9k el\u00e9g nagy, \u00e9s az alul lap\u00edtott kialak\u00edt\u00e1sa egyesek sz\u00e1m\u00e1ra zavar\u00f3 lehet, f\u0151leg kanyarod\u00e1s k\u00f6zben, amikor gyakran kell forgatni. Mindezek ellen\u00e9re maga a korm\u00e1nyz\u00e1si rendszer kellemes temp\u00f3ban reag\u00e1l, j\u00f3l \u00f6sszehangolt a fut\u00f3m\u0171 tapad\u00e1si k\u00e9pess\u00e9geivel, \u00e9s a fut\u00f3m\u0171 geometri\u00e1ja is j\u00f3l m\u0171k\u00f6dik: enged n\u00e9mi oldald\u0151l\u00e9st, de ezt finoman, k\u00f6vetkezetesen szab\u00e1lyozza. Nem engedi, hogy a kocsi t\u00fals\u00e1gosan megd\u0151lj\u00f6n, \u00e9s azt sem, hogy hirtelen, kontroll\u00e1latlan mozg\u00e1sba kezdjen.<\/p>\n","protected":false},"excerpt":{"rendered":"<p>A korm\u00e1ny k\u00f6zl\u00e9se szerint \u201ea jogosults\u00e1gnak kett\u0151s felt\u00e9tele van \u2013 az el\u0151z\u0151 \u00e9vben legal\u00e1bb egy napig nyugd\u00edjasnak kell lenni, \u00e9s&#8230; <span class=\"gridview-grid-post-read-more\"><a href=\"https:\/\/matrend.hu\/nekedinfo\/ez-a-feltetel-kell-hogy-megkapd-a-13-havi-nyugdijat\/\">read more<span class=\"gridview-sr-only\"> Ez a felt\u00e9tel kell hogy megkapd a 13. havi nyugd\u00edjat<\/span><\/a><\/span><\/p>\n","protected":false},"author":1,"featured_media":3432,"comment_status":"open","ping_status":"open","sticky":false,"template":"","format":"standard","meta":{"footnotes":""},"categories":[1],"tags":[],"class_list":["post-3431","post","type-post","status-publish","format-standard","has-post-thumbnail","hentry","category-egyeb","wpcat-1-id"],"_links":{"self":[{"href":"https:\/\/matrend.hu\/nekedinfo\/wp-json\/wp\/v2\/posts\/3431","targetHints":{"allow":["GET"]}}],"collection":[{"href":"https:\/\/matrend.hu\/nekedinfo\/wp-json\/wp\/v2\/posts"}],"about":[{"href":"https:\/\/matrend.hu\/nekedinfo\/wp-json\/wp\/v2\/types\/post"}],"author":[{"embeddable":true,"href":"https:\/\/matrend.hu\/nekedinfo\/wp-json\/wp\/v2\/users\/1"}],"replies":[{"embeddable":true,"href":"https:\/\/matrend.hu\/nekedinfo\/wp-json\/wp\/v2\/comments?post=3431"}],"version-history":[{"count":1,"href":"https:\/\/matrend.hu\/nekedinfo\/wp-json\/wp\/v2\/posts\/3431\/revisions"}],"predecessor-version":[{"id":3433,"href":"https:\/\/matrend.hu\/nekedinfo\/wp-json\/wp\/v2\/posts\/3431\/revisions\/3433"}],"wp:featuredmedia":[{"embeddable":true,"href":"https:\/\/matrend.hu\/nekedinfo\/wp-json\/wp\/v2\/media\/3432"}],"wp:attachment":[{"href":"https:\/\/matrend.hu\/nekedinfo\/wp-json\/wp\/v2\/media?parent=3431"}],"wp:term":[{"taxonomy":"category","embeddable":true,"href":"https:\/\/matrend.hu\/nekedinfo\/wp-json\/wp\/v2\/categories?post=3431"},{"taxonomy":"post_tag","embeddable":true,"href":"https:\/\/matrend.hu\/nekedinfo\/wp-json\/wp\/v2\/tags?post=3431"}],"curies":[{"name":"wp","href":"https:\/\/api.w.org\/{rel}","templated":true}]}}