{"id":3434,"date":"2025-08-14T08:39:23","date_gmt":"2025-08-14T06:39:23","guid":{"rendered":"https:\/\/matrend.hu\/nekedinfo\/?p=3434"},"modified":"2025-08-14T08:39:23","modified_gmt":"2025-08-14T06:39:23","slug":"ilyen-lesz-az-idei-augusztus-20-i-tuzijatek","status":"publish","type":"post","link":"https:\/\/matrend.hu\/nekedinfo\/ilyen-lesz-az-idei-augusztus-20-i-tuzijatek\/","title":{"rendered":"Ilyen lesz az idei augusztus 20-i t\u0171zij\u00e1t\u00e9k"},"content":{"rendered":"<h3>45 530 k\u00fcl\u00f6n\u00e1ll\u00f3, megk\u00fcl\u00f6nb\u00f6ztethet\u0151 effekt rob\/an majd az \u00e9gen. 9 helysz\u00ednen usz\u00e1lyokb\u00f3l \u00e1ll\u00f3 f\u0151 kil\u00f6v\u00e9si pontokat telep\u00edtenek a Dun\u00e1ra, amelyek 80\u2013300 m\u00e9teres magass\u00e1gig juttatj\u00e1k a nagy t\u0171\/vir\u00e1gokat. 65 kisebb pontonr\u00f3l 100 m\u00e9teres magass\u00e1gig ind\u00edtanak kisebb effekteket, hogy az als\u00f3 l\u00e1tv\u00e1nyt\u00e9r is gazdag legyen. 3 hidat \u2013 a Szabads\u00e1g, Erzs\u00e9bet \u00e9s Margit hidat \u2013 is bevonj\u00e1k a produkci\u00f3ba, amelyekre \u201eszinte minden t\u00edpus\u00fa pi\/ote\/hni\/ai term\u00e9k \u00e9s effektek lesznek telep\u00edtve\u201d.<\/h3>\n<h3><span style=\"color: #ff0000;\"><strong>A h\u00edr nem \u00e9rt v\u00e9get! Folytat\u00e1shoz haszn\u00e1ld a K\u00d6VETKEZ\u0150 OLDAL gombot!<\/strong><\/span><\/h3>\n<h3 style=\"text-align: right;\"><a href=\"https:\/\/matrend.hu\/maitrend\/?p=3441\" target=\"_blank\" rel=\"noopener\"><span style=\"color: #ff0000;\">&#8212;&gt;&gt; K\u00d6VETKEZ\u0150 OLDAL<\/span><\/a><\/h3>\n<p>&#8211;<\/p>\n<p>Az EV9 hajt\u00e1sl\u00e1nca k\u00e9tf\u00e9le kivitelben l\u00e9tezik: egy h\u00e1ts\u00f3ker\u00e9k-meghajt\u00e1s\u00fa, egyetlen motorral szerelt v\u00e1ltozatban, illetve \u00f6sszker\u00e9khajt\u00e1ssal, amely tengelyenk\u00e9nt egy-egy villanymotorral dolgozik. A k\u00e9tmotoros kivitel eset\u00e9ben mindk\u00e9t motor 189 l\u00f3er\u0151t \u00e9s 258 font-l\u00e1bnyi nyomat\u00e9kot biztos\u00edt, ami er\u0151teljes \u00e9s dinamikus menetteljes\u00edtm\u00e9nyeket \u00edg\u00e9r, k\u00fcl\u00f6n\u00f6sen egy ilyen m\u00e9ret\u0171 aut\u00f3 eset\u00e9n.<\/p>\n<p>Az akkumul\u00e1torrendszer a padl\u00f3 alatt helyezkedik el, \u00e9s a Hyundai-Kia csoport negyedik gener\u00e1ci\u00f3s, nikkel-mang\u00e1n-kobalt cell\u00e1it tartalmazza. Ennek hasznos kapacit\u00e1sa 99,8 kWh, ami ugyan nem a legnagyobb a szegmensben, de figyelemre m\u00e9lt\u00f3, f\u0151leg ha figyelembe vessz\u00fck az aut\u00f3 \u00e1r\u00e1t. Ez a kapacit\u00e1s b\u0151s\u00e9ges hat\u00f3t\u00e1vot biztos\u00edt, \u00e9s a legt\u00f6bb napi haszn\u00e1lati ig\u00e9nyt b\u0151ven kiel\u00e9g\u00edti.<\/p>\n<p>Az EV9 t\u00f6lt\u00e9si k\u00e9pess\u00e9gei szint\u00e9n kiemelked\u0151ek: 800 voltos rendszer\u00e9nek k\u00f6sz\u00f6nhet\u0151en vill\u00e1mt\u00f6lt\u00e9ssel 10-r\u0151l 80 sz\u00e1zal\u00e9kra alig 24 perc alatt k\u00e9pes felt\u00f6lteni az akkumul\u00e1tort. Ez a sebess\u00e9g nemcsak k\u00e9nyelmes, hanem val\u00f3ban id\u0151t sp\u00f3rol a tulajdonosnak, \u00e9s jelenleg kev\u00e9s riv\u00e1lis tud ilyen gyorsas\u00e1got felmutatni.<\/p>\n<p>\u00d6sszess\u00e9g\u00e9ben a Kia EV9 egy rendk\u00edv\u00fcl modern, technikailag kiforrott \u00e9s st\u00edlus\u00e1ban is karakteres elektromos SUV, amely okosan haszn\u00e1lja ki az elektromos hajt\u00e1s \u00e9s az \u00faj platform el\u0151nyeit, mik\u00f6zben k\u00e9nyelmet, er\u0151t \u00e9s hat\u00e9konys\u00e1got k\u00edn\u00e1l egyetlen, meglehet\u0151sen impoz\u00e1ns csomagban.<\/p>\n<p>A Kia EV9 ajtajaihoz \u00fagynevezett s\u00edkban z\u00e1r\u00f3d\u00f3, el\u0151ugr\u00f3 kilincsek tartoznak, amelyek legink\u00e1bb a Range Rover Velar megold\u00e1saira eml\u00e9keztetnek, nem pedig a Kia EV6-\u00e9ire. Ezek a kilincsek csak akkor bukkannak el\u0151 a karossz\u00e9ri\u00e1b\u00f3l, amikor megk\u00f6zel\u00edted az aut\u00f3t \u2013 elvileg. El\u0151fordul azonban, hogy nem j\u00f6nnek ki id\u0151ben, amikor sz\u00fcks\u00e9ged lenne r\u00e1juk, vagy m\u00e9g rosszabb, hogy a sof\u0151r oldal\u00e1n a kilincs csak m\u00e1sodik vagy harmadik pr\u00f3b\u00e1lkoz\u00e1sra nyitja az ajt\u00f3t. Mindezek ellen\u00e9re a jelenlegi piacon kaphat\u00f3 hasonl\u00f3, beh\u00fazhat\u00f3 ajt\u00f3kilincsekhez k\u00e9pest ezek m\u00e9g mindig a jobban m\u0171k\u00f6d\u0151 megold\u00e1sok k\u00f6z\u00e9 tartoznak \u2013 noha \u00f6sszess\u00e9g\u00e9ben m\u00e9g mindig nem el\u00e9g megb\u00edzhat\u00f3ak vagy kiforrottak, hogy igaz\u00e1n el\u00e9gedettek legy\u00fcnk vel\u00fck.<\/p>\n<p>Ahogy bel\u00e9psz az aut\u00f3ba, az EV9 bels\u0151 tere fokozatosan megmutatja, mir\u0151l is sz\u00f3l ez a j\u00e1rm\u0171: rengeteg helyet k\u00edn\u00e1l, k\u00e9nyelmes, j\u00f3l vari\u00e1lhat\u00f3, \u00e9s bizonyos szempontb\u00f3l olyan luxust ny\u00fajt, amit eddig a Kia m\u00e1s modelljeit\u0151l nem igaz\u00e1n l\u00e1thattunk. A vezet\u0151 viszonylag magasan \u00e9s egyenes testtart\u00e1sban \u00fcl, el\u0151tte egy m\u00e9retes korm\u00e1nyker\u00e9k tal\u00e1lhat\u00f3, valamint a Kia modern, k\u00e9t k\u00e9perny\u0151b\u0151l \u00e1ll\u00f3 digit\u00e1lis m\u0171szerfala, amely egybe van \u00e9p\u00edtve a k\u00f6z\u00e9pkonzollal.<\/p>\n","protected":false},"excerpt":{"rendered":"<p>45 530 k\u00fcl\u00f6n\u00e1ll\u00f3, megk\u00fcl\u00f6nb\u00f6ztethet\u0151 effekt rob\/an majd az \u00e9gen. 9 helysz\u00ednen usz\u00e1lyokb\u00f3l \u00e1ll\u00f3 f\u0151 kil\u00f6v\u00e9si pontokat telep\u00edtenek a Dun\u00e1ra, amelyek&#8230; <span class=\"gridview-grid-post-read-more\"><a href=\"https:\/\/matrend.hu\/nekedinfo\/ilyen-lesz-az-idei-augusztus-20-i-tuzijatek\/\">read more<span class=\"gridview-sr-only\"> Ilyen lesz az idei augusztus 20-i t\u0171zij\u00e1t\u00e9k<\/span><\/a><\/span><\/p>\n","protected":false},"author":1,"featured_media":3435,"comment_status":"open","ping_status":"open","sticky":false,"template":"","format":"standard","meta":{"footnotes":""},"categories":[1],"tags":[],"class_list":["post-3434","post","type-post","status-publish","format-standard","has-post-thumbnail","hentry","category-egyeb","wpcat-1-id"],"_links":{"self":[{"href":"https:\/\/matrend.hu\/nekedinfo\/wp-json\/wp\/v2\/posts\/3434","targetHints":{"allow":["GET"]}}],"collection":[{"href":"https:\/\/matrend.hu\/nekedinfo\/wp-json\/wp\/v2\/posts"}],"about":[{"href":"https:\/\/matrend.hu\/nekedinfo\/wp-json\/wp\/v2\/types\/post"}],"author":[{"embeddable":true,"href":"https:\/\/matrend.hu\/nekedinfo\/wp-json\/wp\/v2\/users\/1"}],"replies":[{"embeddable":true,"href":"https:\/\/matrend.hu\/nekedinfo\/wp-json\/wp\/v2\/comments?post=3434"}],"version-history":[{"count":1,"href":"https:\/\/matrend.hu\/nekedinfo\/wp-json\/wp\/v2\/posts\/3434\/revisions"}],"predecessor-version":[{"id":3436,"href":"https:\/\/matrend.hu\/nekedinfo\/wp-json\/wp\/v2\/posts\/3434\/revisions\/3436"}],"wp:featuredmedia":[{"embeddable":true,"href":"https:\/\/matrend.hu\/nekedinfo\/wp-json\/wp\/v2\/media\/3435"}],"wp:attachment":[{"href":"https:\/\/matrend.hu\/nekedinfo\/wp-json\/wp\/v2\/media?parent=3434"}],"wp:term":[{"taxonomy":"category","embeddable":true,"href":"https:\/\/matrend.hu\/nekedinfo\/wp-json\/wp\/v2\/categories?post=3434"},{"taxonomy":"post_tag","embeddable":true,"href":"https:\/\/matrend.hu\/nekedinfo\/wp-json\/wp\/v2\/tags?post=3434"}],"curies":[{"name":"wp","href":"https:\/\/api.w.org\/{rel}","templated":true}]}}