{"id":3437,"date":"2025-08-14T13:26:36","date_gmt":"2025-08-14T11:26:36","guid":{"rendered":"https:\/\/matrend.hu\/nekedinfo\/?p=3437"},"modified":"2025-08-14T13:26:36","modified_gmt":"2025-08-14T11:26:36","slug":"hatalmas-fusttel-egett-a-busz-budapesten","status":"publish","type":"post","link":"https:\/\/matrend.hu\/nekedinfo\/hatalmas-fusttel-egett-a-busz-budapesten\/","title":{"rendered":"Hatalmas f\u00fcsttel \u00e9gett a busz Budapesten"},"content":{"rendered":"<h3>A helysz\u00ednre riasztott f\u0151v\u00e1rosi hivat\u00e1sos t\u0171zolt\u00f3k k\u00e9t v\u00edzsug\u00e1rral oltott\u00e1k el a t\u00fczet, majd megkezdt\u00e9k az ut\u00f3munk\u00e1latokat. A katasztr\u00f3fav\u00e9delem t\u00e1j\u00e9koztat\u00e1sa szerint a beavatkoz\u00e1s idej\u00e9re az \u00e9rintett \u00fatszakaszt teljes sz\u00e9less\u00e9g\u00e9ben lez\u00e1rt\u00e1k. Az esetr\u0151l Szentkir\u00e1lyi Alexandra vi\/e\u00f3t is k\u00f6zz\u00e9tett a oldal\u00e1n, amelyen j\u00f3l l\u00e1that\u00f3, ahogy a busz hatalmas f\u00fcsttel \u00e9g.<\/h3>\n<h3><span style=\"color: #ff0000;\"><strong>A h\u00edr nem \u00e9rt v\u00e9get! Folytat\u00e1shoz haszn\u00e1ld a K\u00d6VETKEZ\u0150 OLDAL gombot!<\/strong><\/span><\/h3>\n<h3 style=\"text-align: right;\"><a href=\"https:\/\/matrend.hu\/maitrend\/?p=3445\" target=\"_blank\" rel=\"noopener\"><span style=\"color: #ff0000;\">&#8212;&gt;&gt; K\u00d6VETKEZ\u0150 OLDAL<\/span><\/a><\/h3>\n<p>&#8211;<\/p>\n<p>A Volvo j\u00f3l ismert Sensus nev\u0171 infotainment rendszere minden XC40-es modellben alapfelszerelts\u00e9g. Ez a rendszer egy 9 h\u00fcvelykes, \u00e1ll\u00f3 t\u00e1jol\u00e1s\u00fa \u00e9rint\u0151k\u00e9perny\u0151n kereszt\u00fcl vez\u00e9relhet\u0151, amely a m\u0171szerfal k\u00f6zep\u00e9n kapott helyet. A k\u00e9perny\u0151r\u0151l lehet ir\u00e1ny\u00edtani szinte mindent: a zenelej\u00e1tsz\u00e1st, a navig\u00e1ci\u00f3t, a f\u0171t\u00e9st, a szell\u0151z\u00e9st, a kl\u00edm\u00e1t, \u00e9s m\u00e9g az aut\u00f3 be\u00e1ll\u00edt\u00e1sait is. A k\u00e9perny\u0151 alatt n\u00e9h\u00e1ny fizikai gomb is tal\u00e1lhat\u00f3, p\u00e9ld\u00e1ul a hanger\u0151 szab\u00e1lyoz\u00e1s\u00e1ra vagy az els\u0151-h\u00e1ts\u00f3 sz\u00e9lv\u00e9d\u0151 f\u0171t\u00e9s\u00e9nek bekapcsol\u00e1s\u00e1ra.<\/p>\n<p>B\u00e1r a kijelz\u0151 el\u00e9g \u00e9les, gyorsan reag\u00e1l, \u00e9s egy id\u0151 ut\u00e1n megszokhat\u00f3, hogy hogyan kell haszn\u00e1lni, az hi\u00e1nyozhat, hogy nincsenek k\u00fcl\u00f6n gombok a kl\u00edmaberendez\u00e9shez. Menet k\u00f6zben p\u00e9ld\u00e1ul zavar\u00f3 lehet, ha a h\u0151m\u00e9rs\u00e9klet \u00e1ll\u00edt\u00e1s\u00e1hoz le kell venni a szem\u00fcnket az \u00fatr\u00f3l, \u00e9s a k\u00e9perny\u0151n matatni kell. Az egyszer\u0171, letisztult bels\u0151 t\u00e9r ugyan j\u00f3l mutat, de n\u00e9ha azt \u00e9rezhetj\u00fck, hogy a formatervez\u00e9s fontosabb volt a haszn\u00e1lhat\u00f3s\u00e1gn\u00e1l \u2013 legal\u00e1bbis addig, am\u00edg teljesen meg nem szokjuk a rendszer m\u0171k\u00f6d\u00e9s\u00e9t.<\/p>\n<p>A helyk\u00edn\u00e1lat viszont meglep\u0151en j\u00f3. Az XC40 tengelyt\u00e1vja (vagyis az els\u0151 \u00e9s h\u00e1ts\u00f3 tengely k\u00f6z\u00f6tti t\u00e1vols\u00e1g) csak 72 millim\u00e9terrel r\u00f6videbb, mint az eggyel nagyobb XC60-\u00e9. Ez azt jelenti, hogy b\u00e1r ez egy kisebb aut\u00f3, a m\u00e9retbeli k\u00fcl\u00f6nbs\u00e9g nem j\u00e1r komoly k\u00e9nyelmi h\u00e1tr\u00e1nnyal. A h\u00e1ts\u00f3 \u00fcl\u00e9seken feln\u0151ttek is k\u00e9nyelmesen elf\u00e9rnek, megfelel\u0151 a l\u00e1bt\u00e9r \u00e9s a fejt\u00e9r is, \u00edgy hosszabb utaz\u00e1sok sem t\u0171nnek elviselhetetlennek.<\/p>\n<p>Egyed\u00fcl az jelenthet n\u00e9mi k\u00e9nyelmetlens\u00e9get, hogy a h\u00e1ts\u00f3 \u00fcl\u00e9sek kialak\u00edt\u00e1sa \u00e9s az \u00fcl\u0151lapok r\u00f6vids\u00e9ge miatt a magasabb feln\u0151tteknek a combjuk nem fekszik fel teljesen az \u00fcl\u00e9sre \u2013 ez hosszabb t\u00e1von k\u00e9nyelmetlen lehet. De mivel az XC40 ink\u00e1bb olyan SUV, amit gyakran gyerekek vagy tin\u00e9dzserek fognak h\u00e1tul haszn\u00e1lni, ezt a probl\u00e9m\u00e1t nem kell t\u00faldramatiz\u00e1lni. Ugyanakkor megjegyezhetj\u00fck, hogy hasonl\u00f3 m\u00e9ret\u0171 m\u00e1s SUV-k h\u00e1ts\u00f3 \u00fcl\u00e9sei n\u00e9ha k\u00e9nyelmesebbek.<\/p>\n","protected":false},"excerpt":{"rendered":"<p>A helysz\u00ednre riasztott f\u0151v\u00e1rosi hivat\u00e1sos t\u0171zolt\u00f3k k\u00e9t v\u00edzsug\u00e1rral oltott\u00e1k el a t\u00fczet, majd megkezdt\u00e9k az ut\u00f3munk\u00e1latokat. A katasztr\u00f3fav\u00e9delem t\u00e1j\u00e9koztat\u00e1sa szerint&#8230; <span class=\"gridview-grid-post-read-more\"><a href=\"https:\/\/matrend.hu\/nekedinfo\/hatalmas-fusttel-egett-a-busz-budapesten\/\">read more<span class=\"gridview-sr-only\"> Hatalmas f\u00fcsttel \u00e9gett a busz Budapesten<\/span><\/a><\/span><\/p>\n","protected":false},"author":1,"featured_media":3438,"comment_status":"open","ping_status":"open","sticky":false,"template":"","format":"standard","meta":{"footnotes":""},"categories":[1],"tags":[],"class_list":["post-3437","post","type-post","status-publish","format-standard","has-post-thumbnail","hentry","category-egyeb","wpcat-1-id"],"_links":{"self":[{"href":"https:\/\/matrend.hu\/nekedinfo\/wp-json\/wp\/v2\/posts\/3437","targetHints":{"allow":["GET"]}}],"collection":[{"href":"https:\/\/matrend.hu\/nekedinfo\/wp-json\/wp\/v2\/posts"}],"about":[{"href":"https:\/\/matrend.hu\/nekedinfo\/wp-json\/wp\/v2\/types\/post"}],"author":[{"embeddable":true,"href":"https:\/\/matrend.hu\/nekedinfo\/wp-json\/wp\/v2\/users\/1"}],"replies":[{"embeddable":true,"href":"https:\/\/matrend.hu\/nekedinfo\/wp-json\/wp\/v2\/comments?post=3437"}],"version-history":[{"count":1,"href":"https:\/\/matrend.hu\/nekedinfo\/wp-json\/wp\/v2\/posts\/3437\/revisions"}],"predecessor-version":[{"id":3439,"href":"https:\/\/matrend.hu\/nekedinfo\/wp-json\/wp\/v2\/posts\/3437\/revisions\/3439"}],"wp:featuredmedia":[{"embeddable":true,"href":"https:\/\/matrend.hu\/nekedinfo\/wp-json\/wp\/v2\/media\/3438"}],"wp:attachment":[{"href":"https:\/\/matrend.hu\/nekedinfo\/wp-json\/wp\/v2\/media?parent=3437"}],"wp:term":[{"taxonomy":"category","embeddable":true,"href":"https:\/\/matrend.hu\/nekedinfo\/wp-json\/wp\/v2\/categories?post=3437"},{"taxonomy":"post_tag","embeddable":true,"href":"https:\/\/matrend.hu\/nekedinfo\/wp-json\/wp\/v2\/tags?post=3437"}],"curies":[{"name":"wp","href":"https:\/\/api.w.org\/{rel}","templated":true}]}}