{"id":3440,"date":"2025-08-14T16:04:59","date_gmt":"2025-08-14T14:04:59","guid":{"rendered":"https:\/\/matrend.hu\/nekedinfo\/?p=3440"},"modified":"2025-08-14T16:04:59","modified_gmt":"2025-08-14T14:04:59","slug":"sirva-jelentette-be-keresztes-ildiko","status":"publish","type":"post","link":"https:\/\/matrend.hu\/nekedinfo\/sirva-jelentette-be-keresztes-ildiko\/","title":{"rendered":"S\u00edrva jelentette be Keresztes Ildik\u00f3"},"content":{"rendered":"<h3>Minden pillanatban felt\u00f6r a gy\u00e1sz Keresztes Ildik\u00f3ban. Keresztes Ildik\u00f3 csup\u00e1n n\u00e9h\u00e1ny hete vesz\u00edtette el \u00e9desanyj\u00e1t. Mindig is nagyon szoros kapcsolata volt any\u00e1nak \u00e9s l\u00e1ny\u00e1nak. \u00c1m utols\u00f3i \u00e9veiben az \u00e9nekesn\u0151 \u00fagy d\u00f6nt\u00f6tt, \u00e9desanyj\u00e1nak egy otthonban lesz a legjobb helye. Ugyanis egyre s\u00falyosabb\u00e1 v\u00e1lt a demenci\u00e1ja, \u00e9s hi\u00e1ba minden er\u0151fesz\u00edt\u00e9s, Ildik\u00f3 \u00fagy \u00e9rezte, nem tud r\u00f3la m\u00e1r megfelel\u0151en gondoskodni.<br \/>\nMAJD EZEN S\u00cdRTA EL MAG\u00c1T A NYILV\u00c1NOSS\u00c1G EL\u0150TT:<\/h3>\n<h3><span style=\"color: #ff0000;\"><strong>A h\u00edr nem \u00e9rt v\u00e9get! Folytat\u00e1shoz haszn\u00e1ld a K\u00d6VETKEZ\u0150 OLDAL gombot!<\/strong><\/span><\/h3>\n<h3 style=\"text-align: right;\"><a href=\"https:\/\/matrend.hu\/maitrend\/?p=3448\" target=\"_blank\" rel=\"noopener\"><span style=\"color: #ff0000;\">&#8212;&gt;&gt; K\u00d6VETKEZ\u0150 OLDAL<\/span><\/a><\/h3>\n<p>&#8211;<\/p>\n<p>Az MG5 250 kilom\u00e9teres hat\u00f3t\u00e1vja \u00e9s z\u00e9r\u00f3 CO2-kibocs\u00e1t\u00e1sa k\u00fcl\u00f6n\u00f6sen vonz\u00f3v\u00e1 teszi az \u00fczleti felhaszn\u00e1l\u00f3k sz\u00e1m\u00e1ra, mivel a c\u00e9gaut\u00f3kra vonatkoz\u00f3 kedvezm\u00e9nyes ad\u00f3kulcs mind\u00f6ssze 2%. A kb. 31 000 fontos kezd\u0151\u00e1r mag\u00e1nv\u00e1s\u00e1rl\u00f3k sz\u00e1m\u00e1ra is versenyk\u00e9pes, k\u00fcl\u00f6n\u00f6sen, ha siker\u00fcl egy kis \u00e1rengedm\u00e9nyt is el\u00e9rni\u00fck.<\/p>\n<p>Az MG5 \u2013 szemben az MG4-gyel \u2013 kiz\u00e1r\u00f3lag egyf\u00e9le, 61,1 kWh-s akkumul\u00e1torral kaphat\u00f3, melyb\u0151l 57,4 kWh hasznos\u00edthat\u00f3. Az SE v\u00e1ltozat elm\u00e9letileg 402 kilom\u00e9teres hat\u00f3t\u00e1vra k\u00e9pes, m\u00edg a Trophy v\u00e1ltozat valamivel kevesebbre, k\u00f6r\u00fclbel\u00fcl 378 kilom\u00e9terre, f\u0151k\u00e9nt a nagyobb felnik \u00e9s a rosszabb l\u00e9gellen\u00e1ll\u00e1s miatt. Tesztjeink sor\u00e1n egy vegyes \u00fatvonalon 3,6 m\u00e9rf\u00f6ld\/kWh \u00e1tlagfogyaszt\u00e1st \u00e9rt\u00fcnk el, ami k\u00f6r\u00fclbel\u00fcl 331 kilom\u00e9teres val\u00f3s hat\u00f3t\u00e1vnak felel meg, m\u00e9g \u00fagy is, hogy h\u0171v\u00f6s id\u0151ben haszn\u00e1ltuk a f\u0171t\u00e9st \u00e9s a f\u0171thet\u0151 \u00fcl\u00e9seket.<\/p>\n<p>Az aut\u00f3 energiafogyaszt\u00e1sa j\u00f3l kisz\u00e1m\u00edthat\u00f3, ami megb\u00edzhat\u00f3v\u00e1 teszi a hat\u00f3t\u00e1v kijelz\u00e9seit. Ugyanakkor a 87 kW-os maxim\u00e1lis t\u00f6lt\u00e9si sebess\u00e9g m\u00e1r kev\u00e9sb\u00e9 leny\u0171g\u00f6z\u0151, f\u0151leg az olyan riv\u00e1lisokhoz k\u00e9pest, mint a Peugeot e-308 SW vagy az MG4, ut\u00f3bbi ak\u00e1r 150 kW-os t\u00f6lt\u00e9st is tud. Ennek ellen\u00e9re az MG5 t\u00f6lt\u00e9se \u00edgy is el\u00e9g gyors ahhoz, hogy 0-r\u00f3l 80%-ra 40 perc alatt felt\u00f6lt\u0151dj\u00f6n. Otthoni, 7 kW-os fali t\u00f6lt\u0151vel k\u00f6r\u00fclbel\u00fcl 10 \u00f3r\u00e1ra van sz\u00fcks\u00e9g a teljes felt\u00f6lt\u00e9shez.<\/p>\n","protected":false},"excerpt":{"rendered":"<p>Minden pillanatban felt\u00f6r a gy\u00e1sz Keresztes Ildik\u00f3ban. Keresztes Ildik\u00f3 csup\u00e1n n\u00e9h\u00e1ny hete vesz\u00edtette el \u00e9desanyj\u00e1t. Mindig is nagyon szoros kapcsolata&#8230; <span class=\"gridview-grid-post-read-more\"><a href=\"https:\/\/matrend.hu\/nekedinfo\/sirva-jelentette-be-keresztes-ildiko\/\">read more<span class=\"gridview-sr-only\"> S\u00edrva jelentette be Keresztes Ildik\u00f3<\/span><\/a><\/span><\/p>\n","protected":false},"author":1,"featured_media":3441,"comment_status":"open","ping_status":"open","sticky":false,"template":"","format":"standard","meta":{"footnotes":""},"categories":[1],"tags":[],"class_list":["post-3440","post","type-post","status-publish","format-standard","has-post-thumbnail","hentry","category-egyeb","wpcat-1-id"],"_links":{"self":[{"href":"https:\/\/matrend.hu\/nekedinfo\/wp-json\/wp\/v2\/posts\/3440","targetHints":{"allow":["GET"]}}],"collection":[{"href":"https:\/\/matrend.hu\/nekedinfo\/wp-json\/wp\/v2\/posts"}],"about":[{"href":"https:\/\/matrend.hu\/nekedinfo\/wp-json\/wp\/v2\/types\/post"}],"author":[{"embeddable":true,"href":"https:\/\/matrend.hu\/nekedinfo\/wp-json\/wp\/v2\/users\/1"}],"replies":[{"embeddable":true,"href":"https:\/\/matrend.hu\/nekedinfo\/wp-json\/wp\/v2\/comments?post=3440"}],"version-history":[{"count":1,"href":"https:\/\/matrend.hu\/nekedinfo\/wp-json\/wp\/v2\/posts\/3440\/revisions"}],"predecessor-version":[{"id":3442,"href":"https:\/\/matrend.hu\/nekedinfo\/wp-json\/wp\/v2\/posts\/3440\/revisions\/3442"}],"wp:featuredmedia":[{"embeddable":true,"href":"https:\/\/matrend.hu\/nekedinfo\/wp-json\/wp\/v2\/media\/3441"}],"wp:attachment":[{"href":"https:\/\/matrend.hu\/nekedinfo\/wp-json\/wp\/v2\/media?parent=3440"}],"wp:term":[{"taxonomy":"category","embeddable":true,"href":"https:\/\/matrend.hu\/nekedinfo\/wp-json\/wp\/v2\/categories?post=3440"},{"taxonomy":"post_tag","embeddable":true,"href":"https:\/\/matrend.hu\/nekedinfo\/wp-json\/wp\/v2\/tags?post=3440"}],"curies":[{"name":"wp","href":"https:\/\/api.w.org\/{rel}","templated":true}]}}