{"id":3443,"date":"2025-08-14T17:03:27","date_gmt":"2025-08-14T15:03:27","guid":{"rendered":"https:\/\/matrend.hu\/nekedinfo\/?p=3443"},"modified":"2025-08-14T17:03:27","modified_gmt":"2025-08-14T15:03:27","slug":"orban-viktor-nem-adhatom-at-a-hatalmat","status":"publish","type":"post","link":"https:\/\/matrend.hu\/nekedinfo\/orban-viktor-nem-adhatom-at-a-hatalmat\/","title":{"rendered":"Orb\u00e1n Viktor: &#8222;Nem adhatom \u00e1t a hatalmat&#8221;"},"content":{"rendered":"<h3>Orb\u00e1n a v\u00e1lasz\u00e1t azzal kezdte, hogy a gazdas\u00e1gi helyzet \u201esajnos, nem t\u00fal f\u00e9nyes\u201d, az infl\u00e1ci\u00f3 a kellet\u00e9n\u00e9l magasabb, de szerinte \u201evannak eredm\u00e9nyek\u201d: p\u00e9ld\u00e1ul \u2013 \u00e1ll\u00edt\u00e1sa szerint \u2013 ott teljes a foglalkoztatotts\u00e1g vagy a vil\u00e1g leger\u0151sebb csal\u00e1dt\u00e1mogat\u00e1si rendszere. A hatalom \u00e1tad\u00e1sa \u00e9s sz\u00f3ba ker\u00fclt:<\/h3>\n<h3><span style=\"color: #ff0000;\"><strong>A h\u00edr nem \u00e9rt v\u00e9get! Folytat\u00e1shoz haszn\u00e1ld a K\u00d6VETKEZ\u0150 OLDAL gombot!<\/strong><\/span><\/h3>\n<h3 style=\"text-align: right;\"><a href=\"https:\/\/matrend.hu\/maitrend\/?p=3451\" target=\"_blank\" rel=\"noopener\"><span style=\"color: #ff0000;\">&#8212;&gt;&gt; K\u00d6VETKEZ\u0150 OLDAL<\/span><\/a><\/h3>\n<p>&#8211;<\/p>\n<p>A vezethet\u0151s\u00e9g \u00e9s a fut\u00f3m\u0171 szempontj\u00e1b\u00f3l a Kia \u00e1ltal elv\u00e9gzett fejleszt\u00e9sek \u00e9rezhet\u0151en jav\u00edtott\u00e1k az \u00e9lm\u00e9nyt. M\u00edg a kor\u00e1bbi modell els\u0151sorban k\u00e9nyelmes, de kiss\u00e9 unalmas volt vezetni, addig az \u00faj Ceed j\u00f3val kiegyens\u00falyozottabb, \u00e9lvezetesebb fut\u00e1sk\u00e9pet mutat. Az aut\u00f3 megfelel\u0151en elnyeli az \u00fathib\u00e1kat, b\u00e1r a nagyobb \u00fategyenetlens\u00e9gek m\u00e9g mindig megzavarj\u00e1k a menetkomfortot \u2013 itt a VW Golf jobb. Kanyarod\u00e1skor a karossz\u00e9riad\u0151l\u00e9s j\u00f3l kontroll\u00e1lt, a korm\u00e1nyz\u00e1s kell\u0151en k\u00f6zvetlen, \u00e9s az \u00fattart\u00e1s is megb\u00edzhat\u00f3.<\/p>\n<p>A GT-Line v\u00e1ltozat eset\u00e9ben azonban t\u00fal feszesre hangolt\u00e1k a fut\u00f3m\u0171vet, ami n\u00e9mileg ellentmond annak, amit az ember egy csal\u00e1di aut\u00f3t\u00f3l v\u00e1rna. B\u00e1r a sportosabb hangol\u00e1s kevesebb karossz\u00e9riad\u0151l\u00e9st eredm\u00e9nyez, az apr\u00f3 \u00fathib\u00e1k \u00e9rezhet\u0151en zavar\u00f3bbak, mint m\u00e1s v\u00e1ltozatok eset\u00e9ben. A Ceed m\u00e9g mindig nem \u00e9ri el a Ford Focus vezethet\u0151s\u00e9gi szintj\u00e9t, de sokkal \u00e9lvezetesebb lett, mint az el\u0151z\u0151 gener\u00e1ci\u00f3.<\/p>\n<p>A v\u00e1lt\u00f3k viszont tov\u00e1bbra is a Ceed egyik gyenge pontjai. A h\u00e9tfokozat\u00fa duplakuplungos automata lassabban reag\u00e1l, mint a DSG v\u00e1lt\u00f3ja, k\u00fcl\u00f6n\u00f6sen indul\u00e1skor \u00e9rz\u00e9kelhet\u0151 k\u00e9sleked\u00e9s. Norm\u00e1l, nyugodt temp\u00f3ban azonban sim\u00e1n v\u00e1lt, \u00e9s a hangol\u00e1sa valamivel jobb, mint a Hyundai i30 azonos rendszer\u00e9\u00e9. A k\u00e9zi v\u00e1lt\u00f3 olcs\u00f3bb \u00e9s \u00edgy logikus v\u00e1laszt\u00e1s lehet, de sajnos nem k\u00fcl\u00f6n\u00f6sebben kifinomult: a motor hajlamos magas fordulaton maradni kuplungol\u00e1s ut\u00e1n, ami neh\u00e9zz\u00e9 teszi a sima elindul\u00e1st. Az aut\u00f3 az aut\u00f3p\u00e1ly\u00e1s haszn\u00e1lat sor\u00e1n mutatja a legjobb arc\u00e1t, ahol az alacsony fordulatsz\u00e1m \u00e9s a kiegyens\u00falyozott rug\u00f3z\u00e1s r\u00e9v\u00e9n komfortosabb az utaz\u00e1s, b\u00e1r az olyan riv\u00e1lisok, mint a Toyota Corolla, jobban szigetelik az utast\u00e9ren bel\u00fcli zajokat, \u00e9s ez\u00e1ltal hosszabb t\u00e1von k\u00e9nyelmesebbek.<\/p>\n","protected":false},"excerpt":{"rendered":"<p>Orb\u00e1n a v\u00e1lasz\u00e1t azzal kezdte, hogy a gazdas\u00e1gi helyzet \u201esajnos, nem t\u00fal f\u00e9nyes\u201d, az infl\u00e1ci\u00f3 a kellet\u00e9n\u00e9l magasabb, de szerinte&#8230; <span class=\"gridview-grid-post-read-more\"><a href=\"https:\/\/matrend.hu\/nekedinfo\/orban-viktor-nem-adhatom-at-a-hatalmat\/\">read more<span class=\"gridview-sr-only\"> Orb\u00e1n Viktor: &#8222;Nem adhatom \u00e1t a hatalmat&#8221;<\/span><\/a><\/span><\/p>\n","protected":false},"author":1,"featured_media":3444,"comment_status":"open","ping_status":"open","sticky":false,"template":"","format":"standard","meta":{"footnotes":""},"categories":[1],"tags":[],"class_list":["post-3443","post","type-post","status-publish","format-standard","has-post-thumbnail","hentry","category-egyeb","wpcat-1-id"],"_links":{"self":[{"href":"https:\/\/matrend.hu\/nekedinfo\/wp-json\/wp\/v2\/posts\/3443","targetHints":{"allow":["GET"]}}],"collection":[{"href":"https:\/\/matrend.hu\/nekedinfo\/wp-json\/wp\/v2\/posts"}],"about":[{"href":"https:\/\/matrend.hu\/nekedinfo\/wp-json\/wp\/v2\/types\/post"}],"author":[{"embeddable":true,"href":"https:\/\/matrend.hu\/nekedinfo\/wp-json\/wp\/v2\/users\/1"}],"replies":[{"embeddable":true,"href":"https:\/\/matrend.hu\/nekedinfo\/wp-json\/wp\/v2\/comments?post=3443"}],"version-history":[{"count":1,"href":"https:\/\/matrend.hu\/nekedinfo\/wp-json\/wp\/v2\/posts\/3443\/revisions"}],"predecessor-version":[{"id":3445,"href":"https:\/\/matrend.hu\/nekedinfo\/wp-json\/wp\/v2\/posts\/3443\/revisions\/3445"}],"wp:featuredmedia":[{"embeddable":true,"href":"https:\/\/matrend.hu\/nekedinfo\/wp-json\/wp\/v2\/media\/3444"}],"wp:attachment":[{"href":"https:\/\/matrend.hu\/nekedinfo\/wp-json\/wp\/v2\/media?parent=3443"}],"wp:term":[{"taxonomy":"category","embeddable":true,"href":"https:\/\/matrend.hu\/nekedinfo\/wp-json\/wp\/v2\/categories?post=3443"},{"taxonomy":"post_tag","embeddable":true,"href":"https:\/\/matrend.hu\/nekedinfo\/wp-json\/wp\/v2\/tags?post=3443"}],"curies":[{"name":"wp","href":"https:\/\/api.w.org\/{rel}","templated":true}]}}