{"id":3446,"date":"2025-08-14T17:35:56","date_gmt":"2025-08-14T15:35:56","guid":{"rendered":"https:\/\/matrend.hu\/nekedinfo\/?p=3446"},"modified":"2025-08-14T17:35:56","modified_gmt":"2025-08-14T15:35:56","slug":"nem-viszi-mar-el-a-vonat-es-a-busz-a-nyugdijasokat","status":"publish","type":"post","link":"https:\/\/matrend.hu\/nekedinfo\/nem-viszi-mar-el-a-vonat-es-a-busz-a-nyugdijasokat\/","title":{"rendered":"Nem viszi m\u00e1r el a Vonat \u00e9s a Busz a nyugd\u00edjasokat!"},"content":{"rendered":"<h3>A buszt\u00e1rsas\u00e1gok \u00e9s a M\u00c1V gyakran m\u00e1r el\u0151v\u00e9telben eladj\u00e1k az \u00f6sszes \u00fcl\u0151helyet \u2013 az online jegyv\u00e1s\u00e1rl\u00e1sok sor\u00e1n a rendszer automatikusan helyjegyet is biztos\u00edt. A helyjeggyel nem rendelkez\u0151 utasokat, p\u00e9ld\u00e1ul a meg\u00e1ll\u00f3ban v\u00e1rakoz\u00f3 nyugd\u00edjasokat, egyszer\u0171en nem engedik felsz\u00e1llni. T\u00f6bb besz\u00e1mol\u00f3 szerint el\u0151fordult, hogy ak\u00e1r 2 \u00f3r\u00e1t is v\u00e1rni kellett a k\u00f6vetkez\u0151 j\u00e1ratra.<br \/>\nA MEGOLD\u00c1S:<\/h3>\n<h3><span style=\"color: #ff0000;\"><strong>A h\u00edr nem \u00e9rt v\u00e9get! Folytat\u00e1shoz haszn\u00e1ld a K\u00d6VETKEZ\u0150 OLDAL gombot!<\/strong><\/span><\/h3>\n<h3 style=\"text-align: right;\"><a href=\"https:\/\/matrend.hu\/maitrend\/?p=3454\" target=\"_blank\" rel=\"noopener\"><span style=\"color: #ff0000;\">&#8212;&gt;&gt; K\u00d6VETKEZ\u0150 OLDAL<\/span><\/a><\/h3>\n<p>&#8211;<\/p>\n<p>A Volvo 2024 elej\u00e9n v\u00e9gleg megsz\u00fcntette d\u00edzelmotoros modelljeinek gy\u00e1rt\u00e1s\u00e1t, \u00edgy az XC60 eset\u00e9ben is teljes m\u00e9rt\u00e9kben kivezett\u00e9k a d\u00edzelv\u00e1ltozatokat. A k\u00edn\u00e1lat jelenleg h\u00e1romf\u00e9le hajt\u00e1sl\u00e1ncra \u00e9p\u00fcl: mild\u2011hybrid benzines (B5), valamint k\u00e9t plug\u2011in hibrid (Recharge T6 \u00e9s T8) rendszerre. Mindegyik v\u00e1ltozat alapja egy 2,0 literes, n\u00e9gyhengeres motor, \u00e9s mindegyik modell alaptartoz\u00e9kk\u00e9nt \u00f6sszker\u00e9khajt\u00e1ssal (AWD) \u00e9rkezik.<\/p>\n<p>A bel\u00e9p\u0151 szint\u0171 B5 mild\u2011hybrid benzinmotor 247 l\u00f3er\u0151t teljes\u00edt, a k\u00f6z\u00e9pkateg\u00f3ri\u00e1s T6 plug-in hibrid 345 l\u00f3er\u0151s, m\u00edg a T8 cs\u00facsv\u00e1ltozat 449 l\u00f3er\u0151t \u00e9s 709 Nm nyomat\u00e9kot k\u00edn\u00e1l. A plug-in hibridek egy 18,8 kWh kapacit\u00e1s\u00fa akkumul\u00e1torral is rendelkeznek, amely v\u00e1rosi k\u00f6rnyezetben lehet\u0151v\u00e9 teszi az elektromos hajt\u00e1s\u00fa k\u00f6zleked\u00e9st, \u00e9s jav\u00edtja a fogyaszt\u00e1si \u00e9rt\u00e9keket.<\/p>\n<p>A felszerelts\u00e9gi szintek h\u00e1rom kateg\u00f3ri\u00e1ba sorolhat\u00f3k: Core (alap), Plus (k\u00f6z\u00e9pszint), \u00e9s Ultimate (cs\u00facs). A B5 minden szinten el\u00e9rhet\u0151, a T6 csak Plus szinten, m\u00edg a T8 kiz\u00e1r\u00f3lag Ultimate csomagban v\u00e1laszthat\u00f3. Az alapfelszerelts\u00e9g is gazdag: t\u00f6bbz\u00f3n\u00e1s kl\u00edma, elektromos csomagt\u00e9rajt\u00f3, vezet\u00e9k n\u00e9lk\u00fcli telefont\u00f6lt\u0151, digit\u00e1lis m\u0171szeregys\u00e9g, Google-alap\u00fa infotainment rendszer 9 h\u00fcvelykes \u00e9rint\u0151k\u00e9perny\u0151vel, Apple CarPlay \u00e9s Android Auto t\u00e1mogat\u00e1s, valamint teljes k\u00f6r\u0171 vezet\u00e9st\u00e1mogat\u00f3 rendszerek.<\/p>\n","protected":false},"excerpt":{"rendered":"<p>A buszt\u00e1rsas\u00e1gok \u00e9s a M\u00c1V gyakran m\u00e1r el\u0151v\u00e9telben eladj\u00e1k az \u00f6sszes \u00fcl\u0151helyet \u2013 az online jegyv\u00e1s\u00e1rl\u00e1sok sor\u00e1n a rendszer automatikusan&#8230; <span class=\"gridview-grid-post-read-more\"><a href=\"https:\/\/matrend.hu\/nekedinfo\/nem-viszi-mar-el-a-vonat-es-a-busz-a-nyugdijasokat\/\">read more<span class=\"gridview-sr-only\"> Nem viszi m\u00e1r el a Vonat \u00e9s a Busz a nyugd\u00edjasokat!<\/span><\/a><\/span><\/p>\n","protected":false},"author":1,"featured_media":3447,"comment_status":"open","ping_status":"open","sticky":false,"template":"","format":"standard","meta":{"footnotes":""},"categories":[1],"tags":[],"class_list":["post-3446","post","type-post","status-publish","format-standard","has-post-thumbnail","hentry","category-egyeb","wpcat-1-id"],"_links":{"self":[{"href":"https:\/\/matrend.hu\/nekedinfo\/wp-json\/wp\/v2\/posts\/3446","targetHints":{"allow":["GET"]}}],"collection":[{"href":"https:\/\/matrend.hu\/nekedinfo\/wp-json\/wp\/v2\/posts"}],"about":[{"href":"https:\/\/matrend.hu\/nekedinfo\/wp-json\/wp\/v2\/types\/post"}],"author":[{"embeddable":true,"href":"https:\/\/matrend.hu\/nekedinfo\/wp-json\/wp\/v2\/users\/1"}],"replies":[{"embeddable":true,"href":"https:\/\/matrend.hu\/nekedinfo\/wp-json\/wp\/v2\/comments?post=3446"}],"version-history":[{"count":2,"href":"https:\/\/matrend.hu\/nekedinfo\/wp-json\/wp\/v2\/posts\/3446\/revisions"}],"predecessor-version":[{"id":3453,"href":"https:\/\/matrend.hu\/nekedinfo\/wp-json\/wp\/v2\/posts\/3446\/revisions\/3453"}],"wp:featuredmedia":[{"embeddable":true,"href":"https:\/\/matrend.hu\/nekedinfo\/wp-json\/wp\/v2\/media\/3447"}],"wp:attachment":[{"href":"https:\/\/matrend.hu\/nekedinfo\/wp-json\/wp\/v2\/media?parent=3446"}],"wp:term":[{"taxonomy":"category","embeddable":true,"href":"https:\/\/matrend.hu\/nekedinfo\/wp-json\/wp\/v2\/categories?post=3446"},{"taxonomy":"post_tag","embeddable":true,"href":"https:\/\/matrend.hu\/nekedinfo\/wp-json\/wp\/v2\/tags?post=3446"}],"curies":[{"name":"wp","href":"https:\/\/api.w.org\/{rel}","templated":true}]}}