{"id":3454,"date":"2025-08-15T13:59:04","date_gmt":"2025-08-15T11:59:04","guid":{"rendered":"https:\/\/matrend.hu\/nekedinfo\/?p=3454"},"modified":"2025-08-15T13:59:04","modified_gmt":"2025-08-15T11:59:04","slug":"magyar-kezbe-kerult-a-parajdi-sobanya","status":"publish","type":"post","link":"https:\/\/matrend.hu\/nekedinfo\/magyar-kezbe-kerult-a-parajdi-sobanya\/","title":{"rendered":"Magyar k\u00e9zbe ker\u00fclt a Parajdi s\u00f3b\u00e1nya"},"content":{"rendered":"<h3>A rom\u00e1n sa\/t\u00f3b\/n m\u00e1ris he\/es reakci\u00f3k jelentek meg, egyes lapok szerint \u201eMagyarorsz\u00e1g kih\/szn\/lja Rom\u00e1nia t\u00e9t\/en\/\u00e9g\u00e9t\u201d, m\u00e1sok pedig st\/at\u00e9\/iai l\u00e9p\u00e9sk\u00e9nt \u00e9rt\u00e9kelik a beruh\u00e1z\u00e1st. Nem v\u00e9letlen a figyelem: a b\u00e1ny\u00e1ban tal\u00e1lhat\u00f3 s\u00f3 99%-os tisztas\u00e1g\u00fa, \u00e9s a k\u00e9szletek becsl\u00e9sek szerint ak\u00e1r \u00e9vsz\u00e1zadokra elegend\u0151k.<\/h3>\n<h3><span style=\"color: #ff0000;\"><strong>A h\u00edr nem \u00e9rt v\u00e9get! Folytat\u00e1shoz haszn\u00e1ld a K\u00d6VETKEZ\u0150 OLDAL gombot!<\/strong><\/span><\/h3>\n<h3 style=\"text-align: right;\"><a href=\"https:\/\/matrend.hu\/maitrend\/?p=3460\" target=\"_blank\" rel=\"noopener\"><span style=\"color: #ff0000;\">&#8212;&gt;&gt; K\u00d6VETKEZ\u0150 OLDAL<\/span><\/a><\/h3>\n<p>&#8211;<\/p>\n<p>A Mifa 9 elektromos aut\u00f3 akkumul\u00e1tora hivatalosan k\u00f6r\u00fclbel\u00fcl 270 m\u00e9rf\u00f6ldes (azaz nagyj\u00e1b\u00f3l 430 kilom\u00e9teres) hat\u00f3t\u00e1vot biztos\u00edt, ami a felszerelts\u00e9gt\u0151l f\u00fcgg\u0151en v\u00e1ltozhat. Ez meglep\u0151 m\u00f3don 60 m\u00e9rf\u00f6lddel hosszabb, mint amit a hasonl\u00f3 kapacit\u00e1s\u00fa (90 kWh) EQV tud, m\u00e9g ha pap\u00edron azonos is az akkumul\u00e1tor m\u00e9rete. K\u00f6zben az ID. Buzz, amely csup\u00e1n egy 77 kWh-s akkuval van felszerelve, szint\u00e9n nem sokkal marad le, viszont az nem k\u00edn\u00e1l harmadik \u00fcl\u00e9ssort. A Lexus LM eset\u00e9ben a hat\u00f3t\u00e1v nem igaz\u00e1n t\u00e9ma, mivel az egy hibrid, de ez a t\u00edpus v\u00e1rosi k\u00f6rnyezetben egyre t\u00f6bb helyen probl\u00e9m\u00e1s lehet a szigorod\u00f3 k\u00e1rosanyag-kibocs\u00e1t\u00e1si szab\u00e1lyok miatt.<\/p>\n<p>A Mifa 9 vezet\u0151je igaz\u00e1n k\u00e9nyelmes helyzetben van, f\u0151leg a pr\u00e9mium felszerelts\u00e9gi szinten. Ilyenkor az \u00fcl\u00e9s t\u00f6bb ir\u00e1nyban elektromosan \u00e1ll\u00edthat\u00f3, van \u00fcl\u00e9sf\u0171t\u00e9s \u00e9s m\u00e9g massz\u00e1zsfunkci\u00f3 is. Ezek a funkci\u00f3k hosszabb utaz\u00e1sok sor\u00e1n k\u00fcl\u00f6n\u00f6sen kellemesek lehetnek.<\/p>\n<p>A h\u00e1ts\u00f3 sorban k\u00e9t k\u00fcl\u00f6n\u00e1ll\u00f3, k\u00e9nyelmes \u201ekapit\u00e1ny\u00fcl\u00e9s\u201d tal\u00e1lhat\u00f3, b\u0151r \u00e9s PVC kombin\u00e1ci\u00f3j\u00e1b\u00f3l k\u00e9sz\u00fclt k\u00e1rpittal, \u00e9s a fejt\u00e1ml\u00e1kon h\u00edmzett &#8222;Mifa 9&#8221; felirattal. Ezek az \u00fcl\u00e9sek m\u00e9g a vezet\u0151\u00e9n\u00e9l is k\u00e9nyelmesebbek lehetnek, hiszen egy kis \u00e9rint\u0151k\u00e9perny\u0151 seg\u00edts\u00e9g\u00e9vel \u00e1ll\u00edthat\u00f3k \u2013 nemcsak el\u0151re-h\u00e1tra, hanem oldalir\u00e1nyban is mozgathat\u00f3k, teljesen h\u00e1trad\u00f6nthet\u0151k, \u00e9s massz\u00e1zsfunkci\u00f3val is rendelkeznek. Emellett ir\u00e1ny\u00edthat\u00f3k rajta az \u00fagynevezett &#8222;bels\u0151 t\u00e9r-szcen\u00e1ri\u00f3k&#8221; is, p\u00e9ld\u00e1ul a &#8222;pihen\u00e9s m\u00f3d&#8221;, ami automatikusan leh\u00fazza a k\u00e9t teljesen nyithat\u00f3 napf\u00e9nytet\u0151 \u00e1rny\u00e9kol\u00f3j\u00e1t, be\u00e1ll\u00edtja a h\u00e1ts\u00f3 kl\u00edm\u00e1t \u00e9s a hangulatvil\u00e1g\u00edt\u00e1st is \u2013 amit k\u00fcl\u00f6nf\u00e9le sz\u00ednekre lehet programozni. Id\u0151be telik, mire valaki kiismeri, pontosan mit jelent egy-egy ilyen szcen\u00e1ri\u00f3, de az \u00f6tlet mindenk\u00e9pp \u00e9rdekes.<\/p>\n<p>Ha a k\u00e9t h\u00e1ts\u00f3 \u00fcl\u00e9s k\u00f6z\u00f6tt els\u00e9t\u00e1lunk, eljutunk a harmadik \u00fcl\u00e9ssorig, ahol h\u00e1rom szem\u00e9ly \u00fclhet. Ezek is k\u00e9nyelmes b\u0151r\u00fcl\u00e9sek, \u00e9s k\u00fcl\u00f6n\u00f6sen az figyelemre m\u00e9lt\u00f3, hogy m\u00e9g egy 175 cm magas feln\u0151ttnek is van el\u00e9g fejt\u00e9r h\u00e1tul, ami nem megszokott ebben a kateg\u00f3ri\u00e1ban.<\/p>\n","protected":false},"excerpt":{"rendered":"<p>A rom\u00e1n sa\/t\u00f3b\/n m\u00e1ris he\/es reakci\u00f3k jelentek meg, egyes lapok szerint \u201eMagyarorsz\u00e1g kih\/szn\/lja Rom\u00e1nia t\u00e9t\/en\/\u00e9g\u00e9t\u201d, m\u00e1sok pedig st\/at\u00e9\/iai l\u00e9p\u00e9sk\u00e9nt \u00e9rt\u00e9kelik&#8230; <span class=\"gridview-grid-post-read-more\"><a href=\"https:\/\/matrend.hu\/nekedinfo\/magyar-kezbe-kerult-a-parajdi-sobanya\/\">read more<span class=\"gridview-sr-only\"> Magyar k\u00e9zbe ker\u00fclt a Parajdi s\u00f3b\u00e1nya<\/span><\/a><\/span><\/p>\n","protected":false},"author":1,"featured_media":3455,"comment_status":"open","ping_status":"open","sticky":false,"template":"","format":"standard","meta":{"footnotes":""},"categories":[1],"tags":[],"class_list":["post-3454","post","type-post","status-publish","format-standard","has-post-thumbnail","hentry","category-egyeb","wpcat-1-id"],"_links":{"self":[{"href":"https:\/\/matrend.hu\/nekedinfo\/wp-json\/wp\/v2\/posts\/3454","targetHints":{"allow":["GET"]}}],"collection":[{"href":"https:\/\/matrend.hu\/nekedinfo\/wp-json\/wp\/v2\/posts"}],"about":[{"href":"https:\/\/matrend.hu\/nekedinfo\/wp-json\/wp\/v2\/types\/post"}],"author":[{"embeddable":true,"href":"https:\/\/matrend.hu\/nekedinfo\/wp-json\/wp\/v2\/users\/1"}],"replies":[{"embeddable":true,"href":"https:\/\/matrend.hu\/nekedinfo\/wp-json\/wp\/v2\/comments?post=3454"}],"version-history":[{"count":1,"href":"https:\/\/matrend.hu\/nekedinfo\/wp-json\/wp\/v2\/posts\/3454\/revisions"}],"predecessor-version":[{"id":3456,"href":"https:\/\/matrend.hu\/nekedinfo\/wp-json\/wp\/v2\/posts\/3454\/revisions\/3456"}],"wp:featuredmedia":[{"embeddable":true,"href":"https:\/\/matrend.hu\/nekedinfo\/wp-json\/wp\/v2\/media\/3455"}],"wp:attachment":[{"href":"https:\/\/matrend.hu\/nekedinfo\/wp-json\/wp\/v2\/media?parent=3454"}],"wp:term":[{"taxonomy":"category","embeddable":true,"href":"https:\/\/matrend.hu\/nekedinfo\/wp-json\/wp\/v2\/categories?post=3454"},{"taxonomy":"post_tag","embeddable":true,"href":"https:\/\/matrend.hu\/nekedinfo\/wp-json\/wp\/v2\/tags?post=3454"}],"curies":[{"name":"wp","href":"https:\/\/api.w.org\/{rel}","templated":true}]}}