{"id":3458,"date":"2025-08-15T15:52:28","date_gmt":"2025-08-15T13:52:28","guid":{"rendered":"https:\/\/matrend.hu\/nekedinfo\/?p=3458"},"modified":"2025-08-15T15:52:28","modified_gmt":"2025-08-15T13:52:28","slug":"botrany-tort-ki-schmuck-andor-temetesen","status":"publish","type":"post","link":"https:\/\/matrend.hu\/nekedinfo\/botrany-tort-ki-schmuck-andor-temetesen\/","title":{"rendered":"Botr\u00e1ny t\u00f6rt ki Schmuck Andor temet\u00e9s\u00e9n!"},"content":{"rendered":"<h3>A nagyszab\u00e1s\u00fa b\u00facs\u00faztat\u00e1s kezdete el\u0151tt a ravataln\u00e1l m\u00e1r minden k\u00e9szen \u00e1llt: a Schmuck Andor kopors\u00f3j\u00e1t k\u00f6r\u00fcl\u00f6lel\u0151 hatalmas vir\u00e1gcsokrok \u00e9s koszor\u00fak illata bet\u00f6lt\u00f6tte a termet. A gy\u00e1szol\u00f3k lassan, m\u00e9lt\u00f3s\u00e1ggal vonultak a kopors\u00f3hoz, hogy egy-egy pillant\u00e1ssal, \u00e9rint\u00e9ssel, vagy n\u00e9m\u00e1n mormolt im\u00e1val vegyenek v\u00e9gs\u0151 b\u00facs\u00fat a szeretett politikust\u00f3l. A Rditen azonban azonnal v\u00e9gigment a h\u00edr, hogy Sch\u00f3bert Norbert irre\u00e1lisan alul\u00f6lt\u00f6z\u00f6tt volt.<br \/>\nMUTATJUK!<\/h3>\n<h3><span style=\"color: #ff0000;\"><strong>A h\u00edr nem \u00e9rt v\u00e9get! Folytat\u00e1shoz haszn\u00e1ld a K\u00d6VETKEZ\u0150 OLDAL gombot!<\/strong><\/span><\/h3>\n<h3 style=\"text-align: right;\"><a href=\"https:\/\/matrend.hu\/maitrend\/?p=3465\" target=\"_blank\" rel=\"noopener\"><span style=\"color: #ff0000;\">&#8212;&gt;&gt; K\u00d6VETKEZ\u0150 OLDAL<\/span><\/a><\/h3>\n<p>&#8211;<\/p>\n<p>A Citro\u00ebn harmadik gener\u00e1ci\u00f3s Berling\u00f3ja m\u00e9g ink\u00e1bb hasonl\u00edt egy szem\u00e9lyaut\u00f3ra mint valaha. A j\u00e1rm\u0171 gyakorlatilag a kor\u00e1bbi Berling\u00f3 \u00e9s az EMP2 platform \u00f6tv\u00f6zete: az el\u0151bbi a h\u00e1ts\u00f3 r\u00e9szt adja, \u00edgy megmarad a t\u00e1gas rakt\u00e9r \u00e9s sz\u00e9les tengelyt\u00e1v, m\u00edg az ut\u00f3bbi a modern technol\u00f3giai alapokat szolg\u00e1ltatja, bele\u00e9rtve a karossz\u00e9ria k\u00f6z\u00e9pr\u00e9sz\u00e9t, a hajt\u00e1sl\u00e1ncot \u00e9s a vezet\u00e9st\u00e1mogat\u00f3 rendszereket. Ez a kombin\u00e1ci\u00f3 jelent\u0151sen jav\u00edtja a menetkomfortot, a bels\u0151 kialak\u00edt\u00e1st \u00e9s a biztons\u00e1gi felszerelts\u00e9get a kor\u00e1bbi v\u00e1ltozathoz k\u00e9pest.<\/p>\n<p>Praktikuss\u00e1g ter\u00e9n a Berlingo mindig is kiemelkedett, \u00e9s ebben a gener\u00e1ci\u00f3ban ez a legjobb form\u00e1j\u00e1t hozza. A dobozszer\u0171 karossz\u00e9ria fantasztikus helyk\u00edn\u00e1latot biztos\u00edt az utasok \u00e9s a csomagok sz\u00e1m\u00e1ra, a m\u00e9ly t\u00e1rol\u00f3rekeszek, az \u00f3ri\u00e1si keszty\u0171tart\u00f3 \u00e9s a t\u00f6bbi \u00f6tletes t\u00e1rol\u00f3hely pedig mind azt mutatj\u00e1k, hogy val\u00f3ban \u00e1tgondolt\u00e1k a bels\u0151 t\u00e9r kialak\u00edt\u00e1s\u00e1t.<\/p>\n<p>K\u00e9t karossz\u00e9ria-v\u00e1ltozat \u00e9rhet\u0151 el: az M alapmodell \u00e9s az XL, amely 35 centivel hosszabb \u2013 b\u0151ven elegend\u0151 helyet k\u00edn\u00e1l harmadik \u00fcl\u00e9ssor be\u00e9p\u00edt\u00e9s\u00e9hez, \u00edgy ak\u00e1r h\u00e9t szem\u00e9ly is k\u00e9nyelmesen utazhat benne. Fontoss\u00e1 v\u00e1lt a felszerelts\u00e9g: a bel\u00e9p\u0151 szintt\u0151l a magasabb, Flair XTR cs\u00facsv\u00e1ltozatig terjed a k\u00edn\u00e1lat, amely mindegyik szinten modern megjelen\u00e9st \u00e9s k\u00e9nyelmi opci\u00f3kat k\u00edn\u00e1l \u2013 p\u00e9ld\u00e1ul nyolc h\u00fcvelykes \u00e9rint\u0151k\u00e9perny\u0151t, Apple CarPlay \u00e9s Android Auto t\u00e1mogat\u00e1st, tolat\u00f3szenzorokat, rengeteg biztons\u00e1gi rendszert, valamint a jellegzetes \u201eairbump\u201d ajt\u00f3v\u00e9d\u0151 elemeket.<\/p>\n","protected":false},"excerpt":{"rendered":"<p>A nagyszab\u00e1s\u00fa b\u00facs\u00faztat\u00e1s kezdete el\u0151tt a ravataln\u00e1l m\u00e1r minden k\u00e9szen \u00e1llt: a Schmuck Andor kopors\u00f3j\u00e1t k\u00f6r\u00fcl\u00f6lel\u0151 hatalmas vir\u00e1gcsokrok \u00e9s koszor\u00fak&#8230; <span class=\"gridview-grid-post-read-more\"><a href=\"https:\/\/matrend.hu\/nekedinfo\/botrany-tort-ki-schmuck-andor-temetesen\/\">read more<span class=\"gridview-sr-only\"> Botr\u00e1ny t\u00f6rt ki Schmuck Andor temet\u00e9s\u00e9n!<\/span><\/a><\/span><\/p>\n","protected":false},"author":1,"featured_media":3459,"comment_status":"open","ping_status":"open","sticky":false,"template":"","format":"standard","meta":{"footnotes":""},"categories":[1],"tags":[],"class_list":["post-3458","post","type-post","status-publish","format-standard","has-post-thumbnail","hentry","category-egyeb","wpcat-1-id"],"_links":{"self":[{"href":"https:\/\/matrend.hu\/nekedinfo\/wp-json\/wp\/v2\/posts\/3458","targetHints":{"allow":["GET"]}}],"collection":[{"href":"https:\/\/matrend.hu\/nekedinfo\/wp-json\/wp\/v2\/posts"}],"about":[{"href":"https:\/\/matrend.hu\/nekedinfo\/wp-json\/wp\/v2\/types\/post"}],"author":[{"embeddable":true,"href":"https:\/\/matrend.hu\/nekedinfo\/wp-json\/wp\/v2\/users\/1"}],"replies":[{"embeddable":true,"href":"https:\/\/matrend.hu\/nekedinfo\/wp-json\/wp\/v2\/comments?post=3458"}],"version-history":[{"count":1,"href":"https:\/\/matrend.hu\/nekedinfo\/wp-json\/wp\/v2\/posts\/3458\/revisions"}],"predecessor-version":[{"id":3460,"href":"https:\/\/matrend.hu\/nekedinfo\/wp-json\/wp\/v2\/posts\/3458\/revisions\/3460"}],"wp:featuredmedia":[{"embeddable":true,"href":"https:\/\/matrend.hu\/nekedinfo\/wp-json\/wp\/v2\/media\/3459"}],"wp:attachment":[{"href":"https:\/\/matrend.hu\/nekedinfo\/wp-json\/wp\/v2\/media?parent=3458"}],"wp:term":[{"taxonomy":"category","embeddable":true,"href":"https:\/\/matrend.hu\/nekedinfo\/wp-json\/wp\/v2\/categories?post=3458"},{"taxonomy":"post_tag","embeddable":true,"href":"https:\/\/matrend.hu\/nekedinfo\/wp-json\/wp\/v2\/tags?post=3458"}],"curies":[{"name":"wp","href":"https:\/\/api.w.org\/{rel}","templated":true}]}}