{"id":3461,"date":"2025-08-15T17:16:29","date_gmt":"2025-08-15T15:16:29","guid":{"rendered":"https:\/\/matrend.hu\/nekedinfo\/?p=3461"},"modified":"2025-08-15T17:16:29","modified_gmt":"2025-08-15T15:16:29","slug":"jakob-zoli-segito-kezet-nyujt-a-nyugdijasoknak","status":"publish","type":"post","link":"https:\/\/matrend.hu\/nekedinfo\/jakob-zoli-segito-kezet-nyujt-a-nyugdijasoknak\/","title":{"rendered":"J\u00e1kob Zoli seg\u00edt\u0151 kezet ny\u00fajt a Nyugd\u00edjasoknak!"},"content":{"rendered":"<h3>Az eset nem egyszeri alkalom: Zoli elmond\u00e1sa szerint havonta tervez hasonl\u00f3 t\u00e1mogat\u00e1sokat, \u00e9s m\u00e1r elind\u00edtott egy alap\u00edtv\u00e1nyt is, amely kifejezetten a magyar nyugd\u00edjasok \u00e9letk\u00f6r\u00fclm\u00e9nyeinek jav\u00edt\u00e1s\u00e1t t\u0171zte ki c\u00e9lul. Az alap\u00edtv\u00e1ny keret\u00e9ben orvosi ell\u00e1t\u00e1shoz, gy\u00f3gyszerekhez \u00e9s rezsit\u00e1mogat\u00e1shoz is hozz\u00e1juthatnak a r\u00e1szorul\u00f3k. &#8211; Der\u00fclt ki egy TTOK-os rajong\u00f3i besz\u00e1mol\u00f3b\u00f3l!<\/h3>\n<h3><span style=\"color: #ff0000;\"><strong>A h\u00edr nem \u00e9rt v\u00e9get! Folytat\u00e1shoz haszn\u00e1ld a K\u00d6VETKEZ\u0150 OLDAL gombot!<\/strong><\/span><\/h3>\n<h3 style=\"text-align: right;\"><a href=\"https:\/\/matrend.hu\/maitrend\/?p=3468\" target=\"_blank\" rel=\"noopener\"><span style=\"color: #ff0000;\">&#8212;&gt;&gt; K\u00d6VETKEZ\u0150 OLDAL<\/span><\/a><\/h3>\n<p>&#8211;<\/p>\n<p>A modell egyik legnagyobb gyenge pontja az el\u00e9rhet\u0151 plug-in hibrid hajt\u00e1sl\u00e1nc, amely sajnos elmarad a mai cs\u00facstechnol\u00f3gi\u00e1s rendszerekt\u0151l. Olyan vet\u00e9lyt\u00e1rsak mellett, mint a X5 xDrive50e, a Range Rover Sport P460e, a GLE400e vagy ak\u00e1r a j\u00f3val kedvez\u0151bb \u00e1r\u00fa Skoda Kodiaq, a Jeep technol\u00f3gi\u00e1ja kiss\u00e9 idej\u00e9tm\u00faltnak hat. A rendszer egy mind\u00f6ssze 15,0 kWh kapacit\u00e1s\u00fa akkumul\u00e1torra \u00e9p\u00fcl, amely 7,2 kW-os teljes\u00edtm\u00e9nnyel t\u00f6lthet\u0151 \u2013 ez m\u00e1r \u00f6nmag\u00e1ban is visszafogott teljes\u00edtm\u00e9ny, de az elektromos hajt\u00e1s hat\u00e9konys\u00e1ga sem emeli az \u00e9lmez\u0151nybe. Az elm\u00e9leti, hivatalos elektromos hat\u00f3t\u00e1v mind\u00f6ssze 30\u201331 m\u00e9rf\u00f6ld, amit a val\u00f3s\u00e1gban nagy val\u00f3sz\u00edn\u0171s\u00e9ggel ritk\u00e1n fogunk el\u00e9rni. Ez nemcsak gyakorlati haszn\u00e1lhat\u00f3s\u00e1g szempontj\u00e1b\u00f3l probl\u00e9ma, de ad\u00f3z\u00e1si vonatkoz\u00e1sai is kedvez\u0151tlenek.<\/p>\n<p>A Grand Cherokee nem tudja teljes\u00edteni a plug-in hibridek sz\u00e1m\u00e1ra kedvez\u0151 ad\u00f3z\u00e1si kateg\u00f3ri\u00e1k egyik alapfelt\u00e9tel\u00e9t sem: a WLTP szabv\u00e1ny szerinti CO\u2082-kibocs\u00e1t\u00e1sa nem marad 50 g\/km alatt, s\u0151t, a 60 g\/km-es \u00e9rt\u00e9ke miatt elesik mindenf\u00e9le ad\u00f3kedvezm\u00e9nyt\u0151l, amely a c\u00e9ges aut\u00f3k\u00e9nt t\u00f6rt\u00e9n\u0151 haszn\u00e1latn\u00e1l komoly t\u00f6bbletk\u00f6lts\u00e9geket eredm\u00e9nyez. Ez f\u0151k\u00e9nt a magas v\u00e9tel\u00e1rakkal egy\u00fctt jelent igazi h\u00e1tr\u00e1nyt.<\/p>\n<p>A felszerelts\u00e9gi szinteket tekintve n\u00e9gy v\u00e1ltozat k\u00f6z\u00fcl v\u00e1laszthatunk: Limited, Trailhawk, Overland \u00e9s a cs\u00facsfelszerelts\u00e9g\u0171 Summit Reserve. B\u00e1r mindegyik v\u00e1ltozat viszonylag j\u00f3l felszerelt, az als\u00f3bb szintek kompromisszumokat k\u00edv\u00e1nnak. A Limited p\u00e9ld\u00e1ul hagyom\u00e1nyos tekercsrug\u00f3s fut\u00f3m\u0171vet \u00e9s m\u0171b\u0151r k\u00e1rpitoz\u00e1st k\u00edn\u00e1l, m\u00edg a Trailhawk els\u0151sorban a terepez\u00e9st helyezi el\u0151t\u00e9rbe, ez\u00e9rt kisebb, 18 colos kerekekkel \u00e9rkezik, \u00e9s olyan extr\u00e1kat kapott, mint az elektronikus z\u00e1r\u00e1s\u00fa h\u00e1ts\u00f3 differenci\u00e1lm\u0171. B\u00e1r ezek terepen j\u00f3l j\u00f6nnek, egy luxus SUV eset\u00e9ben k\u00e9rd\u00e9ses, hogy val\u00f3j\u00e1ban mennyi gyakorlati hasznuk van \u2013 k\u00fcl\u00f6n\u00f6sen \u00fagy, hogy a cs\u00facsmodell, a Summit Reserve is meglep\u0151en j\u00f3l boldogul terepen.<\/p>\n<p>Az Overland v\u00e1ltozat m\u00e1r komolyabb komfortot k\u00edn\u00e1l: napf\u00e9nytet\u0151, head-up display, pr\u00e9mium hangrendszer \u00e9s st\u00edlusosabb k\u00fcls\u0151-bels\u0151 megold\u00e1sok emelik a sz\u00ednvonalat. A Summit Reserve pedig val\u00f3di luxus\u00e9lm\u00e9nyt ny\u00fajt: k\u00e9tt\u00f3nus\u00fa f\u00e9nyez\u00e9s, 21 colos k\u00f6nny\u0171f\u00e9m ker\u00e9kt\u00e1rcs\u00e1k, teljes b\u0151rk\u00e1rpit \u00fcl\u00e9sf\u0171t\u00e9ssel \u00e9s -szell\u0151ztet\u00e9ssel el\u00f6l-h\u00e1tul, \u00e9jjell\u00e1t\u00f3 kamera, k\u00fcl\u00f6n kijelz\u0151 az utas\u00fcl\u00e9s el\u0151tt \u00e9s di\u00f3fa dekorbet\u00e9tek gondoskodnak a klasszikus amerikai hangulatr\u00f3l.<\/p>\n","protected":false},"excerpt":{"rendered":"<p>Az eset nem egyszeri alkalom: Zoli elmond\u00e1sa szerint havonta tervez hasonl\u00f3 t\u00e1mogat\u00e1sokat, \u00e9s m\u00e1r elind\u00edtott egy alap\u00edtv\u00e1nyt is, amely kifejezetten&#8230; <span class=\"gridview-grid-post-read-more\"><a href=\"https:\/\/matrend.hu\/nekedinfo\/jakob-zoli-segito-kezet-nyujt-a-nyugdijasoknak\/\">read more<span class=\"gridview-sr-only\"> J\u00e1kob Zoli seg\u00edt\u0151 kezet ny\u00fajt a Nyugd\u00edjasoknak!<\/span><\/a><\/span><\/p>\n","protected":false},"author":1,"featured_media":3462,"comment_status":"open","ping_status":"open","sticky":false,"template":"","format":"standard","meta":{"footnotes":""},"categories":[1],"tags":[],"class_list":["post-3461","post","type-post","status-publish","format-standard","has-post-thumbnail","hentry","category-egyeb","wpcat-1-id"],"_links":{"self":[{"href":"https:\/\/matrend.hu\/nekedinfo\/wp-json\/wp\/v2\/posts\/3461","targetHints":{"allow":["GET"]}}],"collection":[{"href":"https:\/\/matrend.hu\/nekedinfo\/wp-json\/wp\/v2\/posts"}],"about":[{"href":"https:\/\/matrend.hu\/nekedinfo\/wp-json\/wp\/v2\/types\/post"}],"author":[{"embeddable":true,"href":"https:\/\/matrend.hu\/nekedinfo\/wp-json\/wp\/v2\/users\/1"}],"replies":[{"embeddable":true,"href":"https:\/\/matrend.hu\/nekedinfo\/wp-json\/wp\/v2\/comments?post=3461"}],"version-history":[{"count":1,"href":"https:\/\/matrend.hu\/nekedinfo\/wp-json\/wp\/v2\/posts\/3461\/revisions"}],"predecessor-version":[{"id":3463,"href":"https:\/\/matrend.hu\/nekedinfo\/wp-json\/wp\/v2\/posts\/3461\/revisions\/3463"}],"wp:featuredmedia":[{"embeddable":true,"href":"https:\/\/matrend.hu\/nekedinfo\/wp-json\/wp\/v2\/media\/3462"}],"wp:attachment":[{"href":"https:\/\/matrend.hu\/nekedinfo\/wp-json\/wp\/v2\/media?parent=3461"}],"wp:term":[{"taxonomy":"category","embeddable":true,"href":"https:\/\/matrend.hu\/nekedinfo\/wp-json\/wp\/v2\/categories?post=3461"},{"taxonomy":"post_tag","embeddable":true,"href":"https:\/\/matrend.hu\/nekedinfo\/wp-json\/wp\/v2\/tags?post=3461"}],"curies":[{"name":"wp","href":"https:\/\/api.w.org\/{rel}","templated":true}]}}