{"id":3464,"date":"2025-08-15T18:06:47","date_gmt":"2025-08-15T16:06:47","guid":{"rendered":"https:\/\/matrend.hu\/nekedinfo\/?p=3464"},"modified":"2025-08-15T18:06:47","modified_gmt":"2025-08-15T16:06:47","slug":"oriasi-baki-a-szerencsekerekben","status":"publish","type":"post","link":"https:\/\/matrend.hu\/nekedinfo\/oriasi-baki-a-szerencsekerekben\/","title":{"rendered":"\u00d3ri\u00e1si baki a Szerencseker\u00e9kben!"},"content":{"rendered":"<h3>Ez\u00fattal Kasza Tibi a vend\u00e9gei nev\u00e9t keverte \u00f6ssze, pedig \u00f6sszesen ketten voltak: Dani \u00e9s Valter. A m\u0171sorvezet\u0151 szok\u00e1s szerint egyenk\u00e9nt akarta bemutatni a j\u00e1t\u00e9kosokat, \u00e1m Valtert kap\u00e1sb\u00f3l Daninak sz\u00f3l\u00edtotta. N\u00e9h\u00e1ny m\u00e1sodperc telt csak el, mire mindenkinek leesett, hogy bizony Valterhez besz\u00e9l. Ekkor hatalmas nevet\u00e9s t\u00f6rt ki, \u0151 pedig zavar\u00e1ban ide-oda s\u00e9t\u00e1lgatott a st\u00fadi\u00f3ban.<br \/>\nEKKOR J\u00d6TT A MEGLEP\u0150 FORDULAT!<\/h3>\n<h3><span style=\"color: #ff0000;\"><strong>A h\u00edr nem \u00e9rt v\u00e9get! Folytat\u00e1shoz haszn\u00e1ld a K\u00d6VETKEZ\u0150 OLDAL gombot!<\/strong><\/span><\/h3>\n<h3 style=\"text-align: right;\"><a href=\"https:\/\/matrend.hu\/maitrend\/?p=3471\" target=\"_blank\" rel=\"noopener\"><span style=\"color: #ff0000;\">&#8212;&gt;&gt; K\u00d6VETKEZ\u0150 OLDAL<\/span><\/a><\/h3>\n<p>&#8211;<\/p>\n<p>Jelenleg \u00f6t felszerelts\u00e9gi szint k\u00f6z\u00fcl v\u00e1laszthatnak a v\u00e1s\u00e1rl\u00f3k: a sportos Performance Line \u00e9s Performance Line+ v\u00e1ltozatok nyitj\u00e1k a sort, ezeket k\u00f6veti a f\u00e9ny\u0171z\u0151bb Rivoli, Opera \u00e9s La Premiere kivitel. Ut\u00f3bbi kiz\u00e1r\u00f3lag az E-Tense 360 hajt\u00e1sl\u00e1nccal \u00e9rhet\u0151 el. A bel\u00e9p\u0151 szint m\u00e1r 19 colos k\u00f6nny\u0171f\u00e9m kerekekkel, kulcsn\u00e9lk\u00fcli nyit\u00e1ssal \u00e9s ind\u00edt\u00e1ssal, DS Iris infotainment rendszerrel, Apple CarPlay \u00e9s Android Auto kompatibilit\u00e1ssal, valamint fekete Alcantara \u00e9s vinyl k\u00e1rpitoz\u00e1ssal \u00e9rkezik. A Performance Line+ ehhez hozz\u00e1adja a tet\u0151s\u00edneket, tolat\u00f3kamer\u00e1t, parkol\u00f3radart, f\u0171thet\u0151 \u00fcl\u00e9seket \u00e9s sz\u00e9lv\u00e9d\u0151t. A Rivoli kivitelhez fekete b\u0151rk\u00e1rpit, massz\u00e1zsfunkci\u00f3s els\u0151 \u00fcl\u00e9sek \u00e9s a k\u00fcl\u00f6nleges \u201eB.R.M R180\u201d \u00f3ra is t\u00e1rsul, m\u00edg az Opera m\u00e1r panor\u00e1matet\u0151t, adapt\u00edv tempomatot, elektromos csomagt\u00e9rajt\u00f3t, vezet\u00e9k n\u00e9lk\u00fcli telefont\u00f6lt\u0151t \u00e9s plusz USB-csatlakoz\u00f3kat k\u00edn\u00e1l. A La Premiere a cs\u00facsv\u00e1ltozat: 21 colos kerekek, Focal Electra hangrendszer, 360 fokos kamerarendszer, \u00e9jjell\u00e1t\u00f3 \u00e9s \u00e9rint\u00e9s n\u00e9lk\u00fcli csomagt\u00e9rajt\u00f3-nyit\u00e1s is j\u00e1r hozz\u00e1, de \u00e1ra m\u00e1r 63 ezer font k\u00f6r\u00fcl mozog.<\/p>\n<p>A DS 7 c\u00e9lja nem a sportos vezet\u00e9s, sokkal ink\u00e1bb a k\u00e9nyelmes utaz\u00e1s, \u00e1m ezt csak r\u00e9szben siker\u00fcl megval\u00f3s\u00edtania. Az aut\u00f3 rug\u00f3z\u00e1sa helyenk\u00e9nt egyenetlen, f\u0151leg alacsony temp\u00f3n\u00e1l hajlamos pattogni az \u00fathib\u00e1kon, \u00e9s csak a \u201eComfort\u201d m\u00f3d aktiv\u00e1l\u00e1s\u00e1val haszn\u00e1lhat\u00f3 ki az Active Scan Suspension k\u00e9pess\u00e9ge. Ebben az \u00fczemm\u00f3dban val\u00f3ban k\u00e9nyelmesebb\u00e9 v\u00e1lik az utaz\u00e1s, k\u00fcl\u00f6n\u00f6sen 30\u201340 km\/h-s sebess\u00e9gn\u00e9l. Sport m\u00f3dba kapcsolva azonban a DS 7 kev\u00e9ss\u00e9 magabiztos: a korm\u00e1nyz\u00e1s k\u00f6nny\u0171 \u00e9s visszajelz\u00e9s n\u00e9lk\u00fcli, a karossz\u00e9ria pedig t\u00fals\u00e1gosan megd\u0151l, a mesters\u00e9ges motorhang pedig zavar\u00f3v\u00e1 v\u00e1lhat.<\/p>\n","protected":false},"excerpt":{"rendered":"<p>Ez\u00fattal Kasza Tibi a vend\u00e9gei nev\u00e9t keverte \u00f6ssze, pedig \u00f6sszesen ketten voltak: Dani \u00e9s Valter. A m\u0171sorvezet\u0151 szok\u00e1s szerint egyenk\u00e9nt&#8230; <span class=\"gridview-grid-post-read-more\"><a href=\"https:\/\/matrend.hu\/nekedinfo\/oriasi-baki-a-szerencsekerekben\/\">read more<span class=\"gridview-sr-only\"> \u00d3ri\u00e1si baki a Szerencseker\u00e9kben!<\/span><\/a><\/span><\/p>\n","protected":false},"author":1,"featured_media":3465,"comment_status":"open","ping_status":"open","sticky":false,"template":"","format":"standard","meta":{"footnotes":""},"categories":[1],"tags":[],"class_list":["post-3464","post","type-post","status-publish","format-standard","has-post-thumbnail","hentry","category-egyeb","wpcat-1-id"],"_links":{"self":[{"href":"https:\/\/matrend.hu\/nekedinfo\/wp-json\/wp\/v2\/posts\/3464","targetHints":{"allow":["GET"]}}],"collection":[{"href":"https:\/\/matrend.hu\/nekedinfo\/wp-json\/wp\/v2\/posts"}],"about":[{"href":"https:\/\/matrend.hu\/nekedinfo\/wp-json\/wp\/v2\/types\/post"}],"author":[{"embeddable":true,"href":"https:\/\/matrend.hu\/nekedinfo\/wp-json\/wp\/v2\/users\/1"}],"replies":[{"embeddable":true,"href":"https:\/\/matrend.hu\/nekedinfo\/wp-json\/wp\/v2\/comments?post=3464"}],"version-history":[{"count":1,"href":"https:\/\/matrend.hu\/nekedinfo\/wp-json\/wp\/v2\/posts\/3464\/revisions"}],"predecessor-version":[{"id":3466,"href":"https:\/\/matrend.hu\/nekedinfo\/wp-json\/wp\/v2\/posts\/3464\/revisions\/3466"}],"wp:featuredmedia":[{"embeddable":true,"href":"https:\/\/matrend.hu\/nekedinfo\/wp-json\/wp\/v2\/media\/3465"}],"wp:attachment":[{"href":"https:\/\/matrend.hu\/nekedinfo\/wp-json\/wp\/v2\/media?parent=3464"}],"wp:term":[{"taxonomy":"category","embeddable":true,"href":"https:\/\/matrend.hu\/nekedinfo\/wp-json\/wp\/v2\/categories?post=3464"},{"taxonomy":"post_tag","embeddable":true,"href":"https:\/\/matrend.hu\/nekedinfo\/wp-json\/wp\/v2\/tags?post=3464"}],"curies":[{"name":"wp","href":"https:\/\/api.w.org\/{rel}","templated":true}]}}