{"id":3477,"date":"2025-08-16T20:23:28","date_gmt":"2025-08-16T18:23:28","guid":{"rendered":"https:\/\/matrend.hu\/nekedinfo\/?p=3477"},"modified":"2025-08-16T20:23:28","modified_gmt":"2025-08-16T18:23:28","slug":"lemondott-magyar-hatalmas-a-drama","status":"publish","type":"post","link":"https:\/\/matrend.hu\/nekedinfo\/lemondott-magyar-hatalmas-a-drama\/","title":{"rendered":"Lemondott Magyar hatalmas a dr\u00e1ma!"},"content":{"rendered":"<h3>\u00c1tgondolva felmen\u0151im, M\u00e1dl Ferenc \u00e9s Er\u0151ss P\u00e1l szavait er\/\u00f6lc\/r\u0151l, felel\u0151ss\u00e9gr\u0151l, a\/\u00e1z\/tr\u00f3l, bizalomr\u00f3l, illetve p\u00e9ldak\u00e9nt eml\u00edtve volt feles\u00e9gem Varga Judit \u00e9s Nov\u00e1k Katalin b\u00e1tor, karak\u00e1n felel\u0151ss\u00e9gv\u00e1llal\u00e1s\u00e1t \u00e9s lemond\u00e1s\u00e1t, \u00e9n is hasonl\u00f3an teszek. Egy f\/r\/i mutasson p\u00e9ld\u00e1t a j\u00f6v\u0151 nemzed\u00e9k\u00e9nek is!<\/h3>\n<h3><span style=\"color: #ff0000;\"><strong>A h\u00edr nem \u00e9rt v\u00e9get! Folytat\u00e1shoz haszn\u00e1ld a K\u00d6VETKEZ\u0150 OLDAL gombot!<\/strong><\/span><\/h3>\n<h3 style=\"text-align: right;\"><a href=\"https:\/\/matrend.hu\/maitrend\/?p=3483\" target=\"_blank\" rel=\"noopener\"><span style=\"color: #ff0000;\">&#8212;&gt;&gt; K\u00d6VETKEZ\u0150 OLDAL<\/span><\/a><\/h3>\n<p>&#8211;<\/p>\n<p>A rug\u00f3z\u00e1si komfort tekintet\u00e9ben pozit\u00edvabb benyom\u00e1st tett r\u00e1nk az olasz utakon kipr\u00f3b\u00e1lt, passz\u00edv leng\u00e9scsillap\u00edt\u00f3kkal felszerelt enyhe hibrid Tonale. Ez a v\u00e1ltozat j\u00f3l kezelte az egyenetlen aszfaltot, \u00e9s nem \u00fct\u00f6tt fel zavar\u00f3an, m\u00e9g rosszabb \u00fatszakaszokon sem. Ezzel szemben a nehezebb plug-in hibrid v\u00e1ltozat a brit vid\u00e9ki utakon m\u00e1r j\u00f3val kev\u00e9sb\u00e9 volt meggy\u0151z\u0151. Itt nehezen tal\u00e1lta meg az egyens\u00falyt a karossz\u00e9riamozg\u00e1sok kontroll\u00e1l\u00e1sa \u00e9s a k\u00e9nyelmes rug\u00f3z\u00e1s k\u00f6z\u00f6tt. A kapcsolhat\u00f3 leng\u00e9scsillap\u00edt\u00f3k sem seg\u00edtettek ezen \u2013 az egyik be\u00e1ll\u00edt\u00e1s t\u00fal l\u00e1gy, m\u00edg a m\u00e1sik valamelyest feszesebb ugyan, de ez sem hozott \u00e9rezhet\u0151 javul\u00e1st a stabilit\u00e1s vagy \u00f6sszhang ter\u00e9n.<\/p>\n<p>B\u00e1r a Tonale kanyarban val\u00f3ban agilisebb, mint az \u00e1tlagos kompakt SUV, az Alfa Romeo ikonikus modelljeit\u0151l \u2013 p\u00e9ld\u00e1ul a Giulia szed\u00e1n g\u00f6rd\u00fcl\u00e9keny, prec\u00edz fut\u00f3m\u0171v\u00e9t\u0151l \u2013 m\u00e9g mindig t\u00e1vol \u00e1ll. Minden igyekezet ellen\u00e9re a Tonale ink\u00e1bb pr\u00f3b\u00e1l \u201eAlfa\u201d lenni, mintsem val\u00f3ban az is lenne. Ez nem jelenti azt, hogy rossz aut\u00f3 \u2013 csup\u00e1n azt, hogy a m\u00e1rka sportos \u00f6r\u00f6ks\u00e9ge \u00e9s \u00edg\u00e9retei ellen\u00e9re a vezet\u00e9si \u00e9lm\u00e9ny nem minden esetben v\u00e1ltja be marad\u00e9ktalanul a hozz\u00e1 f\u0171z\u00f6tt rem\u00e9nyeket.<\/p>\n<p>Az elektromos v\u00e1ltozatot legink\u00e1bb azonnal felismerhetj\u00fck a bels\u0151 \u00e9g\u00e9s\u0171 motoros testv\u00e9rmodellhez k\u00e9pest a sokkal futurisztikusabbra form\u00e1lt orr-r\u00e9sz\u00e9r\u0151l, amely szak\u00edt a benzines v\u00e1ltozat mark\u00e1ns, kiss\u00e9 morcos \u201eneh\u00e9zs\u00faly\u00fa\u201d megjelen\u00e9s\u00e9vel. E helyett letisztultabb, eleg\u00e1nsabb kialak\u00edt\u00e1st kapott, amelynek koron\u00e1ja a l\u00e1tv\u00e1nyos, hat ny\u00edl\u00e1sos, megvil\u00e1g\u00edtott h\u0171t\u0151r\u00e1cs \u2013 ez vizu\u00e1lisan egy\u00e9rtelm\u0171en elv\u00e1lasztja a k\u00e9t verzi\u00f3t egym\u00e1st\u00f3l. Ez a diz\u00e1jnelem nem csup\u00e1n eszt\u00e9tikai fog\u00e1s: ha a KGM val\u00f3ban \u00fajra szeretn\u00e9 pozicion\u00e1lni m\u00e1rk\u00e1j\u00e1t, elengedhetetlen, hogy modelljei \u00e9jszaka is ugyanolyan karakteresen felismerhet\u0151k legyenek, mint nappali f\u00e9nyben.<\/p>\n<p>Az elektromos Torres j\u00f3val kev\u00e9sb\u00e9 t\u00e1maszkodik a benzines v\u00e1ltozat \u201ekalandv\u00e1gy\u00f3\u201d karakter\u00e9re, val\u00f3sz\u00edn\u0171leg felismerve, hogy az els\u0151ker\u00e9k-meghajt\u00e1s\u00fa elektromos crossoverek v\u00e1s\u00e1rl\u00f3i ritk\u00e1n keresik a s\u00e1rt\u00f3l hemzseg\u0151 terepeket. Ezt t\u00fckr\u00f6zi az is, hogy elt\u0171ntek r\u00f3la az olyan \u00e1l-terepes d\u00edsz\u00edt\u0151elemek, mint a massz\u00edv von\u00f3szemet ut\u00e1nz\u00f3 orrd\u00edsz vagy az er\u0151teljes hasp\u00e1nc\u00e9lt imit\u00e1l\u00f3 els\u0151 l\u00f6kh\u00e1r\u00edt\u00f3. Ugyanakkor a l\u00e1tv\u00e1nyos, vastag tet\u0151s\u00ednek, a d\u00edszletk\u00e9nt szolg\u00e1l\u00f3 h\u00e1ts\u00f3 \u201ep\u00f3tker\u00e9ktart\u00f3\u201d \u00e9s az \u00e1lk\u00f6t\u00f6z\u0151 f\u00fclek tov\u00e1bbra is megmaradtak \u2013 ezek ink\u00e1bb vizu\u00e1lis hat\u00e1st keltenek, mintsem val\u00f3di funkci\u00f3t t\u00f6lten\u00e9nek be.<\/p>\n<p>A versenyt\u00e1rsak k\u00f6z\u00f6tt a Torres EVX kifejezetten karakteres \u00e9s tetszet\u0151s jelens\u00e9g, \u00e9les vonalaival \u00e9s hat\u00e1rozott ar\u00e1nyaival szembet\u0171n\u0151en elt\u00e9r sok m\u00e1s elektromos crossover g\u00f6mb\u00f6lyded, n\u00e9vtelen megjelen\u00e9s\u00e9t\u0151l. Ez a formai mark\u00e1nss\u00e1g egyfajta \u201efelsz\u00edni preszt\u00edzst\u201d k\u00f6lcs\u00f6n\u00f6z az aut\u00f3nak \u2013 m\u00e9g ha nem is minden elem eredeti.<\/p>\n","protected":false},"excerpt":{"rendered":"<p>\u00c1tgondolva felmen\u0151im, M\u00e1dl Ferenc \u00e9s Er\u0151ss P\u00e1l szavait er\/\u00f6lc\/r\u0151l, felel\u0151ss\u00e9gr\u0151l, a\/\u00e1z\/tr\u00f3l, bizalomr\u00f3l, illetve p\u00e9ldak\u00e9nt eml\u00edtve volt feles\u00e9gem Varga Judit \u00e9s&#8230; <span class=\"gridview-grid-post-read-more\"><a href=\"https:\/\/matrend.hu\/nekedinfo\/lemondott-magyar-hatalmas-a-drama\/\">read more<span class=\"gridview-sr-only\"> Lemondott Magyar hatalmas a dr\u00e1ma!<\/span><\/a><\/span><\/p>\n","protected":false},"author":1,"featured_media":3478,"comment_status":"open","ping_status":"open","sticky":false,"template":"","format":"standard","meta":{"footnotes":""},"categories":[1],"tags":[],"class_list":["post-3477","post","type-post","status-publish","format-standard","has-post-thumbnail","hentry","category-egyeb","wpcat-1-id"],"_links":{"self":[{"href":"https:\/\/matrend.hu\/nekedinfo\/wp-json\/wp\/v2\/posts\/3477","targetHints":{"allow":["GET"]}}],"collection":[{"href":"https:\/\/matrend.hu\/nekedinfo\/wp-json\/wp\/v2\/posts"}],"about":[{"href":"https:\/\/matrend.hu\/nekedinfo\/wp-json\/wp\/v2\/types\/post"}],"author":[{"embeddable":true,"href":"https:\/\/matrend.hu\/nekedinfo\/wp-json\/wp\/v2\/users\/1"}],"replies":[{"embeddable":true,"href":"https:\/\/matrend.hu\/nekedinfo\/wp-json\/wp\/v2\/comments?post=3477"}],"version-history":[{"count":1,"href":"https:\/\/matrend.hu\/nekedinfo\/wp-json\/wp\/v2\/posts\/3477\/revisions"}],"predecessor-version":[{"id":3479,"href":"https:\/\/matrend.hu\/nekedinfo\/wp-json\/wp\/v2\/posts\/3477\/revisions\/3479"}],"wp:featuredmedia":[{"embeddable":true,"href":"https:\/\/matrend.hu\/nekedinfo\/wp-json\/wp\/v2\/media\/3478"}],"wp:attachment":[{"href":"https:\/\/matrend.hu\/nekedinfo\/wp-json\/wp\/v2\/media?parent=3477"}],"wp:term":[{"taxonomy":"category","embeddable":true,"href":"https:\/\/matrend.hu\/nekedinfo\/wp-json\/wp\/v2\/categories?post=3477"},{"taxonomy":"post_tag","embeddable":true,"href":"https:\/\/matrend.hu\/nekedinfo\/wp-json\/wp\/v2\/tags?post=3477"}],"curies":[{"name":"wp","href":"https:\/\/api.w.org\/{rel}","templated":true}]}}