{"id":3483,"date":"2025-08-17T14:05:16","date_gmt":"2025-08-17T12:05:16","guid":{"rendered":"https:\/\/matrend.hu\/nekedinfo\/?p=3483"},"modified":"2025-08-17T14:05:16","modified_gmt":"2025-08-17T12:05:16","slug":"szeptembertol-mar-csak-igy-mehetsz-a-szakrendelesre","status":"publish","type":"post","link":"https:\/\/matrend.hu\/nekedinfo\/szeptembertol-mar-csak-igy-mehetsz-a-szakrendelesre\/","title":{"rendered":"Szeptembert\u0151l m\u00e1r csak \u00edgy mehetsz a szakrendel\u00e9sre!"},"content":{"rendered":"<h3>Ezen a k\u00e9t szakter\u00fcleten t\u00fal csak olyan szakm\u00e1kban n\u0151tt 2025-re a betegv\u00e1rakoz\u00e1si id\u0151, amelyekben a mag\u00e1n- \u00e9s a k\u00f6zell\u00e1t\u00e1s k\u00f6z\u00f6tt \u00e9les verseny folyik a szakemberek\u00e9rt, mint a b\u0151rgy\u00f3gy\u00e1szat, n\u0151gy\u00f3gy\u00e1szat, szem\u00e9szet vagy az urol\u00f3gia.<br \/>\n\u00d6sszess\u00e9g\u00e9ben az \u00e1ltal\u00e1nos javul\u00e1s mellett tov\u00e1bbra is csak 3 olyan szakma van, ahol kevesebb mint k\u00e9t h\u00e9t v\u00e1rakoz\u00e1s ut\u00e1n lehet bejutni a rendel\u00e9sre: seb\u00e9szet, gyermekgy\u00f3gy\u00e1szat \u00e9s a f\u00fcl-orr-g\u00e9g\u00e9szet. Nyolc olyan szakma van, ahol t\u00f6bb mint egy h\u00f3napot kell v\u00e1rni a sorra ker\u00fcl\u00e9sre: gasztroenterol\u00f3gia, b\u0151rgy\u00f3gy\u00e1szat, ultrahang, urol\u00f3gia, szem\u00e9szet, angiol\u00f3gia, kardiol\u00f3gia, endokrinol\u00f3gia.<br \/>\nM\u00d3DSZEREK A BEJUT\u00c1SRA:<\/h3>\n<h3><span style=\"color: #ff0000;\"><strong>A h\u00edr nem \u00e9rt v\u00e9get! Folytat\u00e1shoz haszn\u00e1ld a K\u00d6VETKEZ\u0150 OLDAL gombot!<\/strong><\/span><\/h3>\n<h3 style=\"text-align: right;\"><a href=\"https:\/\/matrend.hu\/maitrend\/?p=3490\" target=\"_blank\" rel=\"noopener\"><span style=\"color: #ff0000;\">&#8212;&gt;&gt; K\u00d6VETKEZ\u0150 OLDAL<\/span><\/a><\/h3>\n<p>&#8211;<\/p>\n<p>A hivatalos lista\u00e1rak 30.335 \u00e9s 43.005 font k\u00f6z\u00f6tt mozognak, de az Auto Express \u201cFind A Car\u201d szolg\u00e1ltat\u00e1s\u00e1n kereszt\u00fcl ak\u00e1r 5.924 fontot is meg lehet sp\u00f3rolni, \u00edgy az indul\u00f3 \u00e1r 25.313 fontra cs\u00f6kkenhet. L\u00edzingelni m\u00e1r havi 278 fontt\u00f3l is lehet egy Qashqai-t, haszn\u00e1lt p\u00e9ld\u00e1nyokat pedig ak\u00e1r 12.300 fontt\u00f3l is tal\u00e1lni.<\/p>\n<p>Vezet\u00e9si \u00e9lm\u00e9ny szempontj\u00e1b\u00f3l a Qashqai k\u00e9nyelmes \u00e9s csendes, ugyanakkor nem k\u00fcl\u00f6n\u00f6sebben izgalmas vezetni, \u00e9s a teljes\u00edtm\u00e9nye ink\u00e1bb megfelel\u0151, mint leny\u0171g\u00f6z\u0151. Az aut\u00f3 2021-es, harmadik gener\u00e1ci\u00f3s bevezet\u00e9sekor 60 kg-mal k\u00f6nnyebb lett el\u0151dj\u00e9n\u00e9l, mik\u00f6zben merevebb \u00e9s biztons\u00e1gosabb is lett. B\u00e1r egy fokkal dinamikusabb az el\u0151z\u0151 modelln\u00e9l, a vezet\u00e9si \u00e9lm\u00e9ny m\u00e9g mindig nem a leg\u00e9lvezetesebb a kateg\u00f3ri\u00e1ban. Ugyanakkor a v\u00e1s\u00e1rl\u00f3k t\u00f6bbs\u00e9ge val\u00f3sz\u00edn\u0171leg ink\u00e1bb \u00e9rt\u00e9kelni fogja a k\u00e9nyelmet \u00e9s kifinomults\u00e1got, mint a sportos karaktert.<\/p>\n<p>A legt\u00f6bb v\u00e1ltozat h\u00e1tul csatolt leng\u0151karos felf\u00fcggeszt\u00e9st haszn\u00e1l, m\u00edg a cs\u00facsmodellek 20 colos kerekekkel m\u00e1r fejlettebb, multilink rendszert kapnak. Az alapverzi\u00f3k kiss\u00e9 darabosan reag\u00e1lnak a kisebb \u00fathib\u00e1kra, de \u00e1ltal\u00e1ban k\u00e9nyelmesen rug\u00f3znak, m\u00edg a magasabb felszerelts\u00e9g\u0171 v\u00e1ltozatok jobban kezelik az \u00fathib\u00e1kat \u00e9s a k\u00e1ty\u00fakat, mint sok riv\u00e1lis modell, \u00e9s \u00e9rz\u00e9sre is k\u00f6zvetlenebbek, mint p\u00e9ld\u00e1ul egy Skoda Karoq. Kanyarban enyhe, de kontroll\u00e1lt oldald\u0151l\u00e9s tapasztalhat\u00f3, a korm\u00e1nyz\u00e1s k\u00f6nny\u0171 (sport m\u00f3dban kem\u00e9nyebb), nem t\u00fal \u00e9rz\u00e9kletes, de el\u00e9g pontos, \u00e9s a gyors ir\u00e1nyv\u00e1lt\u00e1sokat j\u00f3l kezeli. A Qashqai c\u00e9lja, hogy biztons\u00e1gos, nyugodt \u00e9s k\u00f6nnyed vezet\u00e9si \u00e9lm\u00e9nyt ny\u00fajtson \u2013 ebb\u0151l a szempontb\u00f3l neh\u00e9z hib\u00e1t tal\u00e1lni benne.<\/p>\n","protected":false},"excerpt":{"rendered":"<p>Ezen a k\u00e9t szakter\u00fcleten t\u00fal csak olyan szakm\u00e1kban n\u0151tt 2025-re a betegv\u00e1rakoz\u00e1si id\u0151, amelyekben a mag\u00e1n- \u00e9s a k\u00f6zell\u00e1t\u00e1s k\u00f6z\u00f6tt&#8230; <span class=\"gridview-grid-post-read-more\"><a href=\"https:\/\/matrend.hu\/nekedinfo\/szeptembertol-mar-csak-igy-mehetsz-a-szakrendelesre\/\">read more<span class=\"gridview-sr-only\"> Szeptembert\u0151l m\u00e1r csak \u00edgy mehetsz a szakrendel\u00e9sre!<\/span><\/a><\/span><\/p>\n","protected":false},"author":1,"featured_media":3484,"comment_status":"open","ping_status":"open","sticky":false,"template":"","format":"standard","meta":{"footnotes":""},"categories":[1],"tags":[],"class_list":["post-3483","post","type-post","status-publish","format-standard","has-post-thumbnail","hentry","category-egyeb","wpcat-1-id"],"_links":{"self":[{"href":"https:\/\/matrend.hu\/nekedinfo\/wp-json\/wp\/v2\/posts\/3483","targetHints":{"allow":["GET"]}}],"collection":[{"href":"https:\/\/matrend.hu\/nekedinfo\/wp-json\/wp\/v2\/posts"}],"about":[{"href":"https:\/\/matrend.hu\/nekedinfo\/wp-json\/wp\/v2\/types\/post"}],"author":[{"embeddable":true,"href":"https:\/\/matrend.hu\/nekedinfo\/wp-json\/wp\/v2\/users\/1"}],"replies":[{"embeddable":true,"href":"https:\/\/matrend.hu\/nekedinfo\/wp-json\/wp\/v2\/comments?post=3483"}],"version-history":[{"count":1,"href":"https:\/\/matrend.hu\/nekedinfo\/wp-json\/wp\/v2\/posts\/3483\/revisions"}],"predecessor-version":[{"id":3485,"href":"https:\/\/matrend.hu\/nekedinfo\/wp-json\/wp\/v2\/posts\/3483\/revisions\/3485"}],"wp:featuredmedia":[{"embeddable":true,"href":"https:\/\/matrend.hu\/nekedinfo\/wp-json\/wp\/v2\/media\/3484"}],"wp:attachment":[{"href":"https:\/\/matrend.hu\/nekedinfo\/wp-json\/wp\/v2\/media?parent=3483"}],"wp:term":[{"taxonomy":"category","embeddable":true,"href":"https:\/\/matrend.hu\/nekedinfo\/wp-json\/wp\/v2\/categories?post=3483"},{"taxonomy":"post_tag","embeddable":true,"href":"https:\/\/matrend.hu\/nekedinfo\/wp-json\/wp\/v2\/tags?post=3483"}],"curies":[{"name":"wp","href":"https:\/\/api.w.org\/{rel}","templated":true}]}}