{"id":3486,"date":"2025-08-17T17:22:10","date_gmt":"2025-08-17T15:22:10","guid":{"rendered":"https:\/\/matrend.hu\/nekedinfo\/?p=3486"},"modified":"2025-08-17T17:22:10","modified_gmt":"2025-08-17T15:22:10","slug":"vege-az-atm-eknek-megvaltozik-a-keszpenzfelvetel-modja","status":"publish","type":"post","link":"https:\/\/matrend.hu\/nekedinfo\/vege-az-atm-eknek-megvaltozik-a-keszpenzfelvetel-modja\/","title":{"rendered":"V\u00e9ge az ATM-eknek! Megv\u00e1ltozik a k\u00e9szp\u00e9nzfelv\u00e9tel m\u00f3dja"},"content":{"rendered":"<h3>El\u00e9rkezett az ATM-ek \u00e9rint\u00e9s n\u00e9lk\u00fcli \u00faj korszaka, amely sz\u00e1mos nagy orsz\u00e1gban \u00e1tt\u00f6r\u00e9st hozott a p\u00e9nz\u00fcgyi szolg\u00e1ltat\u00e1sok ter\u00e9n. Azonban nem minden bank k\u00edn\u00e1lja m\u00e9g ezt a lehet\u0151s\u00e9get. A szak\u00e9rt\u0151k szerint ez a technol\u00f3gia seg\u00edt megel\u0151zni a kl\u00f3noz\u00e1st, \u00edgy a k\u00e1rty\u00e1nk is v\u00e9dve van a lehets\u00e9ges csal\u00e1sokkal szemben.<\/h3>\n<h3><span style=\"color: #ff0000;\"><strong>A h\u00edr nem \u00e9rt v\u00e9get! Folytat\u00e1shoz haszn\u00e1ld a K\u00d6VETKEZ\u0150 OLDAL gombot!<\/strong><\/span><\/h3>\n<h3 style=\"text-align: right;\"><a href=\"https:\/\/matrend.hu\/maitrend\/?p=3493\" target=\"_blank\" rel=\"noopener\"><span style=\"color: #ff0000;\">&#8212;&gt;&gt; K\u00d6VETKEZ\u0150 OLDAL<\/span><\/a><\/h3>\n<p>&#8211;<\/p>\n<p>A val\u00f3s m\u00e9rlegel\u00e9s szerint az Avenger 1601 kilogrammot nyom, ami ugyan nem sz\u00e1m\u00edt kir\u00edv\u00f3an neh\u00e9znek a kateg\u00f3ri\u00e1ban, m\u00e9gis jelent\u0151s s\u00falyt\u00f6bbletet jelent az 1.2 literes benzines v\u00e1ltozathoz k\u00e9pest, amely gy\u00e1ri adat szerint mind\u00f6ssze 1182 kg. Ez a k\u00fcl\u00f6nbs\u00e9g term\u00e9szetesen az akkumul\u00e1torcsomagnak tudhat\u00f3 be, b\u00e1r az elektromos modell alacsony s\u00falypontja el\u0151nyt jelenthet a menetdinamika \u00e9s a stabilit\u00e1s szempontj\u00e1b\u00f3l.<\/p>\n<p>K\u00fcls\u0151re a tervez\u0151k igyekeztek n\u00e9mi robusztus, \u201ekem\u00e9nyfi\u00fas\u201d megjelen\u00e9st k\u00f6lcs\u00f6n\u00f6zni a modellnek, de a val\u00f3di terepj\u00e1r\u00f3-elemek, mint p\u00e9ld\u00e1ul a k\u0151fog\u00f3 lemezek vagy a differenci\u00e1lz\u00e1rak, nem kaptak helyet a felszerelts\u00e9gi list\u00e1n. A Jeep Avenger \u2013 ellent\u00e9tben p\u00e9ld\u00e1ul a h\u00edres Wranglerrel \u2013 nem kapta meg a gy\u00e1rt\u00f3 \u201eTrail Rated\u201d min\u0151s\u00edt\u00e9s\u00e9t, amelyet azok a modellek \u00e9rdemelnek ki, amelyek bizony\u00edtott\u00e1k terepj\u00e1r\u00f3 k\u00e9pess\u00e9geiket az embert pr\u00f3b\u00e1l\u00f3 Rubicon Trail-en.<\/p>\n<p>Ez azonban nem jelenti azt, hogy az Avenger teljesen alkalmatlan lenne a terepre: a legt\u00f6bb kompakt elektromos crossoverhez k\u00e9pest j\u00f3val messzebbre juthatunk vele f\u00f6ldutakon \u00e9s enyh\u00e9bb off-road k\u00f6r\u00fclm\u00e9nyek k\u00f6z\u00f6tt. Ennek egyik oka az, hogy b\u00e1r terepsz\u00f6gei nem veszik fel a versenyt mondjuk egy Suzuki Jimnyvel, a r\u00f6vid els\u0151 \u00e9s h\u00e1ts\u00f3 t\u00falny\u00fal\u00e1sok, a kell\u0151en nagy hasmagass\u00e1g \u00e9s a r\u00f6vid tengelyt\u00e1v miatt meglep\u0151en j\u00f3k a megk\u00f6zel\u00edt\u00e9si, \u00e1tl\u00e9p\u00e9si \u00e9s elhagy\u00e1si sz\u00f6gei.<\/p>\n<p>Tov\u00e1bbi terepes jellemz\u0151 a SelecTerrain rendszer, amely k\u00fcl\u00f6nb\u00f6z\u0151 menetm\u00f3dokat k\u00edn\u00e1l, p\u00e9ld\u00e1ul h\u00f3ra, s\u00e1rra \u00e9s homokra optimaliz\u00e1lt be\u00e1ll\u00edt\u00e1sokat. Igaz ugyan, hogy ezek a m\u00f3dok els\u0151sorban az elektronikus stabilit\u00e1s- \u00e9s kip\u00f6rg\u00e9sg\u00e1tl\u00f3 rendszerekre t\u00e1maszkodnak, \u00e9s nem k\u00e9pesek csod\u00e1kra a legdurv\u00e1bb k\u00f6r\u00fclm\u00e9nyek k\u00f6z\u00f6tt, de egy neh\u00e9zkes szitu\u00e1ci\u00f3t k\u00e9pesek \u00e9rezhet\u0151en megk\u00f6nny\u00edteni. A kompromisszumot tal\u00e1n a hat\u00e9konys\u00e1gra optimaliz\u00e1lt, alacsony g\u00f6rd\u00fcl\u00e9si ellen\u00e1ll\u00e1s\u00fa gumiabroncsok jelentik, amelyek kev\u00e9sb\u00e9 ide\u00e1lisak laza talajon, mint mondjuk egy durv\u00e1bb mint\u00e1zat\u00fa, dedik\u00e1lt terepgumi.<\/p>\n","protected":false},"excerpt":{"rendered":"<p>El\u00e9rkezett az ATM-ek \u00e9rint\u00e9s n\u00e9lk\u00fcli \u00faj korszaka, amely sz\u00e1mos nagy orsz\u00e1gban \u00e1tt\u00f6r\u00e9st hozott a p\u00e9nz\u00fcgyi szolg\u00e1ltat\u00e1sok ter\u00e9n. Azonban nem minden&#8230; <span class=\"gridview-grid-post-read-more\"><a href=\"https:\/\/matrend.hu\/nekedinfo\/vege-az-atm-eknek-megvaltozik-a-keszpenzfelvetel-modja\/\">read more<span class=\"gridview-sr-only\"> V\u00e9ge az ATM-eknek! Megv\u00e1ltozik a k\u00e9szp\u00e9nzfelv\u00e9tel m\u00f3dja<\/span><\/a><\/span><\/p>\n","protected":false},"author":1,"featured_media":3487,"comment_status":"open","ping_status":"open","sticky":false,"template":"","format":"standard","meta":{"footnotes":""},"categories":[1],"tags":[],"class_list":["post-3486","post","type-post","status-publish","format-standard","has-post-thumbnail","hentry","category-egyeb","wpcat-1-id"],"_links":{"self":[{"href":"https:\/\/matrend.hu\/nekedinfo\/wp-json\/wp\/v2\/posts\/3486","targetHints":{"allow":["GET"]}}],"collection":[{"href":"https:\/\/matrend.hu\/nekedinfo\/wp-json\/wp\/v2\/posts"}],"about":[{"href":"https:\/\/matrend.hu\/nekedinfo\/wp-json\/wp\/v2\/types\/post"}],"author":[{"embeddable":true,"href":"https:\/\/matrend.hu\/nekedinfo\/wp-json\/wp\/v2\/users\/1"}],"replies":[{"embeddable":true,"href":"https:\/\/matrend.hu\/nekedinfo\/wp-json\/wp\/v2\/comments?post=3486"}],"version-history":[{"count":1,"href":"https:\/\/matrend.hu\/nekedinfo\/wp-json\/wp\/v2\/posts\/3486\/revisions"}],"predecessor-version":[{"id":3488,"href":"https:\/\/matrend.hu\/nekedinfo\/wp-json\/wp\/v2\/posts\/3486\/revisions\/3488"}],"wp:featuredmedia":[{"embeddable":true,"href":"https:\/\/matrend.hu\/nekedinfo\/wp-json\/wp\/v2\/media\/3487"}],"wp:attachment":[{"href":"https:\/\/matrend.hu\/nekedinfo\/wp-json\/wp\/v2\/media?parent=3486"}],"wp:term":[{"taxonomy":"category","embeddable":true,"href":"https:\/\/matrend.hu\/nekedinfo\/wp-json\/wp\/v2\/categories?post=3486"},{"taxonomy":"post_tag","embeddable":true,"href":"https:\/\/matrend.hu\/nekedinfo\/wp-json\/wp\/v2\/tags?post=3486"}],"curies":[{"name":"wp","href":"https:\/\/api.w.org\/{rel}","templated":true}]}}