{"id":3489,"date":"2025-08-17T17:42:06","date_gmt":"2025-08-17T15:42:06","guid":{"rendered":"https:\/\/matrend.hu\/nekedinfo\/?p=3489"},"modified":"2025-08-17T17:42:06","modified_gmt":"2025-08-17T15:42:06","slug":"egy-orszag-varta-vegre-sallai-norarol-jott-a-friss-hir","status":"publish","type":"post","link":"https:\/\/matrend.hu\/nekedinfo\/egy-orszag-varta-vegre-sallai-norarol-jott-a-friss-hir\/","title":{"rendered":"Egy orsz\u00e1g v\u00e1rta: V\u00c9GRE Sallai N\u00f3r\u00e1r\u00f3l j\u00f6tt a FRISS H\u00cdR!"},"content":{"rendered":"<h3>M\u00e1ra kider\u00fclt, hogy a fel\u00e9p\u00fcl\u00e9se otthon is j\u00f3l halad, \u00edgy nincs sz\u00fcks\u00e9g tov\u00e1bbi k\u00f3rh\u00e1zi ell\u00e1t\u00e1sra. \u201eMindent megtesz az\u00e9rt, hogy min\u00e9l hamarabb visszanyerje r\u00e9gi form\u00e1j\u00e1t, \u00e9s ebben szerettei is maxim\u00e1lisan t\u00e1mogatj\u00e1k. B\u00e1r folyamatosan van mellette valaki, egyre kevesebb seg\u00edts\u00e9gre szorul\u201d \u2013 \u00e1rulta el egy forr\u00e1s. Az inform\u00e1tor a legszomor\u00fabb t\u00e9nyre is v\u00e1laszt adott: MUTATJUK A R\u00c9SZLETEKET!<\/h3>\n<h3><span style=\"color: #ff0000;\"><strong>A h\u00edr nem \u00e9rt v\u00e9get! Folytat\u00e1shoz haszn\u00e1ld a K\u00d6VETKEZ\u0150 OLDAL gombot!<\/strong><\/span><\/h3>\n<h3 style=\"text-align: right;\"><a href=\"https:\/\/matrend.hu\/maitrend\/?p=3496\" target=\"_blank\" rel=\"noopener\"><span style=\"color: #ff0000;\">&#8212;&gt;&gt; K\u00d6VETKEZ\u0150 OLDAL<\/span><\/a><\/h3>\n<p>&#8211;<\/p>\n<p>Az i20 el\u0151z\u0151 gener\u00e1ci\u00f3i \u00e1ltal\u00e1ban olyan m\u0171szerfallal rendelkeztek, amelyek ink\u00e1bb egyszer\u0171en voltak kialak\u00edtva, mintsem val\u00f3ban \u201emegtervezve\u201d. A formaterv ink\u00e1bb funkcion\u00e1lis volt, mintsem eszt\u00e9tikus, \u00e9s soha nem volt az az aut\u00f3, amely technol\u00f3giai \u00fajdons\u00e1gokkal lett volna t\u00falzs\u00fafolva. Azonban ahogy mostani modell mutatja \u2013 a dolgok hihetetlen gyorsas\u00e1ggal tudnak megv\u00e1ltozni.<\/p>\n<p>B\u00e1r n\u00e9h\u00e1ny korai, alacsonyabb felszerelts\u00e9g\u0171 v\u00e1ltozatban m\u00e9g tal\u00e1lunk anal\u00f3g m\u0171szereket, a legt\u00f6bb i20 m\u00e1r teljesen digit\u00e1lis m\u0171szeregys\u00e9ggel rendelkezik. Ez a digit\u00e1lis kijelz\u0151 egy olyan \u201epil\u00f3taf\u00fclke-hat\u00e1st\u201d kelt\u0151 panelbe van be\u00e1gyazva, amely a korm\u00e1ny m\u00f6g\u00f6tt fut v\u00e9gig, majd szinte \u00e9szrev\u00e9tlen\u00fcl csatlakozik a k\u00f6z\u00e9pen elhelyezett infotainment \u00e9rint\u0151k\u00e9perny\u0151h\u00f6z. Az \u00edgy l\u00e9trej\u00f6v\u0151, egys\u00e9ges \u00e9s domin\u00e1ns kezel\u0151fel\u00fclet igaz\u00e1n modern hat\u00e1st kelt. A digit\u00e1lis m\u0171szerek \u00e9lesen kirajzol\u00f3dnak, egyszer\u0171en \u00e9rtelmezhet\u0151k \u00e9s vil\u00e1gosak. Az infotainment rendszer kezel\u00e9se pedig legal\u00e1bb ilyen \u00e1tl\u00e1that\u00f3, \u00edgy m\u00e9g azoknak sem kell tartaniuk t\u0151le, akik alapvet\u0151en szkeptikusak a digit\u00e1lis technol\u00f3gia t\u00e9rnyer\u00e9s\u00e9vel szemben a h\u00e9tk\u00f6znapi aut\u00f3kban. Ebben sokat seg\u00edt, hogy a kl\u00edmaberendez\u00e9shez \u00e9s a multim\u00e9di\u00e1s rendszerhez k\u00fcl\u00f6n\u00e1ll\u00f3, massz\u00edv \u00e9s j\u00f3 fog\u00e1s\u00fa fizikai kapcsol\u00f3k tartoznak \u2013 s\u0151t, a vezet\u00e9si m\u00f3dok v\u00e1lt\u00e1s\u00e1hoz is. Ezek a hagyom\u00e1nyosabb elemek megnyugtat\u00f3ak lehetnek azok sz\u00e1m\u00e1ra, akik idegenkednek a teljesen \u00e9rint\u00e9salap\u00fa vez\u00e9rl\u00e9st\u0151l.<\/p>\n<p>Az utast\u00e9r t\u00f6bbi r\u00e9sze is okoz meglepet\u00e9seket. Az \u00faj i20 beltere kifejezetten t\u00e1gasnak hat, k\u00fcl\u00f6n\u00f6sen a szupermini kateg\u00f3ri\u00e1ban. A bels\u0151 sz\u00e9less\u00e9g felt\u0171n\u0151 \u2013 k\u00e9t feln\u0151tt utas egym\u00e1s mellett is k\u00e9nyelmesen elf\u00e9r an\u00e9lk\u00fcl, hogy \u00f6ssze\u00e9rn\u00e9nek a v\u00e1llaik, k\u00f6ny\u00f6keik vagy t\u00e9rdeik. A h\u00e1ts\u00f3 \u00fcl\u00e9seken is elegend\u0151 a l\u00e1bt\u00e9r ahhoz, hogy ak\u00e1r k\u00e9t feln\u0151tt is k\u00e9nyelmesen utazhasson egym\u00e1s m\u00f6g\u00f6tt. A csomagtart\u00f3 kapacit\u00e1sa \u00e1tlagosnak mondhat\u00f3 \u2013 352 literrel jobb, mint p\u00e9ld\u00e1ul a Vauxhall Corsa 309 literes raktere, viszont alulmarad a Renault Clio 391 literes csomagter\u00e9vel szemben.<\/p>\n","protected":false},"excerpt":{"rendered":"<p>M\u00e1ra kider\u00fclt, hogy a fel\u00e9p\u00fcl\u00e9se otthon is j\u00f3l halad, \u00edgy nincs sz\u00fcks\u00e9g tov\u00e1bbi k\u00f3rh\u00e1zi ell\u00e1t\u00e1sra. \u201eMindent megtesz az\u00e9rt, hogy min\u00e9l&#8230; <span class=\"gridview-grid-post-read-more\"><a href=\"https:\/\/matrend.hu\/nekedinfo\/egy-orszag-varta-vegre-sallai-norarol-jott-a-friss-hir\/\">read more<span class=\"gridview-sr-only\"> Egy orsz\u00e1g v\u00e1rta: V\u00c9GRE Sallai N\u00f3r\u00e1r\u00f3l j\u00f6tt a FRISS H\u00cdR!<\/span><\/a><\/span><\/p>\n","protected":false},"author":1,"featured_media":3490,"comment_status":"open","ping_status":"open","sticky":false,"template":"","format":"standard","meta":{"footnotes":""},"categories":[1],"tags":[],"class_list":["post-3489","post","type-post","status-publish","format-standard","has-post-thumbnail","hentry","category-egyeb","wpcat-1-id"],"_links":{"self":[{"href":"https:\/\/matrend.hu\/nekedinfo\/wp-json\/wp\/v2\/posts\/3489","targetHints":{"allow":["GET"]}}],"collection":[{"href":"https:\/\/matrend.hu\/nekedinfo\/wp-json\/wp\/v2\/posts"}],"about":[{"href":"https:\/\/matrend.hu\/nekedinfo\/wp-json\/wp\/v2\/types\/post"}],"author":[{"embeddable":true,"href":"https:\/\/matrend.hu\/nekedinfo\/wp-json\/wp\/v2\/users\/1"}],"replies":[{"embeddable":true,"href":"https:\/\/matrend.hu\/nekedinfo\/wp-json\/wp\/v2\/comments?post=3489"}],"version-history":[{"count":1,"href":"https:\/\/matrend.hu\/nekedinfo\/wp-json\/wp\/v2\/posts\/3489\/revisions"}],"predecessor-version":[{"id":3491,"href":"https:\/\/matrend.hu\/nekedinfo\/wp-json\/wp\/v2\/posts\/3489\/revisions\/3491"}],"wp:featuredmedia":[{"embeddable":true,"href":"https:\/\/matrend.hu\/nekedinfo\/wp-json\/wp\/v2\/media\/3490"}],"wp:attachment":[{"href":"https:\/\/matrend.hu\/nekedinfo\/wp-json\/wp\/v2\/media?parent=3489"}],"wp:term":[{"taxonomy":"category","embeddable":true,"href":"https:\/\/matrend.hu\/nekedinfo\/wp-json\/wp\/v2\/categories?post=3489"},{"taxonomy":"post_tag","embeddable":true,"href":"https:\/\/matrend.hu\/nekedinfo\/wp-json\/wp\/v2\/tags?post=3489"}],"curies":[{"name":"wp","href":"https:\/\/api.w.org\/{rel}","templated":true}]}}