{"id":3495,"date":"2025-08-18T14:11:19","date_gmt":"2025-08-18T12:11:19","guid":{"rendered":"https:\/\/matrend.hu\/nekedinfo\/?p=3495"},"modified":"2025-08-18T14:11:19","modified_gmt":"2025-08-18T12:11:19","slug":"sztrokot-kapott-rozsa-gyorgy","status":"publish","type":"post","link":"https:\/\/matrend.hu\/nekedinfo\/sztrokot-kapott-rozsa-gyorgy\/","title":{"rendered":"Sztr\u00f3kot kapott R\u00f3zsa Gy\u00f6rgy!"},"content":{"rendered":"<h3>T\u00f6bbsz\u00f6r is megpr\u00f3b\u00e1lt, de mindig visszaesett \u00e9s mindig vizet nyelt. Annyi ereje maradt, hogy odakiab\u00e1lt a partra a l\u00e1ny\u00e1nak, hogy \u2018Csilla, seg\u00edts!\u2019 \u0150 azonnal beugrott a v\u00edzbe, seg\u00edts\u00e9g\u00e9rt ki\u00e1ltott. A ment\u0151ket is azonnal kih\u00edvt\u00e1k, akik hamar ki\u00e9rtek a helysz\u00ednre&#8230;<\/h3>\n<h3><span style=\"color: #ff0000;\"><strong>A h\u00edr nem \u00e9rt v\u00e9get! Folytat\u00e1shoz haszn\u00e1ld a K\u00d6VETKEZ\u0150 OLDAL gombot!<\/strong><\/span><\/h3>\n<h3 style=\"text-align: right;\"><a href=\"https:\/\/matrend.hu\/maitrend\/?p=3502\" target=\"_blank\" rel=\"noopener\"><span style=\"color: #ff0000;\">&#8212;&gt;&gt; K\u00d6VETKEZ\u0150 OLDAL<\/span><\/a><\/h3>\n<p>&#8211;<\/p>\n<p>A vezet\u00e9si \u00e9lm\u00e9ny tekintet\u00e9ben k\u00e9t hajt\u00e1sl\u00e1nc \u00e1ll rendelkez\u00e9sre, amelyek mindegyike m\u00e1sban er\u0151s. A Captur k\u00e9nyelme kiemelked\u0151, a legt\u00f6bb riv\u00e1lisn\u00e1l sim\u00e1bban rug\u00f3zik, de \u00fagy gondoljuk, hogy az alap 89 l\u00f3er\u0151s benzinmotorhoz elf\u00e9rne m\u00e9g n\u00e9mi teljes\u00edtm\u00e9ny. A 0-r\u00f3l 100 km\/h-ra t\u00f6rt\u00e9n\u0151 gyorsul\u00e1s 14 m\u00e1sodperc, a 160 Nm nyomat\u00e9k\u00fa 1.0 literes TCe motor meglehet\u0151sen f\u00e1radt benyom\u00e1st kelt aut\u00f3p\u00e1ly\u00e1n, gyakori v\u00e1lt\u00e1st ig\u00e9nyel, igaz, a hatfokozat\u00fa k\u00e9zi v\u00e1lt\u00f3 prec\u00edzen m\u0171k\u00f6dik. Az E-Tech hibrid hajt\u00e1sl\u00e1nc ezekre a probl\u00e9m\u00e1kra megold\u00e1st ny\u00fajt, cser\u00e9be viszont k\u00f6r\u00fclbel\u00fcl 3.500 fonttal t\u00f6bbe ker\u00fcl. Kezdetben a hibrid rendszer egy 1.6 literes, 143 l\u00f3er\u0151s motort tartalmazott, \u00e1m ezt id\u0151k\u00f6zben egy 1.8 literes, 158 l\u00f3er\u0151s v\u00e1ltozatra cser\u00e9lt\u00e9k. B\u00e1r ezt az \u00fajabb motort m\u00e9g nem pr\u00f3b\u00e1ltuk ki Capturban, a Dacia Bigster modellben m\u00e1r tal\u00e1lkoztunk vele, ahol kellemes, de nem sportos teljes\u00edtm\u00e9nyt ny\u00fajtott. A hibrid rendszer hat\u00e9konyan v\u00e1ltogat a tiszt\u00e1n elektromos, a hibrid \u00e9s a benzin\u00fczem\u0171 hajt\u00e1sm\u00f3dok k\u00f6z\u00f6tt, b\u00e1r emiatt el\u0151fordulhat, hogy a motorhang nem k\u00f6veti pontosan a g\u00e1zped\u00e1l mozg\u00e1s\u00e1t, \u00e1m ez nem befoly\u00e1solja a teljes\u00edtm\u00e9nyt.<\/p>\n<p>V\u00e1rosi k\u00f6rnyezetben a hibrid rendszer el\u0151nyei j\u00f3l \u00e9rz\u00e9kelhet\u0151k, mivel alacsony sebess\u00e9gn\u00e9l f\u0151k\u00e9nt elektromos m\u00f3dban k\u00f6zlekedik, \u00edgy rendk\u00edv\u00fcl csendes \u00e9s finoman mozog. Az alap benzinmotoros modelln\u00e9l a puha kuplungped\u00e1l kev\u00e9sb\u00e9 kellemes \u00e9lm\u00e9nyt ny\u00fajt, de az egy\u00e9bk\u00e9nt kiv\u00e1l\u00f3 kil\u00e1t\u00e1s, a k\u00f6nny\u0171 korm\u00e1nyz\u00e1s \u00e9s a k\u00e9nyelmes fut\u00f3m\u0171 ezt r\u00e9szben kompenz\u00e1lja. Orsz\u00e1g\u00faton a rug\u00f3z\u00e1s enyhe pattog\u00e1ssal reag\u00e1l nagyobb bukkan\u00f3kra, \u00e9s \u00e9rezhet\u0151 n\u00e9mi oldald\u0151l\u00e9s a kanyarokban, k\u00fcl\u00f6n\u00f6sen a magas s\u00falypont miatt, \u00e1m ennek ellen\u00e9re magabiztosan lehet haladni a kanyarg\u00f3s szakaszokon, k\u00f6sz\u00f6nhet\u0151en a j\u00f3 tapad\u00e1snak. Aut\u00f3p\u00e1ly\u00e1n a hibrid modell k\u00f6nnyed\u00e9n tartja a temp\u00f3t, m\u00edg az alap benzinmotor m\u00e1r er\u0151sen megk\u00f6veteli a g\u00e1zped\u00e1l padl\u00f3ig nyom\u00e1s\u00e1t. Mindk\u00e9t v\u00e1ltozat csendes \u00e9s k\u00e9nyelmes utaz\u00e1st biztos\u00edt, de a korm\u00e1nyz\u00e1s pontoss\u00e1g\u00e1n lehetne m\u00e9g jav\u00edtani.<\/p>\n","protected":false},"excerpt":{"rendered":"<p>T\u00f6bbsz\u00f6r is megpr\u00f3b\u00e1lt, de mindig visszaesett \u00e9s mindig vizet nyelt. Annyi ereje maradt, hogy odakiab\u00e1lt a partra a l\u00e1ny\u00e1nak, hogy&#8230; <span class=\"gridview-grid-post-read-more\"><a href=\"https:\/\/matrend.hu\/nekedinfo\/sztrokot-kapott-rozsa-gyorgy\/\">read more<span class=\"gridview-sr-only\"> Sztr\u00f3kot kapott R\u00f3zsa Gy\u00f6rgy!<\/span><\/a><\/span><\/p>\n","protected":false},"author":1,"featured_media":3496,"comment_status":"open","ping_status":"open","sticky":false,"template":"","format":"standard","meta":{"footnotes":""},"categories":[1],"tags":[],"class_list":["post-3495","post","type-post","status-publish","format-standard","has-post-thumbnail","hentry","category-egyeb","wpcat-1-id"],"_links":{"self":[{"href":"https:\/\/matrend.hu\/nekedinfo\/wp-json\/wp\/v2\/posts\/3495","targetHints":{"allow":["GET"]}}],"collection":[{"href":"https:\/\/matrend.hu\/nekedinfo\/wp-json\/wp\/v2\/posts"}],"about":[{"href":"https:\/\/matrend.hu\/nekedinfo\/wp-json\/wp\/v2\/types\/post"}],"author":[{"embeddable":true,"href":"https:\/\/matrend.hu\/nekedinfo\/wp-json\/wp\/v2\/users\/1"}],"replies":[{"embeddable":true,"href":"https:\/\/matrend.hu\/nekedinfo\/wp-json\/wp\/v2\/comments?post=3495"}],"version-history":[{"count":1,"href":"https:\/\/matrend.hu\/nekedinfo\/wp-json\/wp\/v2\/posts\/3495\/revisions"}],"predecessor-version":[{"id":3497,"href":"https:\/\/matrend.hu\/nekedinfo\/wp-json\/wp\/v2\/posts\/3495\/revisions\/3497"}],"wp:featuredmedia":[{"embeddable":true,"href":"https:\/\/matrend.hu\/nekedinfo\/wp-json\/wp\/v2\/media\/3496"}],"wp:attachment":[{"href":"https:\/\/matrend.hu\/nekedinfo\/wp-json\/wp\/v2\/media?parent=3495"}],"wp:term":[{"taxonomy":"category","embeddable":true,"href":"https:\/\/matrend.hu\/nekedinfo\/wp-json\/wp\/v2\/categories?post=3495"},{"taxonomy":"post_tag","embeddable":true,"href":"https:\/\/matrend.hu\/nekedinfo\/wp-json\/wp\/v2\/tags?post=3495"}],"curies":[{"name":"wp","href":"https:\/\/api.w.org\/{rel}","templated":true}]}}