{"id":3498,"date":"2025-08-18T16:33:02","date_gmt":"2025-08-18T14:33:02","guid":{"rendered":"https:\/\/matrend.hu\/nekedinfo\/?p=3498"},"modified":"2025-08-18T16:33:02","modified_gmt":"2025-08-18T14:33:02","slug":"ossze-vissza-enekelt-toth-gabi","status":"publish","type":"post","link":"https:\/\/matrend.hu\/nekedinfo\/ossze-vissza-enekelt-toth-gabi\/","title":{"rendered":"\u00d6ssze-vissza \u00e9nekelt T\u00f3th Gabi!"},"content":{"rendered":"<h3>T\u00f3th Gabi Beyonc\u00e9 egyik h\u00edres sz\u00e1m\u00e1t pr\u00f3b\u00e1lta el\u0151adni, b\u00e1r a felismer\u00e9s nem volt egyszer\u0171 feladat. A TTokon ter\/ed\u0151 vi\/e\u00f3h\/z sokan humorosan reag\u00e1ltak, p\u00e9ld\u00e1ul egy \u201eEzmiez?\u201d felirat \u00e9s egy s\u00edrva nevet\u0151s emoji k\u00eds\u00e9ret\u00e9ben. De vajon t\u00e9nyleg jogos-e a kritika? \u201eEz pont olyan, mint amikor r\u00e9szegen \u00fagy teszek, mintha ismern\u00e9m a sz\u00f6veget.\u201d \u201eMaty\u00f3 s\u00e1m\u00e1n es\u0151t id\u00e9z\u2026 szerintem\u201d \u2013 \u00edrta valaki ironikusan.<\/h3>\n<h3><span style=\"color: #ff0000;\"><strong>A h\u00edr nem \u00e9rt v\u00e9get! Folytat\u00e1shoz haszn\u00e1ld a K\u00d6VETKEZ\u0150 OLDAL gombot!<\/strong><\/span><\/h3>\n<h3 style=\"text-align: right;\"><a href=\"https:\/\/matrend.hu\/maitrend\/?p=3505\" target=\"_blank\" rel=\"noopener\"><span style=\"color: #ff0000;\">&#8212;&gt;&gt; K\u00d6VETKEZ\u0150 OLDAL<\/span><\/a><\/h3>\n<p>&#8211;<\/p>\n<p>A csomagtart\u00f3 t\u00e9rfogata valamivel nagyobb, mint az el\u0151z\u0151 gener\u00e1ci\u00f3s 147-es\u00e9, \u00e9s n\u00e9h\u00e1ny praktikus megold\u00e1ssal is szolg\u00e1l: tal\u00e1lhat\u00f3 benne bev\u00e1s\u00e1rl\u00f3t\u00e1ska-akaszt\u00f3, 12 voltos csatlakoz\u00f3, valamint palackok sz\u00e1m\u00e1ra kialak\u00edtott m\u00e9lyed\u00e9sek is. Az utast\u00e9rben t\u00e1rol\u00f3rekeszek ter\u00e9n sem kell sz\u00e9gyenkeznie: mind a n\u00e9gy ajt\u00f3ban palacktart\u00f3s zsebek tal\u00e1lhat\u00f3k, a k\u00f6z\u00e9pkonzolon is akad n\u00e9h\u00e1ny kisebb t\u00e1lca, s\u0151t, a m\u0171szerfalon is van egy gum\u00edrozott alj\u00fa, fedeles t\u00e1rol\u00f3rekesz, ahov\u00e1 az opcion\u00e1lis navig\u00e1ci\u00f3s rendszer ker\u00fcl, ha valaki azt v\u00e1lasztja.<\/p>\n<p>Felszerelts\u00e9g tekintet\u00e9ben az alap Giulietta modell korrekt szintet k\u00e9pvisel. M\u00e1r a bel\u00e9p\u0151 szinten is j\u00e1rnak hozz\u00e1 16 colos k\u00f6nny\u0171f\u00e9m felnik, h\u00e1ts\u00f3 l\u00e9gterel\u0151, elektromos ablakemel\u0151k minden ajt\u00f3n, valamint f\u0171thet\u0151 \u00e9s elektromosan \u00e1ll\u00edthat\u00f3 k\u00fcls\u0151 t\u00fckr\u00f6k. Az utast\u00e9rben b\u0151rbevonat\u00fa, multifunkci\u00f3s korm\u00e1nyker\u00e9k, l\u00e9gkondicion\u00e1l\u00f3, \u00e9s egy 5 colos \u00e9rint\u0151k\u00e9perny\u0151s infotainment rendszer kapott helyet, amely DAB digit\u00e1lis r\u00e1di\u00f3t, Bluetooth-kapcsolatot, Alfa Romeo Connected Services szolg\u00e1ltat\u00e1sokat \u00e9s okostelefon-integr\u00e1ci\u00f3t is k\u00edn\u00e1l.<\/p>\n<p>A Super felszerelts\u00e9gi szintre v\u00e1ltva m\u00e1r olyan k\u00e9nyelmi extr\u00e1khoz juthatunk hozz\u00e1, mint a tempomat, tolat\u00f3radar h\u00e1tul, k\u00e9tz\u00f3n\u00e1s kl\u00edmaberendez\u00e9s, valamint egy h\u0171thet\u0151 keszty\u0171tart\u00f3. A Tecnica v\u00e1ltozat ink\u00e1bb sportosabb ir\u00e1nyba viszi a Giuliett\u00e1t, n\u00e9h\u00e1ny dinamikusabb megjelen\u00e9si elem \u00e9s extra felszerelts\u00e9g r\u00e9v\u00e9n. A Speciale modell pedig m\u00e1r komolyabban hangs\u00falyozza a sportos karaktert: t\u00f6bb sportos k\u00fcls\u0151-bels\u0151 r\u00e9szlettel, r\u00e9szben Alcantara k\u00e1rpitoz\u00e1ssal, be\u00e9p\u00edtett navig\u00e1ci\u00f3val, els\u0151 parkol\u00f3szenzorokkal, Brembo f\u00e9kekkel, valamint automatikus vil\u00e1g\u00edt\u00e1ssal \u00e9s es\u0151\u00e9rz\u00e9kel\u0151 ablakt\u00f6rl\u0151kkel \u00e9rkezik.<\/p>\n<p>A cs\u00facsot jelent\u0151 Veloce v\u00e1ltozatban egy 238 l\u00f3er\u0151s, 1,75 literes turb\u00f3s benzinmotor dolgozik, amelyhez korm\u00e1ny m\u00f6g\u00f6tti v\u00e1lt\u00f3f\u00fclek, b\u0151r \u00e9s Alcantara kombin\u00e1lt k\u00e1rpitoz\u00e1s, 18 colos sportfelnik, nagyobb l\u00e9gbe\u00f6ml\u0151 \u00e9s \u00fcltetett sportfut\u00f3m\u0171 is t\u00e1rsul. Az Alfa Romeo teh\u00e1t j\u00f3l d\u00f6nt\u00f6tt, amikor \u00fagy alak\u00edtotta ki a Giulietta k\u00edn\u00e1lat\u00e1t, hogy az k\u00fcl\u00f6nb\u00f6z\u0151 benzin- \u00e9s d\u00edzelmotorokkal is el\u00e9rhet\u0151 legyen, ezzel sz\u00e9lesebb v\u00e1s\u00e1rl\u00f3k\u00f6z\u00f6ns\u00e9get c\u00e9lozva meg.<\/p>\n","protected":false},"excerpt":{"rendered":"<p>T\u00f3th Gabi Beyonc\u00e9 egyik h\u00edres sz\u00e1m\u00e1t pr\u00f3b\u00e1lta el\u0151adni, b\u00e1r a felismer\u00e9s nem volt egyszer\u0171 feladat. A TTokon ter\/ed\u0151 vi\/e\u00f3h\/z sokan&#8230; <span class=\"gridview-grid-post-read-more\"><a href=\"https:\/\/matrend.hu\/nekedinfo\/ossze-vissza-enekelt-toth-gabi\/\">read more<span class=\"gridview-sr-only\"> \u00d6ssze-vissza \u00e9nekelt T\u00f3th Gabi!<\/span><\/a><\/span><\/p>\n","protected":false},"author":1,"featured_media":3500,"comment_status":"open","ping_status":"open","sticky":false,"template":"","format":"standard","meta":{"footnotes":""},"categories":[1],"tags":[],"class_list":["post-3498","post","type-post","status-publish","format-standard","has-post-thumbnail","hentry","category-egyeb","wpcat-1-id"],"_links":{"self":[{"href":"https:\/\/matrend.hu\/nekedinfo\/wp-json\/wp\/v2\/posts\/3498","targetHints":{"allow":["GET"]}}],"collection":[{"href":"https:\/\/matrend.hu\/nekedinfo\/wp-json\/wp\/v2\/posts"}],"about":[{"href":"https:\/\/matrend.hu\/nekedinfo\/wp-json\/wp\/v2\/types\/post"}],"author":[{"embeddable":true,"href":"https:\/\/matrend.hu\/nekedinfo\/wp-json\/wp\/v2\/users\/1"}],"replies":[{"embeddable":true,"href":"https:\/\/matrend.hu\/nekedinfo\/wp-json\/wp\/v2\/comments?post=3498"}],"version-history":[{"count":1,"href":"https:\/\/matrend.hu\/nekedinfo\/wp-json\/wp\/v2\/posts\/3498\/revisions"}],"predecessor-version":[{"id":3501,"href":"https:\/\/matrend.hu\/nekedinfo\/wp-json\/wp\/v2\/posts\/3498\/revisions\/3501"}],"wp:featuredmedia":[{"embeddable":true,"href":"https:\/\/matrend.hu\/nekedinfo\/wp-json\/wp\/v2\/media\/3500"}],"wp:attachment":[{"href":"https:\/\/matrend.hu\/nekedinfo\/wp-json\/wp\/v2\/media?parent=3498"}],"wp:term":[{"taxonomy":"category","embeddable":true,"href":"https:\/\/matrend.hu\/nekedinfo\/wp-json\/wp\/v2\/categories?post=3498"},{"taxonomy":"post_tag","embeddable":true,"href":"https:\/\/matrend.hu\/nekedinfo\/wp-json\/wp\/v2\/tags?post=3498"}],"curies":[{"name":"wp","href":"https:\/\/api.w.org\/{rel}","templated":true}]}}