{"id":3499,"date":"2025-08-18T17:53:46","date_gmt":"2025-08-18T15:53:46","guid":{"rendered":"https:\/\/matrend.hu\/nekedinfo\/?p=3499"},"modified":"2025-08-19T12:29:51","modified_gmt":"2025-08-19T10:29:51","slug":"kiderult-hogy-hogyan-halt-meg-az-eltunt-futo","status":"publish","type":"post","link":"https:\/\/matrend.hu\/nekedinfo\/kiderult-hogy-hogyan-halt-meg-az-eltunt-futo\/","title":{"rendered":"Kider\u00fclt, hogy hogyan halt meg az elt\u0171nt fut\u00f3!"},"content":{"rendered":"<h3>Val\u00f3ban megtal\u00e1ltuk a f\u00e9rfi holtt-st\u00e9t a telep\u00fcl\u00e9s hat\u00e1r\u00e1ban. B\u0171ncselekm\u00e9ny gyan\u00faja nem mer\u00fclt fel. \u2013 Er\u0151s\u00edtette meg a Blikknek Janas\u00f3czki Attila, a Borsod-Aba\u00faj-Zempl\u00e9n V\u00e1rmegyei Rend\u0151r-f\u0151kapit\u00e1nys\u00e1g sz\u00f3viv\u0151je. A Fut\u00f3 \u00e9let\u00e9t val\u00f3sz\u00edn\u0171s\u00edthet\u0151en h\u00edrtelen sz\u00edvle\u00e1ll\u00e1s okozhatta.<br \/>\n\u00c1M A LEGFURCS\u00c1BB, HOGY NEM A FUT\u00d3VERSENY \u00daTVONAL\u00c1N TAL\u00c1LT\u00c1K MEG.<\/h3>\n<h3><span style=\"color: #ff0000;\"><strong>A h\u00edr nem \u00e9rt v\u00e9get! Folytat\u00e1shoz haszn\u00e1ld a K\u00d6VETKEZ\u0150 OLDAL gombot!<\/strong><\/span><\/h3>\n<h3 style=\"text-align: right;\"><a href=\"https:\/\/matrend.hu\/maitrend\/?p=3506\" target=\"_blank\" rel=\"noopener\"><span style=\"color: #ff0000;\">&#8212;&gt;&gt; K\u00d6VETKEZ\u0150 OLDAL<\/span><\/a><\/h3>\n<p>&#8211;<\/p>\n<p>\u00dczemeltet\u00e9si szempontb\u00f3l az EV3 kedvez\u0151 k\u00e9pet mutat: a teljesen elektromos hajt\u00e1sl\u00e1nc alacsony fenntart\u00e1si k\u00f6lts\u00e9geket biztos\u00edt, a GT-Line kivitel \u00e1r\u00e1t \u00fcgyesen konfigur\u00e1lva elker\u00fclhet\u0151 a brit luxusad\u00f3-k\u00fcsz\u00f6b, \u00e9s c\u00e9ges aut\u00f3k\u00e9nt is vonz\u00f3 v\u00e1laszt\u00e1s a 3%-os ad\u00f3kulcs miatt. A biztos\u00edt\u00e1si d\u00edjak viszont a versenyt\u00e1rsakhoz k\u00e9pest kiss\u00e9 magasabbak, mivel az EV3 modellek a 32E \u00e9s 36E biztos\u00edt\u00e1si kateg\u00f3ri\u00e1kba tartoznak, szemben p\u00e9ld\u00e1ul a Cupra Born vagy VW ID.3 kedvez\u0151bb 24-es besorol\u00e1s\u00e1val. A Kia hossz\u00fa t\u00e1v\u00fa garanci\u00e1ja szint\u00e9n megnyugtat\u00f3: az \u00e1ltal\u00e1nos j\u00f3t\u00e1ll\u00e1s 7 \u00e9vre vagy korl\u00e1tlan fut\u00e1steljes\u00edtm\u00e9nyre vonatkozik, m\u00edg az akkumul\u00e1tor 8 \u00e9vre vagy 160 ezer kilom\u00e9terre kap k\u00fcl\u00f6n garanci\u00e1t, amely legal\u00e1bb 70 sz\u00e1zal\u00e9kos kapacit\u00e1st garant\u00e1l a peri\u00f3dus v\u00e9g\u00e9re.<\/p>\n<p>Bels\u0151 tere letisztult, logikusan fel\u00e9p\u00edtett, \u00e9s sz\u00e1mos ponton a Kia nagyobb elektromos modelljeit, az EV6-ot \u00e9s az EV9-et id\u00e9zi. A k\u00e9t 12,3 h\u00fcvelykes k\u00e9perny\u0151 minden modellben alapfelszerelts\u00e9g, csak\u00fagy, mint a navig\u00e1ci\u00f3, a f\u0171thet\u0151 els\u0151 \u00fcl\u00e9sek \u00e9s korm\u00e1nyker\u00e9k, az adapt\u00edv tempomat, a LED-es vil\u00e1g\u00edt\u00e1s, a kulcs n\u00e9lk\u00fcli nyit\u00e1s, valamint az els\u0151 \u00e9s h\u00e1ts\u00f3 parkol\u00f3radar. A GT-Line felszerelts\u00e9g m\u00e1r vezet\u00e9k n\u00e9lk\u00fcli telefont\u00f6lt\u0151t, elektromosan \u00e1ll\u00edthat\u00f3 vezet\u0151\u00fcl\u00e9st \u00e9s f\u00e9nyes fekete k\u00fcls\u0151 d\u00edsz\u00edt\u00e9seket is tartalmaz, m\u00edg a GT-Line S modell m\u00e1r val\u00f3ban pr\u00e9mium extr\u00e1kat k\u00edn\u00e1l: h\u0171t\u00f6tt els\u0151, f\u0171t\u00f6tt h\u00e1ts\u00f3 \u00fcl\u00e9seket, Harman Kardon hangrendszert, 360 fokos kamerarendszert, head-up kijelz\u0151t \u00e9s napf\u00e9nytet\u0151t. A bels\u0151 anyagmin\u0151s\u00e9g \u00f6sszess\u00e9g\u00e9ben rendben van, b\u00e1r n\u00e9h\u00e1ny kem\u00e9nyebb m\u0171anyag ront az \u00f6sszhat\u00e1son. Az infotainment kezel\u00e9se egyszer\u0171, kiv\u00e9ve a vezet\u0151t\u00e1mogat\u00f3 rendszerek men\u00fcj\u00e9t, amely kicsit t\u00fal van bonyol\u00edtva.<\/p>\n","protected":false},"excerpt":{"rendered":"<p>Val\u00f3ban megtal\u00e1ltuk a f\u00e9rfi holtt-st\u00e9t a telep\u00fcl\u00e9s hat\u00e1r\u00e1ban. B\u0171ncselekm\u00e9ny gyan\u00faja nem mer\u00fclt fel. \u2013 Er\u0151s\u00edtette meg a Blikknek Janas\u00f3czki Attila,&#8230; <span class=\"gridview-grid-post-read-more\"><a href=\"https:\/\/matrend.hu\/nekedinfo\/kiderult-hogy-hogyan-halt-meg-az-eltunt-futo\/\">read more<span class=\"gridview-sr-only\"> Kider\u00fclt, hogy hogyan halt meg az elt\u0171nt fut\u00f3!<\/span><\/a><\/span><\/p>\n","protected":false},"author":1,"featured_media":3502,"comment_status":"open","ping_status":"open","sticky":false,"template":"","format":"standard","meta":{"footnotes":""},"categories":[1],"tags":[],"class_list":["post-3499","post","type-post","status-publish","format-standard","has-post-thumbnail","hentry","category-egyeb","wpcat-1-id"],"_links":{"self":[{"href":"https:\/\/matrend.hu\/nekedinfo\/wp-json\/wp\/v2\/posts\/3499","targetHints":{"allow":["GET"]}}],"collection":[{"href":"https:\/\/matrend.hu\/nekedinfo\/wp-json\/wp\/v2\/posts"}],"about":[{"href":"https:\/\/matrend.hu\/nekedinfo\/wp-json\/wp\/v2\/types\/post"}],"author":[{"embeddable":true,"href":"https:\/\/matrend.hu\/nekedinfo\/wp-json\/wp\/v2\/users\/1"}],"replies":[{"embeddable":true,"href":"https:\/\/matrend.hu\/nekedinfo\/wp-json\/wp\/v2\/comments?post=3499"}],"version-history":[{"count":2,"href":"https:\/\/matrend.hu\/nekedinfo\/wp-json\/wp\/v2\/posts\/3499\/revisions"}],"predecessor-version":[{"id":3511,"href":"https:\/\/matrend.hu\/nekedinfo\/wp-json\/wp\/v2\/posts\/3499\/revisions\/3511"}],"wp:featuredmedia":[{"embeddable":true,"href":"https:\/\/matrend.hu\/nekedinfo\/wp-json\/wp\/v2\/media\/3502"}],"wp:attachment":[{"href":"https:\/\/matrend.hu\/nekedinfo\/wp-json\/wp\/v2\/media?parent=3499"}],"wp:term":[{"taxonomy":"category","embeddable":true,"href":"https:\/\/matrend.hu\/nekedinfo\/wp-json\/wp\/v2\/categories?post=3499"},{"taxonomy":"post_tag","embeddable":true,"href":"https:\/\/matrend.hu\/nekedinfo\/wp-json\/wp\/v2\/tags?post=3499"}],"curies":[{"name":"wp","href":"https:\/\/api.w.org\/{rel}","templated":true}]}}