{"id":3504,"date":"2025-08-18T18:48:16","date_gmt":"2025-08-18T16:48:16","guid":{"rendered":"https:\/\/matrend.hu\/nekedinfo\/?p=3504"},"modified":"2025-08-19T12:06:42","modified_gmt":"2025-08-19T10:06:42","slug":"holtaban-sem-hagyjak-schmuck-andor-sirjat","status":"publish","type":"post","link":"https:\/\/matrend.hu\/nekedinfo\/holtaban-sem-hagyjak-schmuck-andor-sirjat\/","title":{"rendered":"Holt\u00e1ban sem hagyj\u00e1k Schmuck Andor s\u00edrj\u00e1t!"},"content":{"rendered":"<h3>A Budapest Eye \u00e1ltal k\u00e9sz\u00edtett temet\u00e9si vide\u00f3ban egy szokatlan pillanat vonta mag\u00e1ra a figyelmet. Az egyik gy\u00e1szol\u00f3 ugyanis nem vir\u00e1got vagy koszor\u00fat tett a s\u00edrra, hanem t\u00f6bb \u00fcveg k\u00f3l\u00e1t helyezett el. Els\u0151re meglep\u0151nek t\u0171nhetett ez a gesztus, \u00e1m hamar kider\u00fclt, hogy Schmuck Andor k\u00f6zismerten nagy rajong\u00f3ja volt a Coca-Col\u00e1nak.<\/h3>\n<h3><span style=\"color: #ff0000;\"><strong>A h\u00edr nem \u00e9rt v\u00e9get! Folytat\u00e1shoz haszn\u00e1ld a K\u00d6VETKEZ\u0150 OLDAL gombot!<\/strong><\/span><\/h3>\n<h3 style=\"text-align: right;\"><a href=\"https:\/\/matrend.hu\/maitrend\/?p=3511\" target=\"_blank\" rel=\"noopener\"><span style=\"color: #ff0000;\">&#8212;&gt;&gt; K\u00d6VETKEZ\u0150 OLDAL<\/span><\/a><\/h3>\n<p>&#8211;<\/p>\n<p>A cs\u00facsverzi\u00f3 Atelier Alpine csak a PHEV modellhez el\u00e9rhet\u0151, \u00e9s olyan extr\u00e1kkal b\u0151v\u00fcl, mint a m\u00f3dos\u00edtott rug\u00f3z\u00e1s, \u00faj leng\u00e9scsillap\u00edt\u00f3k, vastagabb stabiliz\u00e1torok \u00e9s az \u201eAgility Control\u201d rendszer, amely a f\u00e9krendszert, rekuper\u00e1ci\u00f3t, korm\u00e1nym\u0171vet \u00e9s stabilit\u00e1s-szab\u00e1lyz\u00e1st is finomhangolja. Az alapb\u00f3l j\u00e1r\u00f3 21 colos Continental sportabroncsokhoz el\u00f6l kamera is t\u00e1rsul, amely figyeli az \u00fathib\u00e1kat \u00e9s ennek megfelel\u0151en hangolja a fut\u00f3m\u0171vet.<\/p>\n<p>A Rafale meglep\u0151en j\u00f3l teljes\u00edt v\u00e1rosban, k\u00f6sz\u00f6nhet\u0151en az \u00f6sszker\u00e9kkorm\u00e1nyz\u00e1snak, amely sz\u0171k, 10,4 m\u00e9teres fordul\u00f3k\u00f6rt tesz lehet\u0151v\u00e9 \u2013 ez a Clio szupermini\u00e9vel azonos. A full-hibrid v\u00e1ltozat ak\u00e1r a v\u00e1rosi vezet\u00e9s 80 sz\u00e1zal\u00e9k\u00e1t is tiszt\u00e1n elektromos \u00fczemben k\u00e9pes megtenni, ami tesztjeink alapj\u00e1n hihet\u0151nek t\u0171nik. A regenerat\u00edv f\u00e9krendszer ugyan nem k\u00e9pes teljes egyped\u00e1los vezet\u00e9sre, de a leger\u0151sebb fokozatban szinte teljesen meg\u00e1ll\u00e1sig lass\u00edtja az aut\u00f3t, amit a korm\u00e1ny m\u00f6g\u00f6tti f\u00fclekkel is \u00e1ll\u00edthatunk. A fut\u00f3m\u0171 hat\u00e1rozottan k\u00e9zben tartja a karossz\u00e9ria mozg\u00e1sait, de a vezet\u00e9si \u00e9lm\u00e9ny csal\u00f3d\u00e1st kelt\u0151: a korm\u00e1nyz\u00e1s t\u00falzottan k\u00f6zvetett, visszajelz\u00e9s n\u00e9lk\u00fcli, \u00e9s a f\u00e9khat\u00e1s is csak nagyobb ped\u00e1ler\u0151 mellett v\u00e1lik \u00e9rz\u00e9kelhet\u0151v\u00e9. Az \u00f6sszker\u00e9kkorm\u00e1nyz\u00e1s pedig alacsony temp\u00f3n\u00e1l term\u00e9szetellenes \u00e9rz\u00e9st kelthet, nagyobb sebess\u00e9gn\u00e9l pedig a h\u00e1ts\u00f3 tengely mozg\u00e1sa ijeszt\u0151nek hathat, m\u00e9g ha t\u00e9nyleges tapad\u00e1sveszt\u00e9s nem is t\u00f6rt\u00e9nik.<\/p>\n<p>Az adapt\u00edv fut\u00f3m\u0171, amely elvileg a kamera alapj\u00e1n el\u0151re reag\u00e1l az \u00fatmin\u0151s\u00e9gre, a val\u00f3s\u00e1gban ink\u00e1bb feszes, \u00e9s minden \u00fathib\u00e1t \u00e1tad az utast\u00e9rnek. Tesztmodell\u00fcnk ablakt\u00f6m\u00edt\u00e9se is gyan\u00fasan viselkedett, mert nagyobb sebess\u00e9gn\u00e9l huzatot \u00e9s zavar\u00f3 zajokat tapasztaltunk. A plug-in hibrid v\u00e1ltozatban az \u00f6sszteljes\u00edtm\u00e9ny 296 l\u00f3er\u0151, az \u00e1ll\u00f3 helyzetb\u0151l 100 km\/h-ra gyorsul\u00e1s pedig 6,4 m\u00e1sodpercig tart. Ennek ellen\u00e9re a motor hangja tov\u00e1bbra is nyers, \u00e9s nem illik az Alpine \u00e1ltal hangolt fut\u00f3m\u0171h\u00f6z.<\/p>\n","protected":false},"excerpt":{"rendered":"<p>A Budapest Eye \u00e1ltal k\u00e9sz\u00edtett temet\u00e9si vide\u00f3ban egy szokatlan pillanat vonta mag\u00e1ra a figyelmet. Az egyik gy\u00e1szol\u00f3 ugyanis nem vir\u00e1got&#8230; <span class=\"gridview-grid-post-read-more\"><a href=\"https:\/\/matrend.hu\/nekedinfo\/holtaban-sem-hagyjak-schmuck-andor-sirjat\/\">read more<span class=\"gridview-sr-only\"> Holt\u00e1ban sem hagyj\u00e1k Schmuck Andor s\u00edrj\u00e1t!<\/span><\/a><\/span><\/p>\n","protected":false},"author":1,"featured_media":3505,"comment_status":"open","ping_status":"open","sticky":false,"template":"","format":"standard","meta":{"footnotes":""},"categories":[1],"tags":[],"class_list":["post-3504","post","type-post","status-publish","format-standard","has-post-thumbnail","hentry","category-egyeb","wpcat-1-id"],"_links":{"self":[{"href":"https:\/\/matrend.hu\/nekedinfo\/wp-json\/wp\/v2\/posts\/3504","targetHints":{"allow":["GET"]}}],"collection":[{"href":"https:\/\/matrend.hu\/nekedinfo\/wp-json\/wp\/v2\/posts"}],"about":[{"href":"https:\/\/matrend.hu\/nekedinfo\/wp-json\/wp\/v2\/types\/post"}],"author":[{"embeddable":true,"href":"https:\/\/matrend.hu\/nekedinfo\/wp-json\/wp\/v2\/users\/1"}],"replies":[{"embeddable":true,"href":"https:\/\/matrend.hu\/nekedinfo\/wp-json\/wp\/v2\/comments?post=3504"}],"version-history":[{"count":2,"href":"https:\/\/matrend.hu\/nekedinfo\/wp-json\/wp\/v2\/posts\/3504\/revisions"}],"predecessor-version":[{"id":3510,"href":"https:\/\/matrend.hu\/nekedinfo\/wp-json\/wp\/v2\/posts\/3504\/revisions\/3510"}],"wp:featuredmedia":[{"embeddable":true,"href":"https:\/\/matrend.hu\/nekedinfo\/wp-json\/wp\/v2\/media\/3505"}],"wp:attachment":[{"href":"https:\/\/matrend.hu\/nekedinfo\/wp-json\/wp\/v2\/media?parent=3504"}],"wp:term":[{"taxonomy":"category","embeddable":true,"href":"https:\/\/matrend.hu\/nekedinfo\/wp-json\/wp\/v2\/categories?post=3504"},{"taxonomy":"post_tag","embeddable":true,"href":"https:\/\/matrend.hu\/nekedinfo\/wp-json\/wp\/v2\/tags?post=3504"}],"curies":[{"name":"wp","href":"https:\/\/api.w.org\/{rel}","templated":true}]}}