{"id":3512,"date":"2025-08-19T15:47:54","date_gmt":"2025-08-19T13:47:54","guid":{"rendered":"https:\/\/matrend.hu\/nekedinfo\/?p=3512"},"modified":"2025-08-19T15:47:54","modified_gmt":"2025-08-19T13:47:54","slug":"tragedia-elhunyt-karda-bea-27-eves-fia","status":"publish","type":"post","link":"https:\/\/matrend.hu\/nekedinfo\/tragedia-elhunyt-karda-bea-27-eves-fia\/","title":{"rendered":"TRAG\u00c9DIA: Elhunyt Karda Bea 27 \u00e9ves fia!"},"content":{"rendered":"<h3>Elmondta, hogy mostohafia mind\u00f6ssze 27 \u00e9ves kor\u00e1ban \u00e9let\u00e9t vesztette. \u201eDr\u00e1ga F\u00e9rjem im\u00e1dott fia, Tekulics Tam\u00e1s 27 \u00e9ves kor\u00e1ban v\u00e1ratlanul elhunyt, \u00e9s hal\u00e1l\u00e1val t\u00f6bb ember \u00e9let\u00e9t megmentette, illetve meghosszab\u00edtotta. \u2013 \u00edrta Karda Bea a bejegyz\u00e9s\u00e9ben. Hogy pontosan mi t\u00f6rt\u00e9nt, nem r\u00e9szletezt\u00e9k.<br \/>\n\u00cdGY B\u00daCS\u00daZTAK T\u0150LE:<\/h3>\n<h3><span style=\"color: #ff0000;\"><strong>A h\u00edr nem \u00e9rt v\u00e9get! Folytat\u00e1shoz haszn\u00e1ld a K\u00d6VETKEZ\u0150 OLDAL gombot!<\/strong><\/span><\/h3>\n<h3 style=\"text-align: right;\"><a href=\"https:\/\/matrend.hu\/maitrend\/?p=3518\" target=\"_blank\" rel=\"noopener\"><span style=\"color: #ff0000;\">&#8212;&gt;&gt; K\u00d6VETKEZ\u0150 OLDAL<\/span><\/a><\/h3>\n<p>&#8211;<\/p>\n<p>V\u00e1rosban az opcion\u00e1lis h\u00e1ts\u00f3ker\u00e9k-korm\u00e1nyz\u00e1s jelent\u0151sen cs\u00f6kkenti a fordul\u00f3k\u00f6rt 12,53 m\u00e9terr\u0151l 10,95 m\u00e9terre, ami m\u00e1r kisaut\u00f3s szint, \u00e9s nagyban megk\u00f6nny\u00edti a parkol\u00e1st. Orsz\u00e1g\u00faton az aut\u00f3 kiv\u00e1l\u00f3 tapad\u00e1st biztos\u00edt, a korm\u00e1nyz\u00e1s k\u00f6nny\u0171, de prec\u00edz. Ha a vezet\u00e9si \u00e9lm\u00e9ny fontos szempont, \u00e9rdemes megrendelni a Stormer Handling Pack csomagot, amely n\u00e9gyker\u00e9k-korm\u00e1nyz\u00e1st, 48 voltos akt\u00edv borul\u00e1sg\u00e1tl\u00f3t, elektronikusan vez\u00e9relt differenci\u00e1lm\u0171vet \u00e9s nyomat\u00e9kvektoros rendszert is tartalmaz. Az \u00faj MLA-Flex platform 35 sz\u00e1zal\u00e9kkal merevebb, mint az el\u0151z\u0151, ez is jav\u00edtja az ir\u00e1ny\u00edthat\u00f3s\u00e1got. A tesztaut\u00f3 23 colos kerekeken futott, de \u00edgy is j\u00f3l elnyelte az \u00fathib\u00e1kat, \u00e9s a belt\u00e9r nyugodt, csendes maradt \u2013 a Porsche Cayenne ezzel nem tudja felvenni a versenyt.<\/p>\n<p>Aut\u00f3p\u00e1ly\u00e1n is kiemelked\u0151en k\u00e9nyelmes az utaz\u00e1s. A l\u00e9gzs\u00e1kos felf\u00fcggeszt\u00e9s, az akt\u00edv leng\u00e9scsillap\u00edt\u00f3k \u00e9s a zajcs\u00f6kkent\u0151 technol\u00f3gi\u00e1k gondoskodnak arr\u00f3l, hogy a hosszabb utak se legyenek f\u00e1raszt\u00f3ak. A k\u00fcl\u00f6nb\u00f6z\u0151 motorok meggy\u0151z\u0151 menetteljes\u00edtm\u00e9nyt k\u00edn\u00e1lnak: a bel\u00e9p\u0151 D250 modell is 7,3 m\u00e1sodperc alatt gyorsul 0-r\u00f3l 100-ra, a D350 pedig m\u00e1r 5,6 m\u00e1sodperc alatt. A D300 6,1 m\u00e1sodperces \u00e9rt\u00e9ke is elismer\u00e9sre m\u00e9lt\u00f3, mik\u00f6zben gazdas\u00e1gos marad hosszabb t\u00e1vokon is.<\/p>\n<p>A P460e \u00e9s P550e plug-in hibridek 5,3 \u00e9s 4,7 m\u00e1sodperc alatt gyorsulnak, m\u00edg a 523 l\u00f3er\u0151s P530 m\u00e1r 4,3 m\u00e1sodperc alatt van sz\u00e1zon, 250 km\/h-s v\u00e9gsebess\u00e9ggel. A cs\u00facsv\u00e1ltozat, a 627 l\u00f3er\u0151s SV pedig ak\u00e1r 3,6 m\u00e1sodperces sprintid\u0151t is el\u00e9r, f\u0151k\u00e9nt 23 colos karbonker\u00e9kkel. Ez a v\u00e1ltozat hidraulikus leng\u00e9scsillap\u00edt\u00f3kkal \u00e9s karbon-ker\u00e1mia f\u00e9kekkel van felszerelve, ami m\u00e9g sportosabb \u00e9lm\u00e9nyt ny\u00fajt.<\/p>\n","protected":false},"excerpt":{"rendered":"<p>Elmondta, hogy mostohafia mind\u00f6ssze 27 \u00e9ves kor\u00e1ban \u00e9let\u00e9t vesztette. \u201eDr\u00e1ga F\u00e9rjem im\u00e1dott fia, Tekulics Tam\u00e1s 27 \u00e9ves kor\u00e1ban v\u00e1ratlanul elhunyt,&#8230; <span class=\"gridview-grid-post-read-more\"><a href=\"https:\/\/matrend.hu\/nekedinfo\/tragedia-elhunyt-karda-bea-27-eves-fia\/\">read more<span class=\"gridview-sr-only\"> TRAG\u00c9DIA: Elhunyt Karda Bea 27 \u00e9ves fia!<\/span><\/a><\/span><\/p>\n","protected":false},"author":1,"featured_media":3513,"comment_status":"open","ping_status":"open","sticky":false,"template":"","format":"standard","meta":{"footnotes":""},"categories":[1],"tags":[],"class_list":["post-3512","post","type-post","status-publish","format-standard","has-post-thumbnail","hentry","category-egyeb","wpcat-1-id"],"_links":{"self":[{"href":"https:\/\/matrend.hu\/nekedinfo\/wp-json\/wp\/v2\/posts\/3512","targetHints":{"allow":["GET"]}}],"collection":[{"href":"https:\/\/matrend.hu\/nekedinfo\/wp-json\/wp\/v2\/posts"}],"about":[{"href":"https:\/\/matrend.hu\/nekedinfo\/wp-json\/wp\/v2\/types\/post"}],"author":[{"embeddable":true,"href":"https:\/\/matrend.hu\/nekedinfo\/wp-json\/wp\/v2\/users\/1"}],"replies":[{"embeddable":true,"href":"https:\/\/matrend.hu\/nekedinfo\/wp-json\/wp\/v2\/comments?post=3512"}],"version-history":[{"count":1,"href":"https:\/\/matrend.hu\/nekedinfo\/wp-json\/wp\/v2\/posts\/3512\/revisions"}],"predecessor-version":[{"id":3514,"href":"https:\/\/matrend.hu\/nekedinfo\/wp-json\/wp\/v2\/posts\/3512\/revisions\/3514"}],"wp:featuredmedia":[{"embeddable":true,"href":"https:\/\/matrend.hu\/nekedinfo\/wp-json\/wp\/v2\/media\/3513"}],"wp:attachment":[{"href":"https:\/\/matrend.hu\/nekedinfo\/wp-json\/wp\/v2\/media?parent=3512"}],"wp:term":[{"taxonomy":"category","embeddable":true,"href":"https:\/\/matrend.hu\/nekedinfo\/wp-json\/wp\/v2\/categories?post=3512"},{"taxonomy":"post_tag","embeddable":true,"href":"https:\/\/matrend.hu\/nekedinfo\/wp-json\/wp\/v2\/tags?post=3512"}],"curies":[{"name":"wp","href":"https:\/\/api.w.org\/{rel}","templated":true}]}}