{"id":3518,"date":"2025-08-19T16:55:46","date_gmt":"2025-08-19T14:55:46","guid":{"rendered":"https:\/\/matrend.hu\/nekedinfo\/?p=3518"},"modified":"2025-08-19T16:55:46","modified_gmt":"2025-08-19T14:55:46","slug":"megjott-a-2026-os-gaz-ara-ez-mar-hivatalos","status":"publish","type":"post","link":"https:\/\/matrend.hu\/nekedinfo\/megjott-a-2026-os-gaz-ara-ez-mar-hivatalos\/","title":{"rendered":"Megj\u00f6tt a 2026-os G\u00c1Z \u00c1RA! EZ M\u00c1R HIVATALOS!"},"content":{"rendered":"<h3>Hogyan \u00e9p\u00fcl fel a g\u00e1z \u00e1ra 2026-ben?<br \/>\nA magyarorsz\u00e1gi lakoss\u00e1g sz\u00e1m\u00e1ra 2026-ben a f\u00f6ldg\u00e1z \u00e1ra tov\u00e1bbra is 2 nagyon fontos \u00f6sszetev\u0151b\u0151l \u00e1ll:<br \/>\nRezsics\u00f6kkentett \u00e1r: Ez egy meghat\u00e1rozott \u00e9ves fogyaszt\u00e1si szintig (\u00e1ltal\u00e1ban 63 645 MJ\/\u00e9v, ami k\u00f6r\u00fclbel\u00fcl 1 729 m\u00b3 g\u00e1z) kedvezm\u00e9nyes \u00e1ron biztos\u00edtott. Ez az \u00e1r 2025-ben v\u00e1rhat\u00f3an tov\u00e1bbra is fix lesz.<\/h3>\n<h3><span style=\"color: #ff0000;\"><strong>A h\u00edr nem \u00e9rt v\u00e9get! Folytat\u00e1shoz haszn\u00e1ld a K\u00d6VETKEZ\u0150 OLDAL gombot!<\/strong><\/span><\/h3>\n<h3 style=\"text-align: right;\"><a href=\"https:\/\/matrend.hu\/maitrend\/?p=3524\" target=\"_blank\" rel=\"noopener\"><span style=\"color: #ff0000;\">&#8212;&gt;&gt; K\u00d6VETKEZ\u0150 OLDAL<\/span><\/a><\/h3>\n<p>&#8211;<\/p>\n<p>Az er\u0151t az aut\u00f3 mind a n\u00e9gy kereke fel\u00e9 tov\u00e1bb\u00edtja az alap\u00e1ron j\u00e1r\u00f3, hatfokozat\u00fa automata sebess\u00e9gv\u00e1lt\u00f3, amely k\u00e9zi vez\u00e9rl\u00e9st is lehet\u0151v\u00e9 tesz. Ehhez egy nyomat\u00e9k\u00e9rz\u00e9kel\u0151s k\u00f6zponti differenci\u00e1lm\u0171 csatlakozik, amely dinamikusan osztja el a forgat\u00f3nyomat\u00e9kot az els\u0151 \u00e9s h\u00e1ts\u00f3 tengely k\u00f6z\u00f6tt \u2013 mindezt a menetstabilit\u00e1s \u00e9rdek\u00e9ben. A vezet\u0151 k\u00fcl\u00f6n kapcsol\u00f3kkal z\u00e1rhatja a k\u00f6zponti differenci\u00e1lt, illetve aktiv\u00e1lhatja a felez\u0151t is, ami kifejezetten hasznos, ha a Land Cruiser terepre t\u00e9ved.<\/p>\n<p>A f\u00e9kteljes\u00edtm\u00e9ny meglep\u0151en j\u00f3 a j\u00e1rm\u0171 t\u00f6meg\u00e9t figyelembe v\u00e9ve. A f\u00e9kped\u00e1l hat\u00e1rozott nyom\u00e1sponttal b\u00edr, \u00e9s ar\u00e1nyosan adagolhat\u00f3. A nagy m\u00e9ret\u0171, szell\u0151ztetett t\u00e1rcsaf\u00e9kek \u2013 mind a n\u00e9gy sarokban \u2013 megb\u00edzhat\u00f3an \u00e9s hat\u00e1sosan lass\u00edtj\u00e1k az aut\u00f3t. Ugyanakkor a 70 mph (kb. 113 km\/h) sebess\u00e9gr\u0151l t\u00f6rt\u00e9n\u0151 meg\u00e1ll\u00e1shoz sz\u00fcks\u00e9ges 54,8 m\u00e9teres f\u00e9k\u00fat elmarad a Range Rover TDV8 50,45 m\u00e9teres \u00e9rt\u00e9k\u00e9t\u0151l. Mindezek ellen\u00e9re a Land Cruiser nem kelt &#8222;neh\u00e9z&#8221; \u00e9rz\u00e9st: a gyorsul\u00e1s egyenes vonalban hat\u00e1rozott, a f\u00e9kez\u00e9skor tapasztalt d\u0151l\u00e9sek j\u00f3l kontroll\u00e1ltak, \u00e9s a vezet\u00e9si poz\u00edci\u00f3 magass\u00e1ga ellen\u00e9re sosem \u00e9rezz\u00fck \u00fagy, mintha instabil lenne az aut\u00f3.<\/p>\n<p>A korm\u00e1nyz\u00e1s kis sebess\u00e9gn\u00e9l k\u00f6nnyed, de ahogy n\u0151 a temp\u00f3, fokozatosan nehezedik \u00e9s ellen\u00e1ll\u00e1sa kellemes m\u00e9rt\u00e9k\u0171 lesz. Dinamikus vezet\u00e9skor a korm\u00e1nyz\u00e1s meglep\u0151en prec\u00edz \u00e9s j\u00f3l kisz\u00e1m\u00edthat\u00f3, noha a hat\u00e1ron hajtva hajlamos alulkorm\u00e1nyozotts\u00e1gra. \u00c9rdekes m\u00f3don, ha egy kanyar k\u00f6zep\u00e9n f\u00e9kez\u00fcnk, az aut\u00f3 n\u00e9mi hajland\u00f3s\u00e1got mutat a far kit\u00f6r\u00e9s\u00e9re is \u2013 igaz, ezt csak hat\u00e1rhelyzetben tapasztaljuk.<\/p>\n<p>Terepen a Land Cruiser V8 hozza azt, amit m\u00e1r gener\u00e1ci\u00f3k \u00f3ta megszoktunk t\u0151le. A nagy hasmagass\u00e1g, a hossz\u00fa tengelyt\u00e1v \u00e9s a fejlett l\u00e9grug\u00f3s felf\u00fcggeszt\u00e9s r\u00e9v\u00e9n kiv\u00e1l\u00f3an boldogul a neh\u00e9z terepviszonyok k\u00f6z\u00f6tt is. Az alacsony sebess\u00e9gn\u00e9l automatikusan lekapcsol\u00f3d\u00f3 stabiliz\u00e1tor rudak \u00e9s a hagyom\u00e1nyos merev h\u00e1ts\u00f3 tengely kombin\u00e1ci\u00f3ja lehet\u0151v\u00e9 teszi, hogy ak\u00e1r 63 cm magas akad\u00e1lyokat is gond n\u00e9lk\u00fcl lek\u00fczdj\u00f6n an\u00e9lk\u00fcl, hogy a kerekek elvesz\u00edten\u00e9k a talajkapcsolatot. Ez a fajta rugalmass\u00e1g \u00e9s stabilit\u00e1s kulcsfontoss\u00e1g\u00fa, ha val\u00f3ban komoly terepen k\u00edv\u00e1njuk haszn\u00e1lni az aut\u00f3t.<\/p>\n","protected":false},"excerpt":{"rendered":"<p>Hogyan \u00e9p\u00fcl fel a g\u00e1z \u00e1ra 2026-ben? A magyarorsz\u00e1gi lakoss\u00e1g sz\u00e1m\u00e1ra 2026-ben a f\u00f6ldg\u00e1z \u00e1ra tov\u00e1bbra is 2 nagyon fontos&#8230; <span class=\"gridview-grid-post-read-more\"><a href=\"https:\/\/matrend.hu\/nekedinfo\/megjott-a-2026-os-gaz-ara-ez-mar-hivatalos\/\">read more<span class=\"gridview-sr-only\"> Megj\u00f6tt a 2026-os G\u00c1Z \u00c1RA! EZ M\u00c1R HIVATALOS!<\/span><\/a><\/span><\/p>\n","protected":false},"author":1,"featured_media":3519,"comment_status":"open","ping_status":"open","sticky":false,"template":"","format":"standard","meta":{"footnotes":""},"categories":[1],"tags":[],"class_list":["post-3518","post","type-post","status-publish","format-standard","has-post-thumbnail","hentry","category-egyeb","wpcat-1-id"],"_links":{"self":[{"href":"https:\/\/matrend.hu\/nekedinfo\/wp-json\/wp\/v2\/posts\/3518","targetHints":{"allow":["GET"]}}],"collection":[{"href":"https:\/\/matrend.hu\/nekedinfo\/wp-json\/wp\/v2\/posts"}],"about":[{"href":"https:\/\/matrend.hu\/nekedinfo\/wp-json\/wp\/v2\/types\/post"}],"author":[{"embeddable":true,"href":"https:\/\/matrend.hu\/nekedinfo\/wp-json\/wp\/v2\/users\/1"}],"replies":[{"embeddable":true,"href":"https:\/\/matrend.hu\/nekedinfo\/wp-json\/wp\/v2\/comments?post=3518"}],"version-history":[{"count":1,"href":"https:\/\/matrend.hu\/nekedinfo\/wp-json\/wp\/v2\/posts\/3518\/revisions"}],"predecessor-version":[{"id":3520,"href":"https:\/\/matrend.hu\/nekedinfo\/wp-json\/wp\/v2\/posts\/3518\/revisions\/3520"}],"wp:featuredmedia":[{"embeddable":true,"href":"https:\/\/matrend.hu\/nekedinfo\/wp-json\/wp\/v2\/media\/3519"}],"wp:attachment":[{"href":"https:\/\/matrend.hu\/nekedinfo\/wp-json\/wp\/v2\/media?parent=3518"}],"wp:term":[{"taxonomy":"category","embeddable":true,"href":"https:\/\/matrend.hu\/nekedinfo\/wp-json\/wp\/v2\/categories?post=3518"},{"taxonomy":"post_tag","embeddable":true,"href":"https:\/\/matrend.hu\/nekedinfo\/wp-json\/wp\/v2\/tags?post=3518"}],"curies":[{"name":"wp","href":"https:\/\/api.w.org\/{rel}","templated":true}]}}