{"id":3530,"date":"2025-08-20T12:44:19","date_gmt":"2025-08-20T10:44:19","guid":{"rendered":"https:\/\/matrend.hu\/nekedinfo\/?p=3530"},"modified":"2025-08-21T16:02:55","modified_gmt":"2025-08-21T14:02:55","slug":"majka-sulyos-autobalesetet-szenvedett","status":"publish","type":"post","link":"https:\/\/matrend.hu\/nekedinfo\/majka-sulyos-autobalesetet-szenvedett\/","title":{"rendered":"Majka s\u00falyos aut\u00f3balesetet szenvedett!"},"content":{"rendered":"<h3>Sz\u00e1mos balesetben \u00e9rintett volt, vagy \u00e9pphogy elker\u00fclte \u0151ket. A m\u0171sor sor\u00e1n, mik\u00f6zben \u00e9pp az R\/L Reggeli ad\u00e1s\u00e1ba tartott, vezet\u00e9s k\u00f6zben osztotta meg a hallgat\u00f3s\u00e1ggal a sokkol\u00f3bbn\u00e1l sokkol\u00f3bb t\u00f6rt\u00e9neteit. A rapper ugyanis k\u00e9t aut\u00f3balesetet is \u00e1t\u00e9lt \u00e9s mindk\u00e9t esetben s\u00e9rtetlen\u00fcl sz\u00e1llt ki a j\u00e1rm\u0171b\u0151l.<\/h3>\n<h3>Hozz\u00e1tette, hogy az egyik balesetn\u00e9l a t\u00e9rde ugyan megs\u00e9r\u00fclt, de semmi komolyabb baja nem t\u00f6rt\u00e9nt. Sok nagy dolgot meg\u00fasztam m\u00e1r \u2013 fogalmazott Majka, aki elmes\u00e9lte, hogy 2004 december\u00e9ben a Mald\u00edv-szigetekre k\u00e9sz\u00fclt, a rep\u00fcl\u0151je menetrend szerint reggel hatkor landolt volna azon a szigeten, ami \u2013 ahogy Majka mondta \u2013 \u201ereggel 9-re m\u00e1r nem volt a t\u00e9rk\u00e9pen\u201d.<\/h3>\n<p>Forr\u00e1s: MSN \/ FB<\/p>\n<p>&#8211;<\/p>\n<p>Az utast\u00e9rben a v\u00e1ltoz\u00e1sok ink\u00e1bb a technol\u00f3gia ir\u00e1ny\u00e1ba mutatnak, mintsem az anyaghaszn\u00e1latban. A k\u00f6zponti kijelz\u0151 most m\u00e1r jobban illeszkedik a m\u0171szerfalba, \u00e9s egy 7 colos digit\u00e1lis m\u0171szeregys\u00e9g eg\u00e9sz\u00edti ki az inform\u00e1ci\u00f3s rendszert. Alapfelszerelts\u00e9gben imm\u00e1r k\u00e9t USB-C csatlakoz\u00f3 \u00e9s elektromos k\u00e9zif\u00e9k is j\u00e1r, ami egy kor\u00e1bban ilyen kateg\u00f3ri\u00e1ban ritkas\u00e1gsz\u00e1mba men\u0151 k\u00e9nyelmi elem volt. A fels\u0151bb szinteken m\u00e9g b\u0151kez\u0171bb az ell\u00e1tm\u00e1ny: indukci\u00f3s telefont\u00f6lt\u0151t \u00e9s digit\u00e1lis kulcsot is kapunk, \u00edgy a bel\u00e9p\u00e9s \u00e9s az ind\u00edt\u00e1s is okoseszk\u00f6zr\u0151l vez\u00e9relhet\u0151v\u00e9 v\u00e1lik. Ugyanakkor a gy\u00e1rt\u00f3 tov\u00e1bbra is szem el\u0151tt tartja a modell megfizethet\u0151s\u00e9g\u00e9t, \u00edgy nem v\u00e1llalt t\u00falzott kock\u00e1zatot a pr\u00e9mium ir\u00e1ny\u00e1ba val\u00f3 elmozdul\u00e1sban. A m\u0171szerfalon p\u00e9ld\u00e1ul tov\u00e1bbra is kem\u00e9ny m\u0171anyagokat tal\u00e1lunk, \u00e9s a zajszigetel\u00e9s sem sz\u00e1m\u00edt k\u00fcl\u00f6n\u00f6sebben kifinomultnak. Ez tudatos d\u00f6nt\u00e9s eredm\u00e9nye: a Toyota szeretn\u00e9 az aut\u00f3 \u00e1r\u00e1t a lehet\u0151s\u00e9gekhez k\u00e9pest alacsonyan tartani, figyelembe v\u00e9ve a szigorod\u00f3 szab\u00e1lyoz\u00e1sokat \u00e9s az egyre ink\u00e1bb elker\u00fclhetetlen hibrid technol\u00f3gi\u00e1k integr\u00e1l\u00e1s\u00e1t.<\/p>\n<p>A komfort ter\u00e9n azonban t\u00f6rt\u00e9nt n\u00e9mi el\u0151rel\u00e9p\u00e9s \u2013 a puh\u00e1bb, k\u00e9nyelmesebb \u00fcl\u00e9sek p\u00e9ld\u00e1ul kifejezetten kellemes meglepet\u00e9st okoznak, f\u0151leg ebben a szegmensben, ahol ez gyakran nem \u00e9lvez priorit\u00e1st. A h\u00e1ts\u00f3 \u00fcl\u00e9sek k\u00f6rny\u00e9k\u00e9n azonban tov\u00e1bbra is kompromisszumokat kell k\u00f6tn\u00fcnk: a besz\u00e1ll\u00e1s neh\u00e9zkes, a helyk\u00edn\u00e1lat sz\u0171k\u00f6s, \u00e9s az ajt\u00f3k kialak\u00edt\u00e1sa sem t\u00fal praktikus. Ez alapj\u00e1n nem meglep\u0151, hogy az Aygo X tov\u00e1bbra is els\u0151sorban fiatal, v\u00e1rosi \u00e9letm\u00f3dot folytat\u00f3 egyed\u00fcl\u00e1ll\u00f3k vagy p\u00e1rok sz\u00e1m\u00e1ra ide\u00e1lis v\u00e1laszt\u00e1s, nem pedig csal\u00e1dok sz\u00e1m\u00e1ra.<\/p>\n<p>A csomagt\u00e9r viszont dics\u00e9retet \u00e9rdemel: b\u00e1r m\u00e9rete nem v\u00e1ltozott \u2013 tov\u00e1bbra is 231 literes \u2013, a tervez\u0151k okosan helyezt\u00e9k el az akkumul\u00e1tort, keresztben, a h\u00e1ts\u00f3 \u00fcl\u00e9sek alatt, \u00edgy a rendelkez\u00e9sre \u00e1ll\u00f3 helyet maxim\u00e1lisan ki tudt\u00e1k haszn\u00e1lni. Ez is j\u00f3l mutatja, hogy az Aygo X nemcsak st\u00edlusos, de praktikus gondolkod\u00e1s eredm\u00e9nye is, amely a korl\u00e1tok ellen\u00e9re is igyekszik min\u00e9l t\u00f6bbet ny\u00fajtani a c\u00e9lk\u00f6z\u00f6ns\u00e9g sz\u00e1m\u00e1ra.<\/p>\n","protected":false},"excerpt":{"rendered":"<p>Sz\u00e1mos balesetben \u00e9rintett volt, vagy \u00e9pphogy elker\u00fclte \u0151ket. A m\u0171sor sor\u00e1n, mik\u00f6zben \u00e9pp az R\/L Reggeli ad\u00e1s\u00e1ba tartott, vezet\u00e9s k\u00f6zben&#8230; <span class=\"gridview-grid-post-read-more\"><a href=\"https:\/\/matrend.hu\/nekedinfo\/majka-sulyos-autobalesetet-szenvedett\/\">read more<span class=\"gridview-sr-only\"> Majka s\u00falyos aut\u00f3balesetet szenvedett!<\/span><\/a><\/span><\/p>\n","protected":false},"author":1,"featured_media":3531,"comment_status":"open","ping_status":"open","sticky":false,"template":"","format":"standard","meta":{"footnotes":""},"categories":[1],"tags":[],"class_list":["post-3530","post","type-post","status-publish","format-standard","has-post-thumbnail","hentry","category-egyeb","wpcat-1-id"],"_links":{"self":[{"href":"https:\/\/matrend.hu\/nekedinfo\/wp-json\/wp\/v2\/posts\/3530","targetHints":{"allow":["GET"]}}],"collection":[{"href":"https:\/\/matrend.hu\/nekedinfo\/wp-json\/wp\/v2\/posts"}],"about":[{"href":"https:\/\/matrend.hu\/nekedinfo\/wp-json\/wp\/v2\/types\/post"}],"author":[{"embeddable":true,"href":"https:\/\/matrend.hu\/nekedinfo\/wp-json\/wp\/v2\/users\/1"}],"replies":[{"embeddable":true,"href":"https:\/\/matrend.hu\/nekedinfo\/wp-json\/wp\/v2\/comments?post=3530"}],"version-history":[{"count":3,"href":"https:\/\/matrend.hu\/nekedinfo\/wp-json\/wp\/v2\/posts\/3530\/revisions"}],"predecessor-version":[{"id":3547,"href":"https:\/\/matrend.hu\/nekedinfo\/wp-json\/wp\/v2\/posts\/3530\/revisions\/3547"}],"wp:featuredmedia":[{"embeddable":true,"href":"https:\/\/matrend.hu\/nekedinfo\/wp-json\/wp\/v2\/media\/3531"}],"wp:attachment":[{"href":"https:\/\/matrend.hu\/nekedinfo\/wp-json\/wp\/v2\/media?parent=3530"}],"wp:term":[{"taxonomy":"category","embeddable":true,"href":"https:\/\/matrend.hu\/nekedinfo\/wp-json\/wp\/v2\/categories?post=3530"},{"taxonomy":"post_tag","embeddable":true,"href":"https:\/\/matrend.hu\/nekedinfo\/wp-json\/wp\/v2\/tags?post=3530"}],"curies":[{"name":"wp","href":"https:\/\/api.w.org\/{rel}","templated":true}]}}