{"id":3539,"date":"2025-08-20T16:55:26","date_gmt":"2025-08-20T14:55:26","guid":{"rendered":"https:\/\/matrend.hu\/nekedinfo\/?p=3539"},"modified":"2025-08-20T16:55:26","modified_gmt":"2025-08-20T14:55:26","slug":"remhir-a-nyugdijasok-kozott-ami-igaznak-bizonyult","status":"publish","type":"post","link":"https:\/\/matrend.hu\/nekedinfo\/remhir-a-nyugdijasok-kozott-ami-igaznak-bizonyult\/","title":{"rendered":"R\u00e9mh\u00edr a nyugd\u00edjasok k\u00f6z\u00f6tt, ami igaznak bizonyult!"},"content":{"rendered":"<h3>Az \u00f6sszesen 30 ezer forint \u00e9rt\u00e9k\u0171 \u00e9lelmiszerutalv\u00e1nyt a vid\u00e9ki kisboltokban \u00e9s a nagyobb \u00fczletl\u00e1ncokban, valamint \u0151stermel\u0151kn\u00e9l is elk\u00f6lthetik majd a nyugd\u00edjasok, de csak, ha \u00e1t is veszik. \u201eaz egyetemes postai szolg\u00e1ltat\u00f3 a k\u00e9zbes\u00edt\u00e9st kiz\u00e1r\u00f3lag egyszer k\u00eds\u00e9rli meg\u201d. \u00c9s ebben vannak f\u00e9lre\u00e9rt\u00e9sek, miszerint: Mi t\u00f6rt\u00e9nik, ha nem vagyunk \u00e9ppen otthon?<\/h3>\n<h3><span style=\"color: #ff0000;\"><strong>A h\u00edr nem \u00e9rt v\u00e9get! Folytat\u00e1shoz haszn\u00e1ld a K\u00d6VETKEZ\u0150 OLDAL gombot!<\/strong><\/span><\/h3>\n<h3 style=\"text-align: right;\"><a href=\"https:\/\/matrend.hu\/maitrend\/?p=3545\" target=\"_blank\" rel=\"noopener\"><span style=\"color: #ff0000;\">&#8212;&gt;&gt; K\u00d6VETKEZ\u0150 OLDAL<\/span><\/a><\/h3>\n<p>&#8211;<\/p>\n<p>A ProCeed 5 mm-rel k\u00f6zelebb \u00fcl az \u00fathoz, mint az \u00f6tajt\u00f3s \u00e9s kombi testv\u00e9rei. A legsportosabb GT kivitelben a felf\u00fcggeszt\u00e9st feszesebb rug\u00f3kkal hangolt\u00e1k, mik\u00f6zben \u2013 tal\u00e1n meglep\u0151 m\u00f3don \u2013 a kanyarstabiliz\u00e1torokat l\u00e1gyabbra vett\u00e9k. Az eredm\u00e9ny az \u00faton j\u00f3l \u00e9rezhet\u0151: prec\u00edz ir\u00e1ny\u00edthat\u00f3s\u00e1g, j\u00f3l kontroll\u00e1lt oldald\u0151l\u00e9s \u00e9s figyelemre m\u00e9lt\u00f3 tapad\u00e1s. A rug\u00f3z\u00e1s ugyan kem\u00e9nyebb a megszokottn\u00e1l, de m\u00e9g mindig rugalmas, \u00e9s nem \u00fct \u00e1t az \u00fathib\u00e1kon.<br \/>\nA korm\u00e1nyz\u00e1s pontos \u00e9s kellemesen s\u00falyozott, de nem igaz\u00e1n ad visszajelz\u00e9st az \u00fatr\u00f3l. A kisebb teljes\u00edtm\u00e9ny\u0171 modellekhez t\u00e1rs\u00edtott k\u00e9zi v\u00e1lt\u00f3 finoman kapcsolhat\u00f3, viszont a GT modelln\u00e9l \u2013 amely kiz\u00e1r\u00f3lag a leger\u0151sebb motorral \u00e9s duplakuplungos automata (DCT) v\u00e1lt\u00f3val kaphat\u00f3 \u2013 akad egy kis b\u00f6kken\u0151. A v\u00e1lt\u00f3 reakci\u00f3i kiss\u00e9 lass\u00faak, \u00e9s a motor is tomp\u00e1bban reag\u00e1l, amikor maxim\u00e1lis gyorsul\u00e1st v\u00e1rn\u00e1nk t\u0151le.<\/p>\n<p>Motorok, gyorsul\u00e1s \u00e9s v\u00e9gsebess\u00e9g tekintet\u00e9ben az 1,4 literes turb\u00f3s benzines \u00e9s az 1,6 literes turb\u00f3d\u00edzel v\u00e1ltozatok sima j\u00e1r\u00e1s\u00faak \u00e9s viszonylag kifinomultak, de gyorsul\u00e1s ter\u00e9n nem t\u00fal izgalmasak. A 0\u2013100 km\/h-s gyorsul\u00e1si id\u0151 modell- \u00e9s v\u00e1lt\u00f3f\u00fcgg\u0151en valamivel t\u00f6bb mint 9 \u00e9s 10,5 m\u00e1sodperc k\u00f6z\u00f6tt alakul.<br \/>\nJelent\u0151s javul\u00e1st hoz a GT modell 1,6 literes turb\u00f3s GDi benzinmotorja, amely 7,5 m\u00e1sodperc alatt gyorsul 100-ra, v\u00e9gsebess\u00e9ge pedig el\u00e9ri a 225 km\/h-t. A vezet\u00e9si m\u00f3dv\u00e1laszt\u00f3 is sz\u00e9ria, amely \u00e9les\u00edti a g\u00e1zreakci\u00f3t, nehezebb\u00e9 teszi a korm\u00e1nyz\u00e1st, \u00e9s megnyitja a kipufog\u00f3szelepeket, sportosabb hangz\u00e1st eredm\u00e9nyezve. Nem t\u00fal extr\u00e9m, de ad egy kis plusz \u00e9lvezetet, m\u00e9g ha a teljes\u00edtm\u00e9nyt nem is n\u00f6veli \u00e9rdemben.<br \/>\nFogyaszt\u00e1s, CO\u2082-kibocs\u00e1t\u00e1s \u00e9s fenntart\u00e1si k\u00f6lts\u00e9gek tekintet\u00e9ben a ProCeed GT nem a leggazdas\u00e1gosabb, de nem is tartozik a legk\u00f6lts\u00e9gesebb sportos kombik k\u00f6z\u00e9. A legfrissebb WLTP ciklus szerinti hivatalos vegyes fogyaszt\u00e1sa 6,0 l\/100 km (39,3 mpg), ami nem hangzik t\u00fal j\u00f3l \u2013 eg\u00e9szen addig, am\u00edg figyelembe nem vessz\u00fck, hogy egy 201 l\u00f3er\u0151s, 1,6 literes turb\u00f3motorr\u00f3l van sz\u00f3. A leggazdas\u00e1gosabb \u00fczemm\u00f3dban 5,2 litert (45,5 mpg), m\u00edg a legrosszabb k\u00f6r\u00fclm\u00e9nyek k\u00f6z\u00f6tt 8,3 litert (28,2 mpg) fogyaszt.<\/p>\n","protected":false},"excerpt":{"rendered":"<p>Az \u00f6sszesen 30 ezer forint \u00e9rt\u00e9k\u0171 \u00e9lelmiszerutalv\u00e1nyt a vid\u00e9ki kisboltokban \u00e9s a nagyobb \u00fczletl\u00e1ncokban, valamint \u0151stermel\u0151kn\u00e9l is elk\u00f6lthetik majd a&#8230; <span class=\"gridview-grid-post-read-more\"><a href=\"https:\/\/matrend.hu\/nekedinfo\/remhir-a-nyugdijasok-kozott-ami-igaznak-bizonyult\/\">read more<span class=\"gridview-sr-only\"> R\u00e9mh\u00edr a nyugd\u00edjasok k\u00f6z\u00f6tt, ami igaznak bizonyult!<\/span><\/a><\/span><\/p>\n","protected":false},"author":1,"featured_media":3540,"comment_status":"open","ping_status":"open","sticky":false,"template":"","format":"standard","meta":{"footnotes":""},"categories":[1],"tags":[],"class_list":["post-3539","post","type-post","status-publish","format-standard","has-post-thumbnail","hentry","category-egyeb","wpcat-1-id"],"_links":{"self":[{"href":"https:\/\/matrend.hu\/nekedinfo\/wp-json\/wp\/v2\/posts\/3539","targetHints":{"allow":["GET"]}}],"collection":[{"href":"https:\/\/matrend.hu\/nekedinfo\/wp-json\/wp\/v2\/posts"}],"about":[{"href":"https:\/\/matrend.hu\/nekedinfo\/wp-json\/wp\/v2\/types\/post"}],"author":[{"embeddable":true,"href":"https:\/\/matrend.hu\/nekedinfo\/wp-json\/wp\/v2\/users\/1"}],"replies":[{"embeddable":true,"href":"https:\/\/matrend.hu\/nekedinfo\/wp-json\/wp\/v2\/comments?post=3539"}],"version-history":[{"count":1,"href":"https:\/\/matrend.hu\/nekedinfo\/wp-json\/wp\/v2\/posts\/3539\/revisions"}],"predecessor-version":[{"id":3541,"href":"https:\/\/matrend.hu\/nekedinfo\/wp-json\/wp\/v2\/posts\/3539\/revisions\/3541"}],"wp:featuredmedia":[{"embeddable":true,"href":"https:\/\/matrend.hu\/nekedinfo\/wp-json\/wp\/v2\/media\/3540"}],"wp:attachment":[{"href":"https:\/\/matrend.hu\/nekedinfo\/wp-json\/wp\/v2\/media?parent=3539"}],"wp:term":[{"taxonomy":"category","embeddable":true,"href":"https:\/\/matrend.hu\/nekedinfo\/wp-json\/wp\/v2\/categories?post=3539"},{"taxonomy":"post_tag","embeddable":true,"href":"https:\/\/matrend.hu\/nekedinfo\/wp-json\/wp\/v2\/tags?post=3539"}],"curies":[{"name":"wp","href":"https:\/\/api.w.org\/{rel}","templated":true}]}}