{"id":3548,"date":"2025-08-21T16:38:17","date_gmt":"2025-08-21T14:38:17","guid":{"rendered":"https:\/\/matrend.hu\/nekedinfo\/?p=3548"},"modified":"2025-08-21T16:38:17","modified_gmt":"2025-08-21T14:38:17","slug":"a-szive-adta-fel-a-szolgalatot-reviczky-gabornak","status":"publish","type":"post","link":"https:\/\/matrend.hu\/nekedinfo\/a-szive-adta-fel-a-szolgalatot-reviczky-gabornak\/","title":{"rendered":"A sz\u00edve adta fel a szolg\u00e1latot Reviczky G\u00e1bornak"},"content":{"rendered":"<h3>Reviczkyt nemr\u00e9g a V\u00e1rosmajori Sz\u00edv- \u00e9s \u00c9rgy\u00f3gy\u00e1szati Klinik\u00e1n m\u0171t\u00f6tt\u00e9k. \u00dagy fogalmazott, &#8222;volt egy kis gond a sz\u00edv\u00e9vel&#8221;. &#8222;Kaptam egy j\u00f3pofa pacemakert, ami rendszab\u00e1lyozza a sz\u00edvritmusomat.&#8221; Ez m\u00e1r egy \u00fajfajta k\u00e9sz\u00fcl\u00e9k, de p\u00e9ld\u00e1ul nem tehetem a mobilomat a bal fels\u0151 ingzsebembe, mert bezavarhatja. &#8211; nyiltakozta Reviczky G\u00e1bor.<br \/>\nA m\u0171t\u00e9t ut\u00f3hat\u00e1sai:<\/h3>\n<h3><span style=\"color: #ff0000;\"><strong>A h\u00edr nem \u00e9rt v\u00e9get! Folytat\u00e1shoz haszn\u00e1ld a K\u00d6VETKEZ\u0150 OLDAL gombot!<\/strong><\/span><\/h3>\n<h3 style=\"text-align: right;\"><a href=\"https:\/\/matrend.hu\/maitrend\/?p=3553\" target=\"_blank\" rel=\"noopener\"><span style=\"color: #ff0000;\">&#8212;&gt;&gt; K\u00d6VETKEZ\u0150 OLDAL<\/span><\/a><\/h3>\n<p>&#8211;<\/p>\n<p>Peugeot E-208 minden v\u00e1ltozata 10 h\u00fcvelykes \u00e9rint\u0151k\u00e9perny\u0151s infotainment rendszerrel van felszerelve, amely vezet\u00e9k n\u00e9lk\u00fcli Apple CarPlay \u00e9s Android Auto csatlakoz\u00e1st biztos\u00edt. Emellett LED-es f\u00e9nysz\u00f3r\u00f3kkal \u00e9s h\u00e1ts\u00f3 l\u00e1mp\u00e1kkal, automatikus vil\u00e1g\u00edt\u00e1ssal \u00e9s ablakt\u00f6rl\u0151kkel, kl\u00edmaberendez\u00e9ssel \u00e9s h\u00e1ts\u00f3 parkol\u00f3szenzorokkal is rendelkezik. Azonban ahhoz, hogy k\u00f6nny\u0171f\u00e9m felniket, HD kijelz\u0151t, 10 h\u00fcvelykes digit\u00e1lis m\u0171szeregys\u00e9get, els\u0151 parkol\u00f3szenzorokat \u00e9s s\u00f6t\u00e9t\u00edtett h\u00e1ts\u00f3 ablakokat kapjunk, Allure vagy GT felszerelts\u00e9gi szintre kell v\u00e1ltani. A GT modell pr\u00e9mium hat\u00e1st kelt 17 h\u00fcvelykes gy\u00e9m\u00e1ntcsiszolt felnijeivel, kulcsn\u00e9lk\u00fcli nyit\u00e1s\u00e1val \u00e9s ind\u00edt\u00e1s\u00e1val, sz\u00ednes tolat\u00f3kamer\u00e1j\u00e1val, hangulatvil\u00e1g\u00edt\u00e1s\u00e1val, sport\u00fcl\u00e9seivel, perfor\u00e1lt b\u0151r korm\u00e1nykerek\u00e9vel \u00e9s sz\u00e1mos k\u00fcls\u0151-bels\u0151 diz\u00e1jnelemmel.<\/p>\n<p>A Peugeot m\u00e1rka azon n\u00f6vekv\u0151 sz\u00e1m\u00fa gy\u00e1rt\u00f3k k\u00f6z\u00e9 tartozik, amelyek jogosultak a 2025 j\u00falius\u00e1ban bevezetett \u00e1llami elektromos aut\u00f3 t\u00e1mogat\u00e1sra (Electric Car Grant, ECG). Az E-208 az egyik azon h\u00e1rom Peugeot modell k\u00f6z\u00fcl, amely megkapja az automatikusan levon\u00e1sra ker\u00fcl\u0151 1 500 fontos kedvezm\u00e9nyt.<\/p>\n<p>Ha \u00e9rdekel egy E-208, t\u00f6bb lehet\u0151s\u00e9g k\u00f6z\u00fcl v\u00e1laszthatsz: konfigur\u00e1lhatod az ide\u00e1lis v\u00e1ltozatot, b\u00f6ng\u00e9szhetsz a leg\u00fajabb l\u00edzingaj\u00e1nlatok k\u00f6z\u00f6tt, kereshetsz haszn\u00e1lt p\u00e9ld\u00e1nyokat, vagy el is adhatod megl\u00e9v\u0151 aut\u00f3dat az Auto Express Sell My Car szolg\u00e1ltat\u00e1s\u00e1n kereszt\u00fcl. A vezet\u00e9si \u00e9lm\u00e9ny szempontj\u00e1b\u00f3l az E-208 kellemes, de a 50 \u00e9s 51 kWh-s v\u00e1ltozatok k\u00f6z\u00f6tt alig van k\u00fcl\u00f6nbs\u00e9g. M\u00e1r az alapverzi\u00f3 is j\u00f3l kiegyens\u00falyozott szupermini volt, amely v\u00e1rosi k\u00f6rnyezetben rugalmas fut\u00f3m\u0171vet \u00e9s gyors g\u00e1zreakci\u00f3t k\u00edn\u00e1l, \u00edgy k\u00f6nnyen lehet vele man\u0151verezni. Nagyobb sebess\u00e9gn\u00e9l ugyan kiss\u00e9 ingadoz\u00f3 a korm\u00e1nyz\u00e1s s\u00falyoz\u00e1sa, \u00e9s enyhe d\u0151l\u00e9sek, illetve \u201efejcs\u00f3v\u00e1l\u00e1s\u201d is el\u0151fordulhat kanyarod\u00e1skor, de \u00f6sszess\u00e9g\u00e9ben az aut\u00f3 biztons\u00e1gos \u00e9s kisz\u00e1m\u00edthat\u00f3. A vezet\u00e9s nem k\u00fcl\u00f6n\u00f6sebben \u00e9lvezetes \u2013 ez nem az a t\u00edpus, amit \u00e9lm\u00e9nyszer\u0171en lehet \u201edob\u00e1lni\u201d \u2013, viszont kellemesen k\u00e9nyelmes hosszabb t\u00e1vokon is, f\u0151leg v\u00e1rosi vagy aut\u00f3p\u00e1ly\u00e1s haszn\u00e1latra ide\u00e1lis.<\/p>\n","protected":false},"excerpt":{"rendered":"<p>Reviczkyt nemr\u00e9g a V\u00e1rosmajori Sz\u00edv- \u00e9s \u00c9rgy\u00f3gy\u00e1szati Klinik\u00e1n m\u0171t\u00f6tt\u00e9k. \u00dagy fogalmazott, &#8222;volt egy kis gond a sz\u00edv\u00e9vel&#8221;. &#8222;Kaptam egy j\u00f3pofa&#8230; <span class=\"gridview-grid-post-read-more\"><a href=\"https:\/\/matrend.hu\/nekedinfo\/a-szive-adta-fel-a-szolgalatot-reviczky-gabornak\/\">read more<span class=\"gridview-sr-only\"> A sz\u00edve adta fel a szolg\u00e1latot Reviczky G\u00e1bornak<\/span><\/a><\/span><\/p>\n","protected":false},"author":1,"featured_media":3549,"comment_status":"open","ping_status":"open","sticky":false,"template":"","format":"standard","meta":{"footnotes":""},"categories":[1],"tags":[],"class_list":["post-3548","post","type-post","status-publish","format-standard","has-post-thumbnail","hentry","category-egyeb","wpcat-1-id"],"_links":{"self":[{"href":"https:\/\/matrend.hu\/nekedinfo\/wp-json\/wp\/v2\/posts\/3548","targetHints":{"allow":["GET"]}}],"collection":[{"href":"https:\/\/matrend.hu\/nekedinfo\/wp-json\/wp\/v2\/posts"}],"about":[{"href":"https:\/\/matrend.hu\/nekedinfo\/wp-json\/wp\/v2\/types\/post"}],"author":[{"embeddable":true,"href":"https:\/\/matrend.hu\/nekedinfo\/wp-json\/wp\/v2\/users\/1"}],"replies":[{"embeddable":true,"href":"https:\/\/matrend.hu\/nekedinfo\/wp-json\/wp\/v2\/comments?post=3548"}],"version-history":[{"count":1,"href":"https:\/\/matrend.hu\/nekedinfo\/wp-json\/wp\/v2\/posts\/3548\/revisions"}],"predecessor-version":[{"id":3550,"href":"https:\/\/matrend.hu\/nekedinfo\/wp-json\/wp\/v2\/posts\/3548\/revisions\/3550"}],"wp:featuredmedia":[{"embeddable":true,"href":"https:\/\/matrend.hu\/nekedinfo\/wp-json\/wp\/v2\/media\/3549"}],"wp:attachment":[{"href":"https:\/\/matrend.hu\/nekedinfo\/wp-json\/wp\/v2\/media?parent=3548"}],"wp:term":[{"taxonomy":"category","embeddable":true,"href":"https:\/\/matrend.hu\/nekedinfo\/wp-json\/wp\/v2\/categories?post=3548"},{"taxonomy":"post_tag","embeddable":true,"href":"https:\/\/matrend.hu\/nekedinfo\/wp-json\/wp\/v2\/tags?post=3548"}],"curies":[{"name":"wp","href":"https:\/\/api.w.org\/{rel}","templated":true}]}}