{"id":3551,"date":"2025-08-21T16:59:46","date_gmt":"2025-08-21T14:59:46","guid":{"rendered":"https:\/\/matrend.hu\/nekedinfo\/?p=3551"},"modified":"2025-08-21T16:59:46","modified_gmt":"2025-08-21T14:59:46","slug":"kiderult-ki-a-tettes-a-nagydorogi-gyermek-ugyeben","status":"publish","type":"post","link":"https:\/\/matrend.hu\/nekedinfo\/kiderult-ki-a-tettes-a-nagydorogi-gyermek-ugyeben\/","title":{"rendered":"Kider\u00fclt ki a tettes a Nagydorogi gyermek \u00fcgy\u00e9ben!"},"content":{"rendered":"<h3>Ugyanakkor a csal\u00e1d otthon\u00e1hoz k\u00f6zeli mell\u00e9kutca lak\u00f3i arr\u00f3l sz\u00e1moltak be, hogy l\u00e1tt\u00e1k a n\u0151t: lehajtott fejjel tolta a babakocsit a falu hat\u00e1ra fel\u00e9, nem k\u00f6sz\u00f6nt vissza, \u00e9s \u00fagy t\u0171nt, mintha nem lett volna teljesen mag\u00e1n\u00e1l. A csecsem\u0151t hat \u00f3r\u00e1s keres\u00e9s ut\u00e1n az utca v\u00e9g\u00e9n, a falu hat\u00e1r\u00e1ban l\u00e9v\u0151 kukoric\u00e1s mellett tal\u00e1lt\u00e1k meg. Ment\u0151t h\u00edvtak hozz\u00e1, de az orvos m\u00e1r nem tudott rajta seg\u00edteni. Meg\u00e1llap\u00edtottam hogy a gyermeket eg\u00e9szen biztosan meg-lt\u00e9k.<br \/>\nEKKOR J\u00d6TT A FORDULAT AZ \u00dcGYBEN<\/h3>\n<h3><span style=\"color: #ff0000;\"><strong>A h\u00edr nem \u00e9rt v\u00e9get! Folytat\u00e1shoz haszn\u00e1ld a K\u00d6VETKEZ\u0150 OLDAL gombot!<\/strong><\/span><\/h3>\n<h3 style=\"text-align: right;\"><a href=\"https:\/\/matrend.hu\/maitrend\/?p=3556\" target=\"_blank\" rel=\"noopener\"><span style=\"color: #ff0000;\">&#8212;&gt;&gt; K\u00d6VETKEZ\u0150 OLDAL<\/span><\/a><\/h3>\n<p>&#8211;<\/p>\n<p>Amint \u00e1tl\u00e9ped a 135 km\/h-s sebess\u00e9get \u2013 k\u00fcl\u00f6n\u00f6sen a magasabb fokozatokban \u2013, az Evoque P300e m\u00e1r eg\u00e9szen m\u00e1s aut\u00f3k\u00e9nt viselkedik; m\u00e9g ha ez a brit aut\u00f3sok t\u00f6bbs\u00e9g\u00e9nek nem is lesz l\u00e9nyeges szempont. Ilyenkor az aut\u00f3 er\u0151tlennek \u00e9s lass\u00fanak t\u0171nik, amit a m\u00e9rt gyorsul\u00e1si adatok is egy\u00e9rtelm\u0171en al\u00e1t\u00e1masztanak. \u00d6t\u00f6dik fokozatban 96\u2013128 km\/h k\u00f6z\u00f6tt mind\u00f6ssze 6,3 m\u00e1sodpercre van sz\u00fcks\u00e9ge \u2013 ugyanannyi, mint a leg\u00fajabb Polo GTI-nek. Viszont 128\u2013160 km\/h k\u00f6z\u00f6tt m\u00e1r 17,4 m\u00e1sodperc kell neki \u2013 ez majdnem k\u00e9tszer annyi id\u0151, mint egy k\u00f6z\u00e9pkateg\u00f3ri\u00e1s Golf Mk8 1.5 eTSI-nek. R\u00f6viden: ha valaha is \u00e1tl\u00e9ped a 135 km\/h-t ezzel az aut\u00f3val, \u00e9rezni fogod a k\u00fcl\u00f6nbs\u00e9get \u2013 \u00e9s ez egy kicsit le is csiszolhatja az egy\u00e9bk\u00e9nt j\u00f3l kiegyens\u00falyozott hajt\u00e1sl\u00e1nc ir\u00e1nti lelkesed\u00e9sedet.<\/p>\n<p>B\u00e1r az Egyes\u00fclt Kir\u00e1lys\u00e1gban ritk\u00e1n fogsz 135 km\/h f\u00f6l\u00e9 gyors\u00edtani, hasonl\u00f3 tapasztalatban lehet r\u00e9szed, ha az akkumul\u00e1tor lemer\u00fcl. Ilyenkor ugyanis az elektromotor nem tud jelent\u0151s teljes\u00edtm\u00e9nyt leadni, \u00e9s a h\u00e1romhengeres benzinmotornak kell elb\u00edrnia a 2,2 tonn\u00e1s aut\u00f3 teljes t\u00f6meg\u00e9t egyed\u00fcl. Az Evoque ilyenkor \u00e9rezhet\u0151en lomha, a v\u00e1lt\u00e1sok \u00e9szrevehet\u0151v\u00e9 v\u00e1lnak, \u00e9s a kis motor hangosan tiltakozik. Ha hideg reggelen, lemer\u00fclt akkumul\u00e1torral ind\u00edtod el, eg\u00e9szen szenved\u0151 hangot ad ki.<\/p>\n<p>Az Evoque h\u00e1rom f\u0151 vezet\u00e9si m\u00f3dot k\u00edn\u00e1l: EV, Hybrid \u00e9s Save \u2013 ezek nagyj\u00e1b\u00f3l azt ny\u00fajtj\u00e1k, amit a nev\u00fck \u00edg\u00e9r. Egy apr\u00f3 kellemetlens\u00e9g, hogy a \u201eSave\u201d m\u00f3d nem engedi megadni, pontosan mennyi t\u00f6lt\u00f6tts\u00e9get szeretn\u00e9l megtartani \u2013 egyszer\u0171en elkezd t\u00f6lteni, \u00e9s ehhez viszonylag sok \u00fczemanyagot haszn\u00e1l fel.<\/p>\n<p>Ez az els\u0151 Evoque, amely vezet\u00e9k n\u00e9lk\u00fcli, \u00fan. \u201eby-wire\u201d f\u00e9krendszert haszn\u00e1l. Ennek l\u00e9nyege, hogy az aut\u00f3 k\u00e9pes intelligensen \u00f6sszehangolni a regenerat\u00edv \u00e9s a hagyom\u00e1nyos f\u00e9kez\u00e9st, \u00edgy a ped\u00e1l minden k\u00f6r\u00fclm\u00e9nyek k\u00f6z\u00f6tt egyenletesen reag\u00e1l \u2013 \u00e9s val\u00f3ban, a rendszer j\u00f3l m\u0171k\u00f6dik. A ped\u00e1l\u00fat nem t\u0171nik holtpontosnak vagy darabosnak, \u00e9s az aut\u00f3 alacsony sebess\u00e9gn\u00e9l is finoman ir\u00e1ny\u00edthat\u00f3.<\/p>\n","protected":false},"excerpt":{"rendered":"<p>Ugyanakkor a csal\u00e1d otthon\u00e1hoz k\u00f6zeli mell\u00e9kutca lak\u00f3i arr\u00f3l sz\u00e1moltak be, hogy l\u00e1tt\u00e1k a n\u0151t: lehajtott fejjel tolta a babakocsit a&#8230; <span class=\"gridview-grid-post-read-more\"><a href=\"https:\/\/matrend.hu\/nekedinfo\/kiderult-ki-a-tettes-a-nagydorogi-gyermek-ugyeben\/\">read more<span class=\"gridview-sr-only\"> Kider\u00fclt ki a tettes a Nagydorogi gyermek \u00fcgy\u00e9ben!<\/span><\/a><\/span><\/p>\n","protected":false},"author":1,"featured_media":3552,"comment_status":"open","ping_status":"open","sticky":false,"template":"","format":"standard","meta":{"footnotes":""},"categories":[1],"tags":[],"class_list":["post-3551","post","type-post","status-publish","format-standard","has-post-thumbnail","hentry","category-egyeb","wpcat-1-id"],"_links":{"self":[{"href":"https:\/\/matrend.hu\/nekedinfo\/wp-json\/wp\/v2\/posts\/3551","targetHints":{"allow":["GET"]}}],"collection":[{"href":"https:\/\/matrend.hu\/nekedinfo\/wp-json\/wp\/v2\/posts"}],"about":[{"href":"https:\/\/matrend.hu\/nekedinfo\/wp-json\/wp\/v2\/types\/post"}],"author":[{"embeddable":true,"href":"https:\/\/matrend.hu\/nekedinfo\/wp-json\/wp\/v2\/users\/1"}],"replies":[{"embeddable":true,"href":"https:\/\/matrend.hu\/nekedinfo\/wp-json\/wp\/v2\/comments?post=3551"}],"version-history":[{"count":2,"href":"https:\/\/matrend.hu\/nekedinfo\/wp-json\/wp\/v2\/posts\/3551\/revisions"}],"predecessor-version":[{"id":3578,"href":"https:\/\/matrend.hu\/nekedinfo\/wp-json\/wp\/v2\/posts\/3551\/revisions\/3578"}],"wp:featuredmedia":[{"embeddable":true,"href":"https:\/\/matrend.hu\/nekedinfo\/wp-json\/wp\/v2\/media\/3552"}],"wp:attachment":[{"href":"https:\/\/matrend.hu\/nekedinfo\/wp-json\/wp\/v2\/media?parent=3551"}],"wp:term":[{"taxonomy":"category","embeddable":true,"href":"https:\/\/matrend.hu\/nekedinfo\/wp-json\/wp\/v2\/categories?post=3551"},{"taxonomy":"post_tag","embeddable":true,"href":"https:\/\/matrend.hu\/nekedinfo\/wp-json\/wp\/v2\/tags?post=3551"}],"curies":[{"name":"wp","href":"https:\/\/api.w.org\/{rel}","templated":true}]}}