{"id":3556,"date":"2025-08-21T19:11:52","date_gmt":"2025-08-21T17:11:52","guid":{"rendered":"https:\/\/matrend.hu\/nekedinfo\/?p=3556"},"modified":"2025-08-21T19:11:52","modified_gmt":"2025-08-21T17:11:52","slug":"kirepult-a-jarmubol-a-10-eves-kislany","status":"publish","type":"post","link":"https:\/\/matrend.hu\/nekedinfo\/kirepult-a-jarmubol-a-10-eves-kislany\/","title":{"rendered":"Kirep\u00fclt a j\u00e1rm\u0171b\u0151l a 10 \u00e9ves kisl\u00e1ny!"},"content":{"rendered":"<h3>A gyors beavatkoz\u00e1s ellen\u00e9re a ment\u0151s\u00f6knek nem siker\u00fclt megmenteni\u00fck a kisl\u00e1ny \u00e9let\u00e9t. A helysz\u00ednen rend\u0151rs\u00e9gi vizsg\u00e1lat indult. A rend\u0151r\u00f6k alk\/h\/lszond\u00e1s vizsg\u00e1latnak vetett\u00e9k al\u00e1 a f\u00e9rfit, aki a m\u00e9r\u00e9s sor\u00e1n 0,54 ezrel\u00e9ket f\u00fajt.<br \/>\nEZ\u00c9RT ESETT KI:<\/h3>\n<h3><span style=\"color: #ff0000;\"><strong>A h\u00edr nem \u00e9rt v\u00e9get! Folytat\u00e1shoz haszn\u00e1ld a K\u00d6VETKEZ\u0150 OLDAL gombot!<\/strong><\/span><\/h3>\n<h3 style=\"text-align: right;\"><a href=\"https:\/\/matrend.hu\/maitrend\/?p=3561\" target=\"_blank\" rel=\"noopener\"><span style=\"color: #ff0000;\">&#8212;&gt;&gt; K\u00d6VETKEZ\u0150 OLDAL<\/span><\/a><\/h3>\n<p>&#8211;<\/p>\n<p>Amikor a Megane E-Tech modellt tesztelt\u00fck a Skoda Elroq ellen, sokf\u00e9le vezet\u00e9si k\u00f6r\u00fclm\u00e9nyt pr\u00f3b\u00e1ltunk ki, bele\u00e9rtve jelent\u0151s aut\u00f3p\u00e1ly\u00e1s szakaszokat is \u2013 ami k\u00f6ztudottan nem kedvez az elektromos aut\u00f3k hat\u00e9konys\u00e1g\u00e1nak. Ennek f\u00e9ny\u00e9ben, valamint a tesztel\u00e9s id\u0151pontj\u00e1ra jellemz\u0151 h\u0171v\u00f6s h\u0151m\u00e9rs\u00e9kletek mellett csal\u00f3d\u00e1st kelt\u0151 volt, hogy az \u00e1tlagos fogyaszt\u00e1s mind\u00f6ssze 3,8 m\u00e9rf\u00f6ld\/kWh lett, alig jobb, mint a nagyobb m\u00e9ret\u0171 Elroq eset\u00e9ben m\u00e9rt 3,7 m\u00e9rf\u00f6ld\/kWh. Ez az \u00e9rt\u00e9k val\u00f3s hat\u00f3t\u00e1vols\u00e1gban kb. 228 m\u00e9rf\u00f6ldet jelent, ami v\u00e1rosi k\u00f6zleked\u00e9sre elegend\u0151, de nem ide\u00e1lis azoknak, akik rendszeresen hossz\u00fa t\u00e1vokat tesznek meg aut\u00f3p\u00e1ly\u00e1n.<\/p>\n<p>A Megane E-Tech ak\u00e1r 130 kW-os gyorst\u00f6lt\u00e9sre is k\u00e9pes, \u00edgy 15\u201380%-os t\u00f6lt\u00e9s ak\u00e1r 32 perc alatt is el\u00e9rhet\u0151. \u00c9rdemes el\u0151re \u00fatvonalat tervezni olyan t\u00f6lt\u0151\u00e1llom\u00e1sra, ahol t\u00f6lteni szeretn\u00e9l, mivel a Megane el\u0151kondicion\u00e1lni tudja az akkumul\u00e1tort \u2013 vagyis felmeleg\u00edti az optim\u00e1lis h\u0151m\u00e9rs\u00e9kletre, \u00edgy gyorsabb lesz a t\u00f6lt\u00e9s, amikor csatlakoztatod a t\u00f6lt\u0151h\u00f6z. E funkci\u00f3 n\u00e9lk\u00fcl \u2013 f\u0151k\u00e9nt hideg id\u0151ben \u2013 a t\u00f6lt\u00e9si sebess\u00e9g jelent\u0151sen cs\u00f6kkenhet.<br \/>\nSajn\u00e1latos m\u00f3don az el\u0151kondicion\u00e1l\u00e1s nem m\u0171k\u00f6dik, ha az \u00fatvonalat az Apple CarPlay vagy Android Auto alkalmaz\u00e1sok valamelyik\u00e9n kereszt\u00fcl \u00e1ll\u00edtod be. A Volkswagen-csoport egyes modelljein\u00e9l viszo<\/p>\n","protected":false},"excerpt":{"rendered":"<p>A gyors beavatkoz\u00e1s ellen\u00e9re a ment\u0151s\u00f6knek nem siker\u00fclt megmenteni\u00fck a kisl\u00e1ny \u00e9let\u00e9t. A helysz\u00ednen rend\u0151rs\u00e9gi vizsg\u00e1lat indult. A rend\u0151r\u00f6k alk\/h\/lszond\u00e1s&#8230; <span class=\"gridview-grid-post-read-more\"><a href=\"https:\/\/matrend.hu\/nekedinfo\/kirepult-a-jarmubol-a-10-eves-kislany\/\">read more<span class=\"gridview-sr-only\"> Kirep\u00fclt a j\u00e1rm\u0171b\u0151l a 10 \u00e9ves kisl\u00e1ny!<\/span><\/a><\/span><\/p>\n","protected":false},"author":1,"featured_media":3560,"comment_status":"open","ping_status":"open","sticky":false,"template":"","format":"standard","meta":{"footnotes":""},"categories":[1],"tags":[],"class_list":["post-3556","post","type-post","status-publish","format-standard","has-post-thumbnail","hentry","category-egyeb","wpcat-1-id"],"_links":{"self":[{"href":"https:\/\/matrend.hu\/nekedinfo\/wp-json\/wp\/v2\/posts\/3556","targetHints":{"allow":["GET"]}}],"collection":[{"href":"https:\/\/matrend.hu\/nekedinfo\/wp-json\/wp\/v2\/posts"}],"about":[{"href":"https:\/\/matrend.hu\/nekedinfo\/wp-json\/wp\/v2\/types\/post"}],"author":[{"embeddable":true,"href":"https:\/\/matrend.hu\/nekedinfo\/wp-json\/wp\/v2\/users\/1"}],"replies":[{"embeddable":true,"href":"https:\/\/matrend.hu\/nekedinfo\/wp-json\/wp\/v2\/comments?post=3556"}],"version-history":[{"count":1,"href":"https:\/\/matrend.hu\/nekedinfo\/wp-json\/wp\/v2\/posts\/3556\/revisions"}],"predecessor-version":[{"id":3561,"href":"https:\/\/matrend.hu\/nekedinfo\/wp-json\/wp\/v2\/posts\/3556\/revisions\/3561"}],"wp:featuredmedia":[{"embeddable":true,"href":"https:\/\/matrend.hu\/nekedinfo\/wp-json\/wp\/v2\/media\/3560"}],"wp:attachment":[{"href":"https:\/\/matrend.hu\/nekedinfo\/wp-json\/wp\/v2\/media?parent=3556"}],"wp:term":[{"taxonomy":"category","embeddable":true,"href":"https:\/\/matrend.hu\/nekedinfo\/wp-json\/wp\/v2\/categories?post=3556"},{"taxonomy":"post_tag","embeddable":true,"href":"https:\/\/matrend.hu\/nekedinfo\/wp-json\/wp\/v2\/tags?post=3556"}],"curies":[{"name":"wp","href":"https:\/\/api.w.org\/{rel}","templated":true}]}}