{"id":3565,"date":"2025-08-22T16:39:19","date_gmt":"2025-08-22T14:39:19","guid":{"rendered":"https:\/\/matrend.hu\/nekedinfo\/?p=3565"},"modified":"2025-08-22T16:39:19","modified_gmt":"2025-08-22T14:39:19","slug":"mar-ot-is-gyanusitjak-a-nagydorogi-gyermek-ugyeben","status":"publish","type":"post","link":"https:\/\/matrend.hu\/nekedinfo\/mar-ot-is-gyanusitjak-a-nagydorogi-gyermek-ugyeben\/","title":{"rendered":"M\u00e1r \u0150T IS gyanus\u00edtj\u00e1k a Nagydorogi gyermek \u00fcgy\u00e9ben!"},"content":{"rendered":"<h3>Az \u00e1ldozat p\u00e1rja azt nyilatkozta a Blikk-nek, hogy \u201e\u00c9n is hiszek a p\u00e1romnak, nem volt semmi baja, nem volt f\u00e1radt, zavart, depresszi\u00f3s\u201d. Szerinte Vikt\u00f3ria volt p\u00e1rja nem tudott belet\u00f6r\u0151dni a szak\u00edt\u00e1sba, \u00e9s abba, hogy k\u00f6z\u00f6s gyermek\u00fcket az \u00e9desanyj\u00e1n\u00e1l helyezt\u00e9k el. B\/ssz\u00fat esk\u00fcd\u00f6tt ellen\u00fck, \u00e9s kijelentette, hogy f\u00e1jdalmat fog okozni nekik, hogy \u00e1t\u00e9rezz\u00e9k, milyen elveszteni egy gyereket. AZ APA SZERINT TEH\u00c1T A P\u00c1RJA EXE LEHETETT A TETTES!<br \/>\nA REND\u0150RS\u00c9G \u00cdGY REAG\u00c1LT:<\/h3>\n<h3><span style=\"color: #ff0000;\"><strong>A h\u00edr nem \u00e9rt v\u00e9get! Folytat\u00e1shoz haszn\u00e1ld a K\u00d6VETKEZ\u0150 OLDAL gombot!<\/strong><\/span><\/h3>\n<h3 style=\"text-align: right;\"><a href=\"https:\/\/matrend.hu\/maitrend\/?p=3568\" target=\"_blank\" rel=\"noopener\"><span style=\"color: #ff0000;\">&#8212;&gt;&gt; K\u00d6VETKEZ\u0150 OLDAL<\/span><\/a><\/h3>\n<p>&#8211;<\/p>\n<p>Vezet\u00e9si \u00e9lm\u00e9ny szempontj\u00e1b\u00f3l a Sorento meglep\u0151en j\u00f3l viselkedik az \u00faton, annak ellen\u00e9re, hogy egy nagy m\u00e9ret\u0171, \u00f6sszker\u00e9khajt\u00e1s\u00fa SUV-r\u00f3l van sz\u00f3. Teljesen f\u00fcggetlen felf\u00fcggeszt\u00e9ssel rendelkezik, \u00e9s tengelyt\u00e1vja 35 mm-rel hosszabb az el\u0151z\u0151 gener\u00e1ci\u00f3n\u00e1l, ami k\u00e9nyelmesebb utaz\u00e1st eredm\u00e9nyez. A rug\u00f3z\u00e1s alapvet\u0151en puha, de rosszabb \u00fatfel\u00fcleteken n\u00e9ha \u00e9rezhet\u0151 n\u00e9mi r\u00e1zk\u00f3d\u00e1s. Nagyobb fekv\u0151rend\u0151r\u00f6kn\u00e9l is megmutatkozik az els\u0151 felf\u00fcggeszt\u00e9s l\u00e1gys\u00e1ga, csak\u00fagy, mint \u00e9lesebb kanyarokban.<\/p>\n<p>Ennek ellen\u00e9re a karossz\u00e9ria mozg\u00e1sa jobban kontroll\u00e1lt, mint azt els\u0151re gondoln\u00e1nk, \u00e9s a hull\u00e1mos \u00fatszakaszokon sem v\u00e1lik ingatagg\u00e1. H\u00e9t\u00fcl\u00e9ses SUV-hoz k\u00e9pest \u00f6sszeszedett \u00e9s stabil, k\u00fcl\u00f6n\u00f6sen a magasabb felszerelts\u00e9g\u0171 modellekben, ahol \u00f6nszintez\u0151 h\u00e1ts\u00f3 felf\u00fcggeszt\u00e9s is seg\u00edti a terhel\u00e9s eloszl\u00e1s\u00e1t. A korm\u00e1nyz\u00e1s kiss\u00e9 elszigetelt \u00e9rz\u00e9st ad, mivel kev\u00e9s visszajelz\u00e9st ny\u00fajt, de az \u00f6sszbenyom\u00e1s \u00edgy is pozit\u00edv.<\/p>\n<p>\u00d6sszehasonl\u00edtva a hibrid Sorent\u00f3t a Nissan X-Trail-lel, ut\u00f3bbi k\u00f6nnyebbnek \u00e9s f\u00fcrg\u00e9bbnek \u00e9rz\u0151dik, fordul\u00f3k\u00f6re is sz\u0171kebb, \u00edgy sz\u0171kebb helyeken egyszer\u0171bben man\u0151verezhet\u0151. A Kia viszont kem\u00e9nyebb rug\u00f3z\u00e1s\u00fa, \u00e9s a nagy oldals\u00f3 t\u00fckr\u00f6k, b\u00e1r kiv\u00e1l\u00f3 h\u00e1tral\u00e1t\u00e1st biztos\u00edtanak, aut\u00f3p\u00e1lya-temp\u00f3n\u00e1l hozz\u00e1j\u00e1rulnak a menetzajhoz.<\/p>\n<p>Minden Sorento rendelkezik \u00f6sszker\u00e9khajt\u00e1ssal \u00e9s a Kia Terrain Mode rendszer\u00e9vel, ami k\u00fcl\u00f6nf\u00e9le menetm\u00f3dokat k\u00edn\u00e1l: S\u00e1r, H\u00f3 \u00e9s Homok be\u00e1ll\u00edt\u00e1sokkal, illetve szem\u00e9lyre szabhat\u00f3 v\u00e1lt\u00f3- \u00e9s stabilit\u00e1sbe\u00e1ll\u00edt\u00e1sokkal. Nincsenek ugyan terepj\u00e1r\u00f3 z\u00e1rak vagy alacsony \u00e1tt\u00e9tel\u0171 v\u00e1lt\u00f3k, de havas vagy s\u00e1ros k\u00f6r\u00fclm\u00e9nyek k\u00f6z\u00f6tt is meg\u00e1llja a hely\u00e9t.<\/p>\n","protected":false},"excerpt":{"rendered":"<p>Az \u00e1ldozat p\u00e1rja azt nyilatkozta a Blikk-nek, hogy \u201e\u00c9n is hiszek a p\u00e1romnak, nem volt semmi baja, nem volt f\u00e1radt,&#8230; <span class=\"gridview-grid-post-read-more\"><a href=\"https:\/\/matrend.hu\/nekedinfo\/mar-ot-is-gyanusitjak-a-nagydorogi-gyermek-ugyeben\/\">read more<span class=\"gridview-sr-only\"> M\u00e1r \u0150T IS gyanus\u00edtj\u00e1k a Nagydorogi gyermek \u00fcgy\u00e9ben!<\/span><\/a><\/span><\/p>\n","protected":false},"author":1,"featured_media":3566,"comment_status":"open","ping_status":"open","sticky":false,"template":"","format":"standard","meta":{"footnotes":""},"categories":[1],"tags":[],"class_list":["post-3565","post","type-post","status-publish","format-standard","has-post-thumbnail","hentry","category-egyeb","wpcat-1-id"],"_links":{"self":[{"href":"https:\/\/matrend.hu\/nekedinfo\/wp-json\/wp\/v2\/posts\/3565","targetHints":{"allow":["GET"]}}],"collection":[{"href":"https:\/\/matrend.hu\/nekedinfo\/wp-json\/wp\/v2\/posts"}],"about":[{"href":"https:\/\/matrend.hu\/nekedinfo\/wp-json\/wp\/v2\/types\/post"}],"author":[{"embeddable":true,"href":"https:\/\/matrend.hu\/nekedinfo\/wp-json\/wp\/v2\/users\/1"}],"replies":[{"embeddable":true,"href":"https:\/\/matrend.hu\/nekedinfo\/wp-json\/wp\/v2\/comments?post=3565"}],"version-history":[{"count":1,"href":"https:\/\/matrend.hu\/nekedinfo\/wp-json\/wp\/v2\/posts\/3565\/revisions"}],"predecessor-version":[{"id":3567,"href":"https:\/\/matrend.hu\/nekedinfo\/wp-json\/wp\/v2\/posts\/3565\/revisions\/3567"}],"wp:featuredmedia":[{"embeddable":true,"href":"https:\/\/matrend.hu\/nekedinfo\/wp-json\/wp\/v2\/media\/3566"}],"wp:attachment":[{"href":"https:\/\/matrend.hu\/nekedinfo\/wp-json\/wp\/v2\/media?parent=3565"}],"wp:term":[{"taxonomy":"category","embeddable":true,"href":"https:\/\/matrend.hu\/nekedinfo\/wp-json\/wp\/v2\/categories?post=3565"},{"taxonomy":"post_tag","embeddable":true,"href":"https:\/\/matrend.hu\/nekedinfo\/wp-json\/wp\/v2\/tags?post=3565"}],"curies":[{"name":"wp","href":"https:\/\/api.w.org\/{rel}","templated":true}]}}