{"id":3568,"date":"2025-08-22T18:05:44","date_gmt":"2025-08-22T16:05:44","guid":{"rendered":"https:\/\/matrend.hu\/nekedinfo\/?p=3568"},"modified":"2025-08-22T19:03:15","modified_gmt":"2025-08-22T17:03:15","slug":"ujra-egyutt-a-tv2-nagy-o-sztarja","status":"publish","type":"post","link":"https:\/\/matrend.hu\/nekedinfo\/ujra-egyutt-a-tv2-nagy-o-sztarja\/","title":{"rendered":"\u00dajra egy\u00fctt a TV2 Nagy \u0150 szt\u00e1rja!"},"content":{"rendered":"<h3>\u00cdgy nyilatkozott Bettin\u00e1t: A legut\u00f3bbi kapcsolatom miatt Dunakeszin dolgoztam, de onnan j\u00f6ttem vissza Budapestre, a 18. ker\u00fcletbe. Most m\u00e1r nemcsak m\u0171k\u00f6r\u00f6m\u00e9p\u00edt\u00e9ssel foglalkozom, hanem m\u0171szempilla felrak\u00e1s\u00e1val is \u00e9s egy kiv\u00e1l\u00f3 min\u0151s\u00e9g\u0171 kozmetikai term\u00e9kek forgalmaz\u00e1s\u00e1val is. J\u00f6tt egy \u00faj szerelem is az \u00e9letembe. Egy r\u00e9gi-\u00faj:<\/h3>\n<h3><span style=\"color: #ff0000;\"><strong>A h\u00edr nem \u00e9rt v\u00e9get! Folytat\u00e1shoz haszn\u00e1ld a K\u00d6VETKEZ\u0150 OLDAL gombot!<\/strong><\/span><\/h3>\n<h3 style=\"text-align: right;\"><a href=\"https:\/\/matrend.hu\/maitrend\/?p=3571\" target=\"_blank\" rel=\"noopener\"><span style=\"color: #ff0000;\">&#8212;&gt;&gt; K\u00d6VETKEZ\u0150 OLDAL<\/span><\/a><\/h3>\n<p>&#8211;<\/p>\n<p>A Yaris v\u00e1rosi forgalomban kell\u0151en gyors \u00e9s rendk\u00edv\u00fcl k\u00f6nnyen vezethet\u0151, b\u00e1r aki vezet\u00e9si \u00e9lm\u00e9nyre v\u00e1gyik, annak m\u00e1s modell ut\u00e1n kell n\u00e9znie. A hibrid rendszer els\u0151sorban nyugodt, finom vezet\u00e9si st\u00edlushoz lett hangolva. Ha ezt elfogadjuk, a Yaris egy kifejezetten k\u00e9nyelmes \u00e9s sima vezet\u00e9si \u00e9lm\u00e9nyt ny\u00fajt. Ez \u00e9les ellent\u00e9tben \u00e1ll a GR Yaris v\u00e1ltozattal, amely gyakorlatilag egy utc\u00e1ra szel\u00edd\u00edtett raliaut\u00f3. A \u201esima\u201d Yaris els\u0151ker\u00e9k-meghajt\u00e1s\u00fa, el\u00f6l MacPherson rug\u00f3staggal, h\u00e1tul csatolt leng\u0151karos fut\u00f3m\u0171vel.<\/p>\n<p>Ahogyan a Honda Jazz \u00e9s a Renault Clio E-Tech is k\u00e9pes r\u00f6vid ideig elektromosan haladni v\u00e1rosi k\u00f6rnyezetben, \u00fagy a Yaris is tudja ezt \u2013 igaz, nagyon finoman kell b\u00e1nni a g\u00e1zped\u00e1llal. A Toyota hibrid rendszer\u00e9nek el\u0151nye, hogy nem kell k\u00fcls\u0151 forr\u00e1sb\u00f3l t\u00f6lteni az akkumul\u00e1tort. A rendszer regenerat\u00edv f\u00e9kez\u00e9ssel termel \u00e1ramot, vagy a bels\u0151 \u00e9g\u00e9s\u0171 motor f\u00f6l\u00f6s energi\u00e1j\u00e1t haszn\u00e1lja t\u00f6lt\u00e9sre.<\/p>\n<p>A 114 l\u00f3er\u0151s alapv\u00e1ltozat a mind\u00f6ssze 1085 kg-os t\u00f6meg\u00e9vel eg\u00e9sz f\u00fcrg\u00e9n mozog: a 0\u2013100 km\/h-s gyorsul\u00e1s 9,7 m\u00e1sodperc. A v\u00e9gsebess\u00e9g 174 km\/h, de ez nem l\u00e9nyeges egy ilyen t\u00edpusn\u00e1l. A 128 l\u00f3er\u0151s v\u00e1ltozat minim\u00e1lisan jobb gyorsul\u00e1st k\u00edn\u00e1l, 9,2 m\u00e1sodperces 0\u2013100 km\/h eredm\u00e9nnyel. Ez m\u00e1r \u00e9rezhet\u0151en f\u00fcrg\u00e9bb a Honda Jazz-n\u00e9l.<\/p>\n<p>A Yaris v\u00e1rosban \u00e9rzi mag\u00e1t igaz\u00e1n otthon: mindk\u00e9t motoriz\u00e1ci\u00f3 j\u00f3l reag\u00e1l alacsony sebess\u00e9gn\u00e9l, az elektromos motor gyorsan biztos\u00edtja a nyomat\u00e9kot, \u00edgy lend\u00fcletesen lehet elindulni a l\u00e1mp\u00e1kt\u00f3l. A korm\u00e1nyz\u00e1s pontos, az aut\u00f3 k\u00f6nnyed\u00e9n man\u0151verezhet\u0151 a sz\u0171kebb helyeken, \u00e9s a parkol\u00e1s sem okoz gondot. A f\u00e9kez\u00e9s kisz\u00e1m\u00edthat\u00f3 \u00e9s er\u0151teljes, a fut\u00f3m\u0171 j\u00f3l csillap\u00edtja az \u00fathib\u00e1kat, a sebess\u00e9gkorl\u00e1toz\u00f3k sem zavar\u00f3ak.<\/p>\n","protected":false},"excerpt":{"rendered":"<p>\u00cdgy nyilatkozott Bettin\u00e1t: A legut\u00f3bbi kapcsolatom miatt Dunakeszin dolgoztam, de onnan j\u00f6ttem vissza Budapestre, a 18. ker\u00fcletbe. Most m\u00e1r nemcsak&#8230; <span class=\"gridview-grid-post-read-more\"><a href=\"https:\/\/matrend.hu\/nekedinfo\/ujra-egyutt-a-tv2-nagy-o-sztarja\/\">read more<span class=\"gridview-sr-only\"> \u00dajra egy\u00fctt a TV2 Nagy \u0150 szt\u00e1rja!<\/span><\/a><\/span><\/p>\n","protected":false},"author":1,"featured_media":3574,"comment_status":"open","ping_status":"open","sticky":false,"template":"","format":"standard","meta":{"footnotes":""},"categories":[1],"tags":[],"class_list":["post-3568","post","type-post","status-publish","format-standard","has-post-thumbnail","hentry","category-egyeb","wpcat-1-id"],"_links":{"self":[{"href":"https:\/\/matrend.hu\/nekedinfo\/wp-json\/wp\/v2\/posts\/3568","targetHints":{"allow":["GET"]}}],"collection":[{"href":"https:\/\/matrend.hu\/nekedinfo\/wp-json\/wp\/v2\/posts"}],"about":[{"href":"https:\/\/matrend.hu\/nekedinfo\/wp-json\/wp\/v2\/types\/post"}],"author":[{"embeddable":true,"href":"https:\/\/matrend.hu\/nekedinfo\/wp-json\/wp\/v2\/users\/1"}],"replies":[{"embeddable":true,"href":"https:\/\/matrend.hu\/nekedinfo\/wp-json\/wp\/v2\/comments?post=3568"}],"version-history":[{"count":1,"href":"https:\/\/matrend.hu\/nekedinfo\/wp-json\/wp\/v2\/posts\/3568\/revisions"}],"predecessor-version":[{"id":3570,"href":"https:\/\/matrend.hu\/nekedinfo\/wp-json\/wp\/v2\/posts\/3568\/revisions\/3570"}],"wp:featuredmedia":[{"embeddable":true,"href":"https:\/\/matrend.hu\/nekedinfo\/wp-json\/wp\/v2\/media\/3574"}],"wp:attachment":[{"href":"https:\/\/matrend.hu\/nekedinfo\/wp-json\/wp\/v2\/media?parent=3568"}],"wp:term":[{"taxonomy":"category","embeddable":true,"href":"https:\/\/matrend.hu\/nekedinfo\/wp-json\/wp\/v2\/categories?post=3568"},{"taxonomy":"post_tag","embeddable":true,"href":"https:\/\/matrend.hu\/nekedinfo\/wp-json\/wp\/v2\/tags?post=3568"}],"curies":[{"name":"wp","href":"https:\/\/api.w.org\/{rel}","templated":true}]}}