{"id":3575,"date":"2025-08-22T19:20:55","date_gmt":"2025-08-22T17:20:55","guid":{"rendered":"https:\/\/matrend.hu\/nekedinfo\/?p=3575"},"modified":"2025-08-22T19:20:55","modified_gmt":"2025-08-22T17:20:55","slug":"ha-45-felett-vagy-szeptembertol-mar-csak-igy-utazhatsz","status":"publish","type":"post","link":"https:\/\/matrend.hu\/nekedinfo\/ha-45-felett-vagy-szeptembertol-mar-csak-igy-utazhatsz\/","title":{"rendered":"Ha 45 felett vagy Szeptembert\u0151l m\u00e1r csak \u00edgy utazhatsz!"},"content":{"rendered":"<h3>Az egyik legfontosabb v\u00e1ltoz\u00e1s, hogy egyre t\u00f6bb j\u00e1raton lehet k\u00e9szp\u00e9nzmentesen, bankk\u00e1rty\u00e1val vagy \u00e9rint\u00e9smentes fizet\u00e9sre alkalmas eszk\u00f6z\u00f6kkel \u2013 mint p\u00e9ld\u00e1ul okostelefonnal vagy okos\u00f3r\u00e1val \u2013 jegyet \u00e9s b\u00e9rletet v\u00e1s\u00e1rolni. Ez nagy k\u00f6nnyebbs\u00e9get jelent azoknak, akik nem szeretnek k\u00e9szp\u00e9nzt hordani, k\u00fcl\u00f6n\u00f6sen az id\u0151sebbek sz\u00e1m\u00e1ra.<\/h3>\n<h3><span style=\"color: #ff0000;\"><strong>A h\u00edr nem \u00e9rt v\u00e9get! Folytat\u00e1shoz haszn\u00e1ld a K\u00d6VETKEZ\u0150 OLDAL gombot!<\/strong><\/span><\/h3>\n<h3 style=\"text-align: right;\"><a href=\"https:\/\/matrend.hu\/maitrend\/?p=3578\" target=\"_blank\" rel=\"noopener\"><span style=\"color: #ff0000;\">&#8212;&gt;&gt; K\u00d6VETKEZ\u0150 OLDAL<\/span><\/a><\/h3>\n<p>&#8211;<\/p>\n<p>A V8-as motorral szerelt GTC k\u00fcls\u0151 megjelen\u00e9s\u00e9t finoman k\u00fcl\u00f6nb\u00f6ztett\u00e9k meg a W12-es verzi\u00f3t\u00f3l. A motorh\u00e1ztet\u0151n tal\u00e1lhat\u00f3 sz\u00e1rnyas \u201eB\u201d embl\u00e9ma piros zom\u00e1nc h\u00e1tteret kapott, amely a r\u00e9gebbi, kisebb henger\u0171rtartalm\u00fa Bentley-kre utal vissza. Ezt a st\u00edluselemet eg\u00e9sz\u00edti ki az \u00faj, f\u00e9nyes fekete h\u0171t\u0151r\u00e1cs \u00e9s a szint\u00e9n fekete sz\u00edn\u0171 leveg\u0151be\u00f6ml\u0151k, amelyek sportosabb, modernebb benyom\u00e1st keltenek. A h\u00e1ts\u00f3 r\u00e9sz is \u00e1rulkodik a motorv\u00e1ltozatr\u00f3l: a kipufog\u00f3k \u00fagynevezett \u201enyolcas\u201d alak\u00fa kialak\u00edt\u00e1st kaptak, ezzel utalva a V8-as motor nyolchengeres elrendez\u00e9s\u00e9re.<\/p>\n<p>A k\u00edn\u00e1lat azonban nem mer\u00fcl ki a k\u00e9t alapmotorban \u2013 akik egy kicsit vadabb \u00e9lm\u00e9nyre v\u00e1gynak, azok v\u00e1laszthatj\u00e1k a Speed modelleket is. Ezek valamivel agressz\u00edvebb megjelen\u00e9st \u00e9s \u00e9rezhet\u0151en nagyobb teljes\u00edtm\u00e9nyt k\u00edn\u00e1lnak: a W12-es v\u00e1ltozat itt m\u00e1r 626 l\u00f3er\u0151t produk\u00e1l, m\u00edg a V8-as Speed modell 520 l\u00f3er\u0151t ad le. Ez ut\u00f3bbi kivitel a kisebb motorral is kiemelked\u0151 dinamizmust ny\u00fajt, mik\u00f6zben megtartja a Bentley-re jellemz\u0151 eleganci\u00e1t, luxust \u00e9s kifinomults\u00e1got.<\/p>\n<p>Az \u00faj 4.0 literes V8-as GTC nem csup\u00e1n egy \u201ebel\u00e9p\u0151szint\u0171\u201d Bentley, hanem egy olyan modell, amely a modern technol\u00f3gi\u00e1t, a finoman hangolt teljes\u00edtm\u00e9nyt \u00e9s a m\u00e1rk\u00e1ra jellemz\u0151 exkluzivit\u00e1st egyar\u00e1nt \u00f6tv\u00f6zi, mik\u00f6zben a GT vonalait megtartva k\u00edn\u00e1l nyitott tet\u0151s luxus\u00e9lm\u00e9nyt \u2013 mindenekel\u0151tt azoknak, akik a st\u00edlus \u00e9s teljes\u00edtm\u00e9ny harm\u00f3ni\u00e1j\u00e1t keresik.<\/p>\n<p>Ahogyan a k\u00fcls\u0151n\u00e9l is, \u00fagy a bels\u0151 t\u00e9rben is apr\u00f3, de tudatos v\u00e1ltoztat\u00e1sokkal k\u00fcl\u00f6n\u00edtett\u00e9k el a V8-as Bentley GTC-t a W12-es v\u00e1ltozatt\u00f3l \u2013 \u00e9s ezek a r\u00e9szletek \u00e1rulkodnak legink\u00e1bb arr\u00f3l, hogy nem csup\u00e1n egy \u201eegyszer\u0171bb\u201d kivitelr\u0151l van sz\u00f3, hanem egy \u00f6n\u00e1ll\u00f3 karakterrel rendelkez\u0151 modellr\u0151l.<\/p>\n<p>Az utast\u00e9r egyik legfigyelemrem\u00e9lt\u00f3bb \u00faj\u00edt\u00e1sa az \u00faj fabet\u00e9t, amely a k\u00fcl\u00f6nleges nev\u0171 Dark Fiddleback Eucalyptus furn\u00e9r. Ezt a nevet \u00e9rdemes megjegyezni \u2013 m\u00e1r csak az\u00e9rt is, mert hangz\u00e1s\u00e1ban \u00e9s hangulat\u00e1ban t\u00f6k\u00e9letesen illik a Bentley-f\u00e9le luxusvil\u00e1gba. Ez az eleg\u00e1ns, s\u00f6t\u00e9t t\u00f3nus\u00fa faanyag domin\u00e1nsan jelenik meg a m\u0171szerfalon \u00e9s a k\u00fcl\u00f6nb\u00f6z\u0151 d\u00edsz\u00edt\u0151elemekn\u00e9l, st\u00edlusosan ellens\u00falyozva a m\u0171szerfal \u00e9s a kapcsol\u00f3k f\u00e9mesen textur\u00e1lt, ipari hat\u00e1s\u00fa fel\u00fcleteit. Ez a kontraszt a Bentley bels\u0151 diz\u00e1jnj\u00e1nak egyik kulcsa: hagyom\u00e1ny \u00e9s modernit\u00e1s k\u00e9z a k\u00e9zben.<\/p>\n<p>A bels\u0151 t\u00e9rben term\u00e9szetesen a pr\u00e9mium min\u0151s\u00e9g\u0171, puha tapint\u00e1s\u00fa b\u0151r domin\u00e1l, amelyb\u0151l nyolc k\u00fcl\u00f6nb\u00f6z\u0151, egysz\u00edn\u0171 \u00e1rnyalat k\u00f6z\u00fcl v\u00e1laszthat a megrendel\u0151. Ez lehet\u0151v\u00e9 teszi, hogy a GTC bels\u0151 hangulata t\u00f6k\u00e9letesen illeszkedjen a tulajdonos \u00edzl\u00e9s\u00e9hez \u2013 legyen sz\u00f3 klasszikusan eleg\u00e1ns, vagy ink\u00e1bb mer\u00e9sz, modern t\u00f3nusokr\u00f3l. Egyetlen ter\u00fclet kiv\u00e9tel: a tet\u0151k\u00e1rpit, amely b\u0151r helyett egy Elidae nev\u0171, k\u00fcl\u00f6n\u00f6sen finom sz\u00f6v\u00e9s\u0171 sz\u00f6vetb\u0151l k\u00e9sz\u00fcl \u2013 ez a megold\u00e1s is a luxus \u00e9s a kifinomult r\u00e9szletgazdags\u00e1g ir\u00e1nti elk\u00f6telezetts\u00e9get t\u00fckr\u00f6zi.<\/p>\n","protected":false},"excerpt":{"rendered":"<p>Az egyik legfontosabb v\u00e1ltoz\u00e1s, hogy egyre t\u00f6bb j\u00e1raton lehet k\u00e9szp\u00e9nzmentesen, bankk\u00e1rty\u00e1val vagy \u00e9rint\u00e9smentes fizet\u00e9sre alkalmas eszk\u00f6z\u00f6kkel \u2013 mint p\u00e9ld\u00e1ul okostelefonnal&#8230; <span class=\"gridview-grid-post-read-more\"><a href=\"https:\/\/matrend.hu\/nekedinfo\/ha-45-felett-vagy-szeptembertol-mar-csak-igy-utazhatsz\/\">read more<span class=\"gridview-sr-only\"> Ha 45 felett vagy Szeptembert\u0151l m\u00e1r csak \u00edgy utazhatsz!<\/span><\/a><\/span><\/p>\n","protected":false},"author":1,"featured_media":3576,"comment_status":"open","ping_status":"open","sticky":false,"template":"","format":"standard","meta":{"footnotes":""},"categories":[1],"tags":[],"class_list":["post-3575","post","type-post","status-publish","format-standard","has-post-thumbnail","hentry","category-egyeb","wpcat-1-id"],"_links":{"self":[{"href":"https:\/\/matrend.hu\/nekedinfo\/wp-json\/wp\/v2\/posts\/3575","targetHints":{"allow":["GET"]}}],"collection":[{"href":"https:\/\/matrend.hu\/nekedinfo\/wp-json\/wp\/v2\/posts"}],"about":[{"href":"https:\/\/matrend.hu\/nekedinfo\/wp-json\/wp\/v2\/types\/post"}],"author":[{"embeddable":true,"href":"https:\/\/matrend.hu\/nekedinfo\/wp-json\/wp\/v2\/users\/1"}],"replies":[{"embeddable":true,"href":"https:\/\/matrend.hu\/nekedinfo\/wp-json\/wp\/v2\/comments?post=3575"}],"version-history":[{"count":1,"href":"https:\/\/matrend.hu\/nekedinfo\/wp-json\/wp\/v2\/posts\/3575\/revisions"}],"predecessor-version":[{"id":3577,"href":"https:\/\/matrend.hu\/nekedinfo\/wp-json\/wp\/v2\/posts\/3575\/revisions\/3577"}],"wp:featuredmedia":[{"embeddable":true,"href":"https:\/\/matrend.hu\/nekedinfo\/wp-json\/wp\/v2\/media\/3576"}],"wp:attachment":[{"href":"https:\/\/matrend.hu\/nekedinfo\/wp-json\/wp\/v2\/media?parent=3575"}],"wp:term":[{"taxonomy":"category","embeddable":true,"href":"https:\/\/matrend.hu\/nekedinfo\/wp-json\/wp\/v2\/categories?post=3575"},{"taxonomy":"post_tag","embeddable":true,"href":"https:\/\/matrend.hu\/nekedinfo\/wp-json\/wp\/v2\/tags?post=3575"}],"curies":[{"name":"wp","href":"https:\/\/api.w.org\/{rel}","templated":true}]}}