{"id":3579,"date":"2025-08-23T16:13:02","date_gmt":"2025-08-23T14:13:02","guid":{"rendered":"https:\/\/matrend.hu\/nekedinfo\/?p=3579"},"modified":"2025-08-23T16:13:02","modified_gmt":"2025-08-23T14:13:02","slug":"napjai-vannak-hatra-bodrogi-gyula-bacsirol-van-szo","status":"publish","type":"post","link":"https:\/\/matrend.hu\/nekedinfo\/napjai-vannak-hatra-bodrogi-gyula-bacsirol-van-szo\/","title":{"rendered":"Napjai vannak h\u00e1tra Bodrogi Gyula b\u00e1csir\u00f3l van sz\u00f3!"},"content":{"rendered":"<h3>Bodrogi Gyula a Duna Telev\u00edzi\u00f3 Csal\u00e1di k\u00f6rc\u00edm\u0171 m\u0171sor\u00e1ban mes\u00e9lt arr\u00f3l, hogyan t\u00f6rt\u00e9nt a szerencs\u00e9tlen baleset kar\u00e1csony el\u0151tt. Egy rossz moz\/ulat miatt ker\u00fclt bajba, \u00e1m szok\u00e1s\u00e1hoz h\u00edven nem dr\u00e1m\u00e1zott, hanem saj\u00e1tos humorral reag\u00e1lt:\ud83d\udc49 \u201eKr\u00f3nikus l\u00e9pcs\u0151hurutom van.\u201d \u2013 mondta mosolyogva. A sz\u00edn\u00e9sz ezzel is jelezte: b\u00e1r a test n\u00e9ha elgyeng\u00fcl, a l\u00e9leknek er\u0151snek kell maradnia.<\/h3>\n<h3><span style=\"color: #ff0000;\"><strong>A h\u00edr nem \u00e9rt v\u00e9get! Folytat\u00e1shoz haszn\u00e1ld a K\u00d6VETKEZ\u0150 OLDAL gombot!<\/strong><\/span><\/h3>\n<h3 style=\"text-align: right;\"><a href=\"https:\/\/matrend.hu\/maitrend\/?p=3581\" target=\"_blank\" rel=\"noopener\"><span style=\"color: #ff0000;\">&#8212;&gt;&gt; K\u00d6VETKEZ\u0150 OLDAL<\/span><\/a><\/h3>\n<p>&#8211;<\/p>\n<p>M\u00e9g \u00edgy is j\u00f3val t\u00e1gasabb, mint p\u00e9ld\u00e1ul a Nissan Qashqai csomagtere, amely 504 literes kapacit\u00e1ssal rendelkezik, ugyanakkor valamivel elmarad a Hyundai Tucson 620 literes rakter\u00e9t\u0151l. A hibrid v\u00e1ltozatn\u00e1l a csomagt\u00e9r m\u00e9rete enyh\u00e9n cs\u00f6kken, mivel a padl\u00f3 alatt elhelyezett akkumul\u00e1tor \u00e9s egy\u00e9b hibrid komponensek elvesznek valamennyit a hasznos t\u00e9rb\u0151l. Ennek ellen\u00e9re a hibrid kivitel is k\u00edn\u00e1l 587 liternyi csomagtart\u00f3t lehajtott \u00fcl\u00e9sek n\u00e9lk\u00fcl, illetve ak\u00e1r 1 776 litert, ha teljesen s\u00edkba d\u00f6ntj\u00fck az \u00fcl\u00e9st\u00e1ml\u00e1kat \u2013 ez a k\u00fcl\u00f6nbs\u00e9g teh\u00e1t annyira minim\u00e1lis, hogy a legt\u00f6bb haszn\u00e1l\u00f3 \u00e9szre sem fogja venni.<\/p>\n<p>A csomagtart\u00f3 kialak\u00edt\u00e1sa t\u00f6bb praktikus megold\u00e1st is k\u00edn\u00e1l: p\u00e9ld\u00e1ul a benzines modellek eset\u00e9ben a padl\u00f3 alatt egy rejtett rekesz tal\u00e1lhat\u00f3, amely ide\u00e1lis a kisebb, \u00e9rt\u00e9kesebb t\u00e1rgyak elrejt\u00e9s\u00e9re. Emellett a csomagtart\u00f3 k\u00fcsz\u00f6be is alacsonyabb n\u00e9h\u00e1ny versenyt\u00e1rs\u00e9n\u00e1l, ami megk\u00f6nny\u00edti a nehezebb t\u00e1rgyak beemel\u00e9s\u00e9t \u2013 k\u00fcl\u00f6n\u00f6sen hasznos ez azok sz\u00e1m\u00e1ra, akik rendszeresen pakolnak sporteszk\u00f6z\u00f6ket, babakocsit vagy nagyobb b\u0151r\u00f6nd\u00f6ket.<\/p>\n<p>A vontat\u00e1si kapacit\u00e1s is n\u0151tt a hibrid Sportage eset\u00e9ben: imm\u00e1r 1 510 kg-os f\u00e9kezett ut\u00e1nfut\u00f3t k\u00e9pes vontatni, ami a legt\u00f6bb csal\u00e1d vagy h\u00e9tv\u00e9gi hobbi sz\u00e1m\u00e1ra elegend\u0151. Ugyanakkor, ha valaki hibrid SUV-t keres, de nagyobb vontat\u00e1si teljes\u00edtm\u00e9nyre van sz\u00fcks\u00e9ge \u2013 p\u00e9ld\u00e1ul lak\u00f3kocsit vagy cs\u00f3nakot szeretne vontatni \u2013 akkor \u00e9rdemes lehet elgondolkodni a Ford Kuga alternat\u00edv\u00e1j\u00e1n is. A n\u00e9gyker\u00e9k-meghajt\u00e1s\u00fa hibrid vagy plug-in hibrid v\u00e1ltozatai ugyanis ak\u00e1r 2 100 kg-os f\u00e9kezett ut\u00e1nfut\u00f3 h\u00faz\u00e1s\u00e1ra is k\u00e9pesek.<\/p>\n<p>A biztons\u00e1gi felszerelts\u00e9g minden modell eset\u00e9ben alapb\u00f3l magas sz\u00ednvonal\u00fa. M\u00e1r az alapkivitel is tartalmaz adapt\u00edv tempomatot, els\u0151-h\u00e1ts\u00f3 parkol\u00f3szenzorokat, valamint tolat\u00f3kamer\u00e1t, melyek egy\u00fcttesen jelent\u0151sen megk\u00f6nny\u00edtik a vezet\u00e9st v\u00e1rosi k\u00f6rnyezetben vagy sz\u0171k parkol\u00f3helyeken. Emellett a k\u00fcl\u00f6nf\u00e9le kamera- \u00e9s radaralap\u00fa asszisztensrendszerek seg\u00edtenek megel\u0151zni a baleseteket vagy cs\u00f6kkenteni azok s\u00falyoss\u00e1g\u00e1t. Az automatikus v\u00e9szf\u00e9kez\u0151 rendszer (AEB) p\u00e9ld\u00e1ul folyamatosan figyeli a gyalogosokat, ker\u00e9kp\u00e1rosokat \u00e9s m\u00e1s j\u00e1rm\u0171veket, \u00e9s ha \u00fctk\u00f6z\u00e9svesz\u00e9lyt \u00e9szlel, el\u0151sz\u00f6r figyelmezteti a sof\u0151rt, majd sz\u00fcks\u00e9g eset\u00e9n \u00f6n\u00e1ll\u00f3an is lef\u00e9kezi az aut\u00f3t.<\/p>\n","protected":false},"excerpt":{"rendered":"<p>Bodrogi Gyula a Duna Telev\u00edzi\u00f3 Csal\u00e1di k\u00f6rc\u00edm\u0171 m\u0171sor\u00e1ban mes\u00e9lt arr\u00f3l, hogyan t\u00f6rt\u00e9nt a szerencs\u00e9tlen baleset kar\u00e1csony el\u0151tt. Egy rossz moz\/ulat&#8230; <span class=\"gridview-grid-post-read-more\"><a href=\"https:\/\/matrend.hu\/nekedinfo\/napjai-vannak-hatra-bodrogi-gyula-bacsirol-van-szo\/\">read more<span class=\"gridview-sr-only\"> Napjai vannak h\u00e1tra Bodrogi Gyula b\u00e1csir\u00f3l van sz\u00f3!<\/span><\/a><\/span><\/p>\n","protected":false},"author":1,"featured_media":3580,"comment_status":"open","ping_status":"open","sticky":false,"template":"","format":"standard","meta":{"footnotes":""},"categories":[1],"tags":[],"class_list":["post-3579","post","type-post","status-publish","format-standard","has-post-thumbnail","hentry","category-egyeb","wpcat-1-id"],"_links":{"self":[{"href":"https:\/\/matrend.hu\/nekedinfo\/wp-json\/wp\/v2\/posts\/3579","targetHints":{"allow":["GET"]}}],"collection":[{"href":"https:\/\/matrend.hu\/nekedinfo\/wp-json\/wp\/v2\/posts"}],"about":[{"href":"https:\/\/matrend.hu\/nekedinfo\/wp-json\/wp\/v2\/types\/post"}],"author":[{"embeddable":true,"href":"https:\/\/matrend.hu\/nekedinfo\/wp-json\/wp\/v2\/users\/1"}],"replies":[{"embeddable":true,"href":"https:\/\/matrend.hu\/nekedinfo\/wp-json\/wp\/v2\/comments?post=3579"}],"version-history":[{"count":1,"href":"https:\/\/matrend.hu\/nekedinfo\/wp-json\/wp\/v2\/posts\/3579\/revisions"}],"predecessor-version":[{"id":3581,"href":"https:\/\/matrend.hu\/nekedinfo\/wp-json\/wp\/v2\/posts\/3579\/revisions\/3581"}],"wp:featuredmedia":[{"embeddable":true,"href":"https:\/\/matrend.hu\/nekedinfo\/wp-json\/wp\/v2\/media\/3580"}],"wp:attachment":[{"href":"https:\/\/matrend.hu\/nekedinfo\/wp-json\/wp\/v2\/media?parent=3579"}],"wp:term":[{"taxonomy":"category","embeddable":true,"href":"https:\/\/matrend.hu\/nekedinfo\/wp-json\/wp\/v2\/categories?post=3579"},{"taxonomy":"post_tag","embeddable":true,"href":"https:\/\/matrend.hu\/nekedinfo\/wp-json\/wp\/v2\/tags?post=3579"}],"curies":[{"name":"wp","href":"https:\/\/api.w.org\/{rel}","templated":true}]}}