{"id":3582,"date":"2025-08-23T19:07:20","date_gmt":"2025-08-23T17:07:20","guid":{"rendered":"https:\/\/matrend.hu\/nekedinfo\/?p=3582"},"modified":"2025-08-23T19:07:20","modified_gmt":"2025-08-23T17:07:20","slug":"meghalt-lovas-rozi-parja","status":"publish","type":"post","link":"https:\/\/matrend.hu\/nekedinfo\/meghalt-lovas-rozi-parja\/","title":{"rendered":"Meghalt Lovas Rozi P\u00e1rja"},"content":{"rendered":"<h3>\u201eEz nyilv\u00e1nval\u00f3an egy olyan esem\u00e9ny volt, ami m\u00e9lyre l\u00f6k\u00f6tt. De volt \u00e9rz\u00e9kem, sz\u00edvem, f\u00fclem ahhoz, hogy meg\u00e9rtsem magam, \u00e9s r\u00e1j\u00f6jjek arra, mi is t\u00f6rt\u00e9nik velem. Be kellett l\u00e1tnom, nem tiltakoznom kell ellene, hanem be kellett fogadnom ezt az \u00e9rz\u00e9st, s\u0151t bar\u00e1tomm\u00e1 kellett fogadnom ezt a felfoghatatlan gy\u00e1szt. Ez rengeteg munk\u00e1ba \u00e9s sok id\u0151be telik. Az els\u0151 l\u00e9p\u00e9s az ehhez vezet\u0151 \u00faton az elfogad\u00e1s volt. Nincs \u00e9rtelme tiltakozni vagy haragudni a sorsra\u201d \u2013 vallotta k\u00f6nnyek k\u00f6z\u00f6tt Rozi a B\u00f3ta Caf\u00e9 ad\u00e1s\u00e1ban.<br \/>\n\u00cdGY DOLGOZTA FEL:<\/h3>\n<h3><span style=\"color: #ff0000;\"><strong>A h\u00edr nem \u00e9rt v\u00e9get! Folytat\u00e1shoz haszn\u00e1ld a K\u00d6VETKEZ\u0150 OLDAL gombot!<\/strong><\/span><\/h3>\n<h3 style=\"text-align: right;\"><a href=\"https:\/\/matrend.hu\/maitrend\/?p=3584\" target=\"_blank\" rel=\"noopener\"><span style=\"color: #ff0000;\">&#8212;&gt;&gt; K\u00d6VETKEZ\u0150 OLDAL<\/span><\/a><\/h3>\n<p>&#8211;<\/p>\n<p>K\u00e9s\u0151bb \u00e9rkezik majd a Kia EV3 GT v\u00e1ltozat, amely v\u00e1rhat\u00f3an k\u00e9tmotoros, \u00f6sszker\u00e9khajt\u00e1s\u00fa lesz, b\u00e1r a hat\u00f3t\u00e1vja val\u00f3sz\u00edn\u0171leg r\u00f6videbb lesz a jelenlegi, els\u0151ker\u00e9k-hajt\u00e1s\u00fa modellek\u00e9n\u00e9l.<br \/>\nA hajt\u00e1sl\u00e1nc viszonylag egyszer\u0171: k\u00e9tf\u00e9le akkumul\u00e1torm\u00e9ret v\u00e1laszthat\u00f3, ugyanazzal a motorral p\u00e1ros\u00edtva. A kisebb, 58,3 kWh-s v\u00e1ltozat hivatalosan 270 m\u00e9rf\u00f6ldes hat\u00f3t\u00e1vot k\u00edn\u00e1l, ami sokaknak elegend\u0151 lehet. Azok, akik hosszabb utakra k\u00e9sz\u00fclnek, v\u00e1laszthatj\u00e1k a 81,4 kWh-s v\u00e1ltozatot, amely ak\u00e1r 375 m\u00e9rf\u00f6ldes hat\u00f3t\u00e1vot is el\u00e9rhet, m\u00edg a GT-Line S v\u00e1ltozat eset\u00e9ben ez 362 m\u00e9rf\u00f6ldre cs\u00f6kken.<br \/>\nMindegyik modell 201 l\u00f3er\u0151t tud, a kisebb akkumul\u00e1toros Air verzi\u00f3 gyorsabban, 7,5 m\u00e1sodperc alatt gyorsul 0-r\u00f3l 100 km\/h-ra, m\u00edg a hosszabb hat\u00f3t\u00e1v\u00fa verzi\u00f3k 7,7 vagy 7,9 m\u00e1sodperc alatt \u00e9rik el ugyanezt a temp\u00f3t. B\u00e1r a sz\u00e1mok k\u00fcl\u00f6nb\u00f6znek, a val\u00f3s\u00e1gban ez a k\u00fcl\u00f6nbs\u00e9g alig \u00e9szrevehet\u0151.<\/p>\n<p>Vezetni az EV3-at nem k\u00fcl\u00f6n\u00f6sebben \u00e9lvezetes, de ez nem is c\u00e9lja az aut\u00f3nak. A Kia ink\u00e1bb a k\u00e9nyelemre helyezte a hangs\u00falyt, amit j\u00f3l is val\u00f3s\u00edtott meg. A g\u00e1zreakci\u00f3 h\u00e1rom, a korm\u00e1nyz\u00e1s k\u00e9t fokozatban \u00e1ll\u00edthat\u00f3, de ezek k\u00f6z\u00f6tti k\u00fcl\u00f6nbs\u00e9gek alig \u00e9rezhet\u0151ek. A sport m\u00f3d p\u00e9ld\u00e1ul \u00e9lesebb g\u00e1zreakci\u00f3t k\u00edn\u00e1l, de t\u00e9nyleges gyorsul\u00e1sbeli javul\u00e1s nincs.<br \/>\nV\u00e1rosi k\u00f6rnyezetben az EV3 egyik kiemelked\u0151 eleme a regenerat\u00edv f\u00e9kez\u00e9s finomhangolhat\u00f3s\u00e1ga, amely a korm\u00e1ny m\u00f6g\u00f6tti v\u00e1lt\u00f3f\u00fclekkel menet k\u00f6zben is szab\u00e1lyozhat\u00f3. Az aut\u00f3 tud teljes gurul\u00e1st, egy ped\u00e1los vezet\u00e9st, s\u0151t, adapt\u00edv \u00fczemm\u00f3dot is, amely az \u00fatviszonyok alapj\u00e1n d\u00f6nt a f\u00e9kez\u00e9s m\u00e9rt\u00e9k\u00e9r\u0151l. A pontos korm\u00e1nyz\u00e1s \u00e9s a puha fut\u00f3m\u0171 miatt v\u00e1rosban nagyon kellemes vezetni.<br \/>\nOrsz\u00e1gutakon is j\u00f3l teljes\u00edt a k\u00e9nyelmes fut\u00f3m\u0171, de a vezet\u00e9si \u00e9lm\u00e9ny nem t\u00fal izgalmas. B\u00e1r nem olyan \u201ehalott\u201d a vezet\u00e9si \u00e9lm\u00e9ny, mint egy Hyundai Kona eset\u00e9ben, a Renault Megane E-Tech vagy a Cupra Born \u00e9lesebb \u00e9s dinamikusabb vezet\u00e9si \u00e9rzetet ny\u00fajtanak a k\u00e9nyelem megtart\u00e1sa mellett. A puha hangol\u00e1s miatt nagyobb \u00fategyenetlens\u00e9gekn\u00e9l \u00e9rezni lehet az aut\u00f3 s\u00faly\u00e1t, mivel a rug\u00f3z\u00e1s n\u00e9ha nem tudja megfelel\u0151en lek\u00f6vetni a terhel\u00e9st.<\/p>\n","protected":false},"excerpt":{"rendered":"<p>\u201eEz nyilv\u00e1nval\u00f3an egy olyan esem\u00e9ny volt, ami m\u00e9lyre l\u00f6k\u00f6tt. De volt \u00e9rz\u00e9kem, sz\u00edvem, f\u00fclem ahhoz, hogy meg\u00e9rtsem magam, \u00e9s r\u00e1j\u00f6jjek&#8230; <span class=\"gridview-grid-post-read-more\"><a href=\"https:\/\/matrend.hu\/nekedinfo\/meghalt-lovas-rozi-parja\/\">read more<span class=\"gridview-sr-only\"> Meghalt Lovas Rozi P\u00e1rja<\/span><\/a><\/span><\/p>\n","protected":false},"author":1,"featured_media":3583,"comment_status":"open","ping_status":"open","sticky":false,"template":"","format":"standard","meta":{"footnotes":""},"categories":[1],"tags":[],"class_list":["post-3582","post","type-post","status-publish","format-standard","has-post-thumbnail","hentry","category-egyeb","wpcat-1-id"],"_links":{"self":[{"href":"https:\/\/matrend.hu\/nekedinfo\/wp-json\/wp\/v2\/posts\/3582","targetHints":{"allow":["GET"]}}],"collection":[{"href":"https:\/\/matrend.hu\/nekedinfo\/wp-json\/wp\/v2\/posts"}],"about":[{"href":"https:\/\/matrend.hu\/nekedinfo\/wp-json\/wp\/v2\/types\/post"}],"author":[{"embeddable":true,"href":"https:\/\/matrend.hu\/nekedinfo\/wp-json\/wp\/v2\/users\/1"}],"replies":[{"embeddable":true,"href":"https:\/\/matrend.hu\/nekedinfo\/wp-json\/wp\/v2\/comments?post=3582"}],"version-history":[{"count":1,"href":"https:\/\/matrend.hu\/nekedinfo\/wp-json\/wp\/v2\/posts\/3582\/revisions"}],"predecessor-version":[{"id":3584,"href":"https:\/\/matrend.hu\/nekedinfo\/wp-json\/wp\/v2\/posts\/3582\/revisions\/3584"}],"wp:featuredmedia":[{"embeddable":true,"href":"https:\/\/matrend.hu\/nekedinfo\/wp-json\/wp\/v2\/media\/3583"}],"wp:attachment":[{"href":"https:\/\/matrend.hu\/nekedinfo\/wp-json\/wp\/v2\/media?parent=3582"}],"wp:term":[{"taxonomy":"category","embeddable":true,"href":"https:\/\/matrend.hu\/nekedinfo\/wp-json\/wp\/v2\/categories?post=3582"},{"taxonomy":"post_tag","embeddable":true,"href":"https:\/\/matrend.hu\/nekedinfo\/wp-json\/wp\/v2\/tags?post=3582"}],"curies":[{"name":"wp","href":"https:\/\/api.w.org\/{rel}","templated":true}]}}