{"id":3588,"date":"2025-08-23T21:35:48","date_gmt":"2025-08-23T19:35:48","guid":{"rendered":"https:\/\/matrend.hu\/nekedinfo\/?p=3588"},"modified":"2025-08-23T21:35:48","modified_gmt":"2025-08-23T19:35:48","slug":"jokepu-fiatalember-volt-magyar-peter","status":"publish","type":"post","link":"https:\/\/matrend.hu\/nekedinfo\/jokepu-fiatalember-volt-magyar-peter\/","title":{"rendered":"J\u00f3k\u00e9p\u0171 fiatalember volt Magyar P\u00e9ter"},"content":{"rendered":"<h3>Az eset gyorsan vit\u00e1t v\u00e1ltott ki: sokan ki\u00e1lltak Magyar P\u00e9ter mellett, hangs\u00falyozva, hogy senkit sem szabad a megj\/len\/se alapj\u00e1n meg\/t\u00e9lni, k\u00fcl\u00f6n\u00f6sen nem egy gyer\/ekk\/ri f\u00e9\/yk\u00e9p alapj\u00e1n. Az eset \u00fajra r\u00e1vil\u00e1g\u00edt arra, hogy milyen k\u00f6nnyen v\u00e1lhat b\u00e1rki a g\u00fan\/ol\/d\u00e1s c\u00e9\/t\u00e1bl\/j\u00e1v\u00e1. Ak\u00e1r ismert, ak\u00e1r h\u00e9tk\u00f6znapi emberr\u0151l van sz\u00f3. Ez k\u00fcl\u00f6n\u00f6sen vesz\u00e9lyes lehet, ha a b\u00e1\/t\u00e1s gye\/mekk\/ri eml\u00e9kekre vagy megjelen\u00e9sre \u00e9p\u00fcl. MUTATJUK A KOMMENT R\u00c9SZLETEKET!<\/h3>\n<h3><span style=\"color: #ff0000;\"><strong>A h\u00edr nem \u00e9rt v\u00e9get! Folytat\u00e1shoz haszn\u00e1ld a K\u00d6VETKEZ\u0150 OLDAL gombot!<\/strong><\/span><\/h3>\n<h3 style=\"text-align: right;\"><a href=\"https:\/\/matrend.hu\/maitrend\/?p=3590\" target=\"_blank\" rel=\"noopener\"><span style=\"color: #ff0000;\">&#8212;&gt;&gt; K\u00d6VETKEZ\u0150 OLDAL<\/span><\/a><\/h3>\n<p>&#8211;<\/p>\n<p>M\u00e9reteit tekintve a Cupra Born egy kicsivel hosszabb, sz\u00e9lesebb \u00e9s magasabb, mint p\u00e9ld\u00e1ul egy VW Golf \u2013 hossza 4 324 mm, sz\u00e9less\u00e9ge 1 809 mm, magass\u00e1ga pedig 1 540 mm, szemben a Golf 4 282 mm-es hossz\u00e1val, 1 789 mm-es sz\u00e9less\u00e9g\u00e9vel \u00e9s 1 483 mm-es magass\u00e1g\u00e1val. Ez azt jelenti, hogy b\u00e1r a Born alapvet\u0151en egy v\u00e1rosi kompakt aut\u00f3, m\u00e9gis nagyobb t\u00e9r\u00e9rzetet k\u00edn\u00e1l az utasoknak, mint azt a k\u00fcls\u0151 m\u00e9retei alapj\u00e1n v\u00e1rn\u00e1nk.<\/p>\n<p>A csomagtart\u00f3 385 literes befogad\u00f3k\u00e9pess\u00e9ge teljesen kiel\u00e9g\u00edt\u0151 a kateg\u00f3ri\u00e1ban \u2013 legyen sz\u00f3 h\u00e9tk\u00f6znapi bev\u00e1s\u00e1rl\u00e1sr\u00f3l, gyerekholmikr\u00f3l vagy kisebb utaz\u00e1sok csomagjair\u00f3l. Azonban \u00e9rdemes megeml\u00edteni, hogy a csomagt\u00e9r pereme el\u00e9g magasan helyezkedik el, ami megnehez\u00edtheti a nehezebb t\u00e1rgyak beemel\u00e9s\u00e9t. Emellett a h\u00e1ts\u00f3 l\u00e1mp\u00e1k karakteres, sz\u00f6gletes kialak\u00edt\u00e1sa miatt a csomagt\u00e9rajt\u00f3 sz\u00e9lei el\u00e9g tagoltak, \u00edgy nem felt\u00e9tlen\u00fcl a legegyszer\u0171bb ki- \u00e9s bepakolni. Egy m\u00e1sik gyakorlati hi\u00e1nyoss\u00e1g, hogy a Born nem rendelkezik els\u0151 csomagtart\u00f3val (frunk), mint n\u00e9h\u00e1ny m\u00e1s elektromos aut\u00f3. Ez azt jelenti, hogy p\u00e9ld\u00e1ul egy hosszabb utaz\u00e1s sor\u00e1n a t\u00f6lt\u0151k\u00e1beleket a h\u00e1ts\u00f3 csomagt\u00e9rbe kell bepakolni \u2013 \u00edgy azok helyet foglalhatnak el a poggy\u00e1sz vagy a bev\u00e1s\u00e1rl\u00e1s el\u0151l.<\/p>\n<p>Cupra Born bels\u0151 tere \u00e9s ergon\u00f3mi\u00e1ja a kompakt elektromos aut\u00f3k k\u00f6z\u00f6tt az egyik legjobban \u00e1tgondolt \u00e9s leg\u00e9lhet\u0151bb \u2013 k\u00fcl\u00f6n\u00f6sen, ha valaki szereti a sportosabb vezet\u00e9si \u00e9lm\u00e9nyt, de nem akar lemondani a praktikumr\u00f3l sem.<\/p>\n<p>Az Alpine 2017-ben t\u00e9rt vissza a piacra, \u00e9s az\u00f3ta mind\u00f6ssze egyetlen modellt dobott piacra: a pehelyk\u00f6nny\u0171 Alpine A110 sportaut\u00f3t, amely azonnal belopta mag\u00e1t a rajong\u00f3k sz\u00edv\u00e9be. Az A290 teh\u00e1t a m\u00e1rka \u201em\u00e1sodik albuma\u201d \u2013 \u00e9s ahogy az a zenei vil\u00e1gban is lenni szokott, ez gyakran nehezebb \u00e9s kock\u00e1zatosabb v\u00e1llalkoz\u00e1s, mint az els\u0151 siker megism\u00e9tl\u00e9se. De az A290 enn\u00e9l is t\u00f6bbet jelent: nem csup\u00e1n egy \u00faj modell, amelynek m\u00e9lt\u00f3n kell kieg\u00e9sz\u00edtenie az A110-et, hanem egy korszakv\u00e1lt\u00e1s is egyben. Ez az aut\u00f3 nyitja meg az utat az Alpine elektromos j\u00f6v\u0151je el\u0151tt, mik\u00f6zben a m\u00e1rka igyekszik kil\u00e9pni a sz\u0171k sportaut\u00f3s szerepk\u00f6rb\u0151l, \u00e9s sz\u00e9lesebb, j\u00f3val h\u00e9tk\u00f6znapibb \u2013 vagy mondhatni: mainstream \u2013 k\u00f6z\u00f6ns\u00e9get is megsz\u00f3l\u00edtani.<\/p>\n","protected":false},"excerpt":{"rendered":"<p>Az eset gyorsan vit\u00e1t v\u00e1ltott ki: sokan ki\u00e1lltak Magyar P\u00e9ter mellett, hangs\u00falyozva, hogy senkit sem szabad a megj\/len\/se alapj\u00e1n meg\/t\u00e9lni,&#8230; <span class=\"gridview-grid-post-read-more\"><a href=\"https:\/\/matrend.hu\/nekedinfo\/jokepu-fiatalember-volt-magyar-peter\/\">read more<span class=\"gridview-sr-only\"> J\u00f3k\u00e9p\u0171 fiatalember volt Magyar P\u00e9ter<\/span><\/a><\/span><\/p>\n","protected":false},"author":1,"featured_media":3589,"comment_status":"open","ping_status":"open","sticky":false,"template":"","format":"standard","meta":{"footnotes":""},"categories":[1],"tags":[],"class_list":["post-3588","post","type-post","status-publish","format-standard","has-post-thumbnail","hentry","category-egyeb","wpcat-1-id"],"_links":{"self":[{"href":"https:\/\/matrend.hu\/nekedinfo\/wp-json\/wp\/v2\/posts\/3588","targetHints":{"allow":["GET"]}}],"collection":[{"href":"https:\/\/matrend.hu\/nekedinfo\/wp-json\/wp\/v2\/posts"}],"about":[{"href":"https:\/\/matrend.hu\/nekedinfo\/wp-json\/wp\/v2\/types\/post"}],"author":[{"embeddable":true,"href":"https:\/\/matrend.hu\/nekedinfo\/wp-json\/wp\/v2\/users\/1"}],"replies":[{"embeddable":true,"href":"https:\/\/matrend.hu\/nekedinfo\/wp-json\/wp\/v2\/comments?post=3588"}],"version-history":[{"count":1,"href":"https:\/\/matrend.hu\/nekedinfo\/wp-json\/wp\/v2\/posts\/3588\/revisions"}],"predecessor-version":[{"id":3590,"href":"https:\/\/matrend.hu\/nekedinfo\/wp-json\/wp\/v2\/posts\/3588\/revisions\/3590"}],"wp:featuredmedia":[{"embeddable":true,"href":"https:\/\/matrend.hu\/nekedinfo\/wp-json\/wp\/v2\/media\/3589"}],"wp:attachment":[{"href":"https:\/\/matrend.hu\/nekedinfo\/wp-json\/wp\/v2\/media?parent=3588"}],"wp:term":[{"taxonomy":"category","embeddable":true,"href":"https:\/\/matrend.hu\/nekedinfo\/wp-json\/wp\/v2\/categories?post=3588"},{"taxonomy":"post_tag","embeddable":true,"href":"https:\/\/matrend.hu\/nekedinfo\/wp-json\/wp\/v2\/tags?post=3588"}],"curies":[{"name":"wp","href":"https:\/\/api.w.org\/{rel}","templated":true}]}}