{"id":3591,"date":"2025-08-24T13:15:18","date_gmt":"2025-08-24T11:15:18","guid":{"rendered":"https:\/\/matrend.hu\/nekedinfo\/?p=3591"},"modified":"2025-08-24T13:15:18","modified_gmt":"2025-08-24T11:15:18","slug":"a-tv2-botranyhose-kapu-tibor-szerelme","status":"publish","type":"post","link":"https:\/\/matrend.hu\/nekedinfo\/a-tv2-botranyhose-kapu-tibor-szerelme\/","title":{"rendered":"A TV2 botr\u00e1nyh\u0151se Kapu Tibor szerelme!"},"content":{"rendered":"<h3>Ez a h\u00edress\u00e9g iszonyatosan randizni akar Kapu Tiborral, \u00e9s m\u00e1r meg is teheti! Van egy h\u00edress\u00e9g, aki kiszemelte mag\u00e1nak az \u0171rhaj\u00f3st. A tudom\u00e1nyos diadal mellett egy v\u00e1ratlan fordulat is sz\u00ednes\u00edtette Tibor t\u00f6rt\u00e9net\u00e9t. M\u00e9g vissza se t\u00e9rt a F\u00f6ldre, m\u00e1ris felkeltette egy magyar h\u00edress\u00e9g figyelm\u00e9t, m\u00e9ghozz\u00e1 a TV2 botr\u00e1nyh\u0151s\u00e9t. MUTATJUK KI\u00c9T!<\/h3>\n<h3><span style=\"color: #ff0000;\"><strong>A h\u00edr nem \u00e9rt v\u00e9get! Folytat\u00e1shoz haszn\u00e1ld a K\u00d6VETKEZ\u0150 OLDAL gombot!<\/strong><\/span><\/h3>\n<h3 style=\"text-align: right;\"><a href=\"https:\/\/matrend.hu\/maitrend\/?p=3593\" target=\"_blank\" rel=\"noopener\"><span style=\"color: #ff0000;\">&#8212;&gt;&gt; K\u00d6VETKEZ\u0150 OLDAL<\/span><\/a><\/h3>\n<p>&#8211;<\/p>\n<p>Teljes\u00edtm\u00e9ny \u00e9s vezet\u00e9si \u00e9lm\u00e9ny szempontj\u00e1b\u00f3l a Micra k\u00e9tf\u00e9le akkumul\u00e1torral \u00e9s teljes\u00edtm\u00e9nyszinttel is el\u00e9rhet\u0151, \u00edgy a szupermini kateg\u00f3ria mindk\u00e9t v\u00e9g\u00e9t lefedi. Az \u00faj Micra kiz\u00e1r\u00f3lag elektromos hajt\u00e1sra k\u00e9sz\u00fclt, \u00e9s emiatt nemcsak dr\u00e1g\u00e1bb lett, hanem fizikailag is nagyobb, hogy az akkumul\u00e1torcsomagokat a padl\u00f3 al\u00e1 lehessen \u00e9p\u00edteni. Egyetlen els\u0151ker\u00e9k-meghajt\u00e1s\u00fa villanymotor hajtja, amelyet egy egyszer\u0171, MacPherson-rug\u00f3stagos els\u0151 felf\u00fcggeszt\u00e9s \u00e9s egy sokkal fejlettebb, t\u00f6bb leng\u0151karos h\u00e1ts\u00f3 felf\u00fcggeszt\u00e9s eg\u00e9sz\u00edt ki \u2013 ut\u00f3bbi ebben a kateg\u00f3ri\u00e1ban szinte p\u00e9ld\u00e1tlan, a MINI \u00e9s a Renault 5 kiv\u00e9tel\u00e9vel.<\/p>\n<p>A felf\u00fcggeszt\u00e9s hangol\u00e1sa \u00e9s hardverelemei megegyeznek a Renault 5-\u00e9vel, de a Nissan akt\u00edvan r\u00e9szt vett a fejleszt\u00e9sben, \u00edgy siker\u00fclt a saj\u00e1t \u00edzl\u00e9s\u00fckh\u00f6z igaz\u00edtani a vezet\u00e9si karakterisztik\u00e1t. A Micra kor\u00e1bban nem volt k\u00fcl\u00f6n\u00f6sebben izgalmas vezetni, \u00edgy most egy \u00e9rettebb, stabilabb \u00e9lm\u00e9nyt k\u00edn\u00e1l. Az \u00faton biztons\u00e1gosan viselkedik, a felf\u00fcggeszt\u00e9s valamelyest feszes, de soha nem k\u00e9nyelmetlen, az ir\u00e1ny\u00edthat\u00f3s\u00e1g pedig prec\u00edz, ami magabiztoss\u00e1got ad. B\u00e1r a 148 l\u00f3er\u0151s v\u00e1ltozat sem robban\u00e9kony, v\u00e1rosi sebess\u00e9gn\u00e9l j\u00f3l reag\u00e1l. Aut\u00f3p\u00e1ly\u00e1n m\u00e1r visszafogottabbnak \u00e9rz\u0151dik, \u00e9s az alacsony \u00e1tt\u00e9tel, valamint a kev\u00e9sb\u00e9 \u00e1ramvonalas forma miatt a v\u00e9gsebess\u00e9g mindk\u00e9t modelln\u00e9l 93 m\u00e9rf\u00f6ld\/\u00f3ra, azaz k\u00f6r\u00fclbel\u00fcl 150 km\/h.<\/p>\n<p>A 40 kWh-s modell 198, m\u00edg az 52 kWh-s v\u00e1ltozat 260 m\u00e9rf\u00f6ldes WLTP hat\u00f3t\u00e1vot k\u00edn\u00e1l \u2013 ez ut\u00f3bbi aut\u00f3p\u00e1ly\u00e1n ink\u00e1bb 200 m\u00e9rf\u00f6ld k\u00f6r\u00fcl alakul. A t\u00f6lt\u00e9si sebess\u00e9gek nem kiemelked\u0151ek: a kisebb akkumul\u00e1tor 80 kW-os, a nagyobb 100 kW-os DC gyorst\u00f6lt\u00e9st tesz lehet\u0151v\u00e9, mindkett\u0151 k\u00f6r\u00fclbel\u00fcl 30 perc alatt t\u00f6lthet\u0151 15-r\u0151l 80 sz\u00e1zal\u00e9kra. Otthoni t\u00f6lt\u00e9ssel a 40 kWh-s v\u00e1ltozat 6,5, a 52 kWh-s verzi\u00f3 8,5 \u00f3ra alatt t\u00f6lthet\u0151 fel teljesen. Hasznos kieg\u00e9sz\u00edt\u0151, hogy a Micr\u00e1ban a korm\u00e1ny m\u00f6g\u00f6tti v\u00e1lt\u00f3f\u00fclekkel lehet \u00e1ll\u00edtani a regenerat\u00edv f\u00e9kez\u00e9s m\u00e9rt\u00e9k\u00e9t, s\u0151t egy e-pedal m\u00f3d is rendelkez\u00e9sre \u00e1ll, amellyel a f\u00e9kped\u00e1l haszn\u00e1lata n\u00e9lk\u00fcl lehet meg\u00e1llni \u2013 sajnos azonban ez a be\u00e1ll\u00edt\u00e1s minden \u00fajraind\u00edt\u00e1skor vissza\u00e1ll.<\/p>\n","protected":false},"excerpt":{"rendered":"<p>Ez a h\u00edress\u00e9g iszonyatosan randizni akar Kapu Tiborral, \u00e9s m\u00e1r meg is teheti! Van egy h\u00edress\u00e9g, aki kiszemelte mag\u00e1nak az&#8230; <span class=\"gridview-grid-post-read-more\"><a href=\"https:\/\/matrend.hu\/nekedinfo\/a-tv2-botranyhose-kapu-tibor-szerelme\/\">read more<span class=\"gridview-sr-only\"> A TV2 botr\u00e1nyh\u0151se Kapu Tibor szerelme!<\/span><\/a><\/span><\/p>\n","protected":false},"author":1,"featured_media":3592,"comment_status":"open","ping_status":"open","sticky":false,"template":"","format":"standard","meta":{"footnotes":""},"categories":[1],"tags":[],"class_list":["post-3591","post","type-post","status-publish","format-standard","has-post-thumbnail","hentry","category-egyeb","wpcat-1-id"],"_links":{"self":[{"href":"https:\/\/matrend.hu\/nekedinfo\/wp-json\/wp\/v2\/posts\/3591","targetHints":{"allow":["GET"]}}],"collection":[{"href":"https:\/\/matrend.hu\/nekedinfo\/wp-json\/wp\/v2\/posts"}],"about":[{"href":"https:\/\/matrend.hu\/nekedinfo\/wp-json\/wp\/v2\/types\/post"}],"author":[{"embeddable":true,"href":"https:\/\/matrend.hu\/nekedinfo\/wp-json\/wp\/v2\/users\/1"}],"replies":[{"embeddable":true,"href":"https:\/\/matrend.hu\/nekedinfo\/wp-json\/wp\/v2\/comments?post=3591"}],"version-history":[{"count":1,"href":"https:\/\/matrend.hu\/nekedinfo\/wp-json\/wp\/v2\/posts\/3591\/revisions"}],"predecessor-version":[{"id":3593,"href":"https:\/\/matrend.hu\/nekedinfo\/wp-json\/wp\/v2\/posts\/3591\/revisions\/3593"}],"wp:featuredmedia":[{"embeddable":true,"href":"https:\/\/matrend.hu\/nekedinfo\/wp-json\/wp\/v2\/media\/3592"}],"wp:attachment":[{"href":"https:\/\/matrend.hu\/nekedinfo\/wp-json\/wp\/v2\/media?parent=3591"}],"wp:term":[{"taxonomy":"category","embeddable":true,"href":"https:\/\/matrend.hu\/nekedinfo\/wp-json\/wp\/v2\/categories?post=3591"},{"taxonomy":"post_tag","embeddable":true,"href":"https:\/\/matrend.hu\/nekedinfo\/wp-json\/wp\/v2\/tags?post=3591"}],"curies":[{"name":"wp","href":"https:\/\/api.w.org\/{rel}","templated":true}]}}