{"id":3594,"date":"2025-08-24T15:39:29","date_gmt":"2025-08-24T13:39:29","guid":{"rendered":"https:\/\/matrend.hu\/nekedinfo\/?p=3594"},"modified":"2025-08-24T15:39:29","modified_gmt":"2025-08-24T13:39:29","slug":"mindossze-ennyibol-el-a-familia-kft-szep-nagypapaja","status":"publish","type":"post","link":"https:\/\/matrend.hu\/nekedinfo\/mindossze-ennyibol-el-a-familia-kft-szep-nagypapaja\/","title":{"rendered":"Mind\u00f6ssze ennyib\u0151l \u00e9l A Fam\u00edlia Kft. Sz\u00e9p nagypap\u00e1ja"},"content":{"rendered":"<h3>Nagy dr\u00e1gas\u00e1g van az \u00fczletekben, ez\u00e9rt elfogadunk minden t\u00e1mogat\u00e1st, amit lehet. A koromn\u00e1l fogva ingyen kapom az eb\u00e9det a zugl\u00f3i \u00f6nkorm\u00e1nyzatt\u00f3l, a feles\u00e9gem pedig kedvezm\u00e9nyesen veszi ig\u00e9nybe, h\u00e9tsz\u00e1z forint egy napra. H\u00e9tk\u00f6znap \u00edgy nem is f\u0151z\u00fcnk, ez\u00e1ltal a g\u00e1zon is sp\u00f3rolunk. Szeretn\u00e9m is meg\u00e9rni a sz\u00e1zadik sz\u00fclet\u00e9snapomat, hiszen akkor a korm\u00e1nyt\u00f3l a sz\u00e9pkor\u00faak jubileumi juttat\u00e1s\u00e1t, sz\u00e1zezer forintot fogok kapni. Nem hagyn\u00e1m veszni azt a kis p\u00e9nzt, j\u00f3l j\u00f6n majd a nyugd\u00edjam mell\u00e9 \u2013 mondta viccel\u0151dve a Meglepet\u00e9s magazinnak a sz\u00edn\u00e9sz.<br \/>\nDrasztikusan b\u00e1nt vele a sors:<\/h3>\n<h3><span style=\"color: #ff0000;\"><strong>A h\u00edr nem \u00e9rt v\u00e9get! Folytat\u00e1shoz haszn\u00e1ld a K\u00d6VETKEZ\u0150 OLDAL gombot!<\/strong><\/span><\/h3>\n<h3 style=\"text-align: right;\"><a href=\"https:\/\/matrend.hu\/maitrend\/?p=3596\" target=\"_blank\" rel=\"noopener\"><span style=\"color: #ff0000;\">&#8212;&gt;&gt; K\u00d6VETKEZ\u0150 OLDAL<\/span><\/a><\/h3>\n<p>&#8211;<\/p>\n<p>A Renault 4 jogosult a 2025 j\u00falius\u00e1ban bevezetett \u00faj brit elektromos aut\u00f3 t\u00e1mogat\u00e1sra, amely 1 500 fontos \u00e1llami kedvezm\u00e9nyt jelent, \u00e9s ez a Renault n\u00e9gy modellj\u00e9re \u2013 k\u00f6zt\u00fck az R4-re \u2013 \u00e9rv\u00e9nyes. A t\u00edpus \u00e1ra ennek, illetve az egy\u00e9b piaci pozicion\u00e1l\u00e1snak k\u00f6sz\u00f6nhet\u0151en versenyk\u00e9pes, k\u00fcl\u00f6n\u00f6sen ha figyelembe vessz\u00fck a felszerelts\u00e9g\u00e9t \u00e9s a m\u0171szaki tud\u00e1s\u00e1t.<\/p>\n<p>A t\u00f6lt\u00e9si teljes\u00edtm\u00e9ny ugyan nem kiemelked\u0151 \u2013 a gy\u00e1ri adatok szerint 100 kW DC t\u00f6lt\u00e9sre k\u00e9pes, a val\u00f3s\u00e1gban viszont ink\u00e1bb 65 kW k\u00f6r\u00fcl t\u00f6lt, m\u00e9g nagy teljes\u00edtm\u00e9ny\u0171 t\u00f6lt\u0151n is \u2013, de ez ebben a kateg\u00f3ri\u00e1ban nem ritka. Viszont a t\u00f6lt\u00e9si sebess\u00e9g szinte v\u00e9gig stabil marad, ami pozit\u00edvum. A Renault 4 okos kieg\u00e9sz\u00edt\u0151je, hogy rendelkezik \u00fagynevezett vehicle-to-load (V2L) funkci\u00f3val is, aminek k\u00f6sz\u00f6nhet\u0151en a j\u00e1rm\u0171 \u00e1ramforr\u00e1sk\u00e9nt is haszn\u00e1lhat\u00f3, p\u00e9ld\u00e1ul kisebb elektromos eszk\u00f6z\u00f6k t\u00f6lt\u00e9s\u00e9re vagy m\u0171k\u00f6dtet\u00e9s\u00e9re, legfeljebb 3,7 kW teljes\u00edtm\u00e9nnyel.<\/p>\n<p>Bels\u0151 tere j\u00f3l \u00e1tgondolt, az utast\u00e9r kialak\u00edt\u00e1sa szinte teljesen megegyezik a Renault 5-\u00e9vel, ami kimondottan j\u00f3 h\u00edr. A fizikai kl\u00edmavez\u00e9rl\u0151k, a Google-alap\u00fa infotainment rendszer, a j\u00f3l \u00e1ttekinthet\u0151 kijelz\u0151k \u00e9s a hangulatos formavil\u00e1g kellemes haszn\u00e1lati \u00e9lm\u00e9nyt ny\u00fajtanak. B\u00e1r az als\u00f3bb fel\u00fcleteken megjelennek kem\u00e9nyebb m\u0171anyagok, a kabin \u00f6sszess\u00e9g\u00e9ben j\u00f3l \u00f6sszerakott \u00e9s modern hangulat\u00fa. A vezet\u0151\u00fcl\u00e9s k\u00f6nnyen be\u00e1ll\u00edthat\u00f3, a kil\u00e1t\u00e1s el\u0151re kiv\u00e1l\u00f3, h\u00e1trafel\u00e9 azonban a vaskos h\u00e1ts\u00f3 oszlopok miatt jelent\u0151sebb holtterek alakulhatnak ki. A sebess\u00e9gv\u00e1lt\u00f3 karj\u00e1nak \u00e9s az ablakt\u00f6rl\u0151 karj\u00e1nak elhelyez\u00e9se miatt n\u00e9ha \u00f6ssze lehet \u0151ket keverni, de ez megszokhat\u00f3.<\/p>\n<p>Az utast\u00e9r m\u00e9retei tekintet\u00e9ben az R4 val\u00f3ban el\u0151rel\u00e9p\u00e9st jelent az R5-h\u00f6z k\u00e9pest. Az aut\u00f3 4,14 m\u00e9ter hossz\u00fa, tengelyt\u00e1vja 83 mm-rel nagyobb, \u00edgy a h\u00e1ts\u00f3 sorban t\u00f6bb a l\u00e1bt\u00e9r, a csomagt\u00e9r pedig 94 literrel nagyobb. \u00d6sszesen 420 liternyi poggy\u00e1szt nyel el alaphelyzetben, amit 1 405 literre lehet n\u00f6velni a h\u00e1ts\u00f3 \u00fcl\u00e9sek led\u00f6nt\u00e9s\u00e9vel. A csomagt\u00e9r ny\u00edl\u00e1sa alacsonyan van, ami megk\u00f6nny\u00edti a bepakol\u00e1st, de a hatalmas csomagt\u00e9rajt\u00f3 miatt sz\u0171k parkol\u00f3helyeken \u00e9rdemes figyelni, f\u0151leg az elektromos m\u0171k\u00f6dtet\u00e9s\u0171 fed\u00e9llel ell\u00e1tott Iconic v\u00e1ltozatokn\u00e1l.<\/p>\n","protected":false},"excerpt":{"rendered":"<p>Nagy dr\u00e1gas\u00e1g van az \u00fczletekben, ez\u00e9rt elfogadunk minden t\u00e1mogat\u00e1st, amit lehet. A koromn\u00e1l fogva ingyen kapom az eb\u00e9det a zugl\u00f3i&#8230; <span class=\"gridview-grid-post-read-more\"><a href=\"https:\/\/matrend.hu\/nekedinfo\/mindossze-ennyibol-el-a-familia-kft-szep-nagypapaja\/\">read more<span class=\"gridview-sr-only\"> Mind\u00f6ssze ennyib\u0151l \u00e9l A Fam\u00edlia Kft. Sz\u00e9p nagypap\u00e1ja<\/span><\/a><\/span><\/p>\n","protected":false},"author":1,"featured_media":3595,"comment_status":"open","ping_status":"open","sticky":false,"template":"","format":"standard","meta":{"footnotes":""},"categories":[1],"tags":[],"class_list":["post-3594","post","type-post","status-publish","format-standard","has-post-thumbnail","hentry","category-egyeb","wpcat-1-id"],"_links":{"self":[{"href":"https:\/\/matrend.hu\/nekedinfo\/wp-json\/wp\/v2\/posts\/3594","targetHints":{"allow":["GET"]}}],"collection":[{"href":"https:\/\/matrend.hu\/nekedinfo\/wp-json\/wp\/v2\/posts"}],"about":[{"href":"https:\/\/matrend.hu\/nekedinfo\/wp-json\/wp\/v2\/types\/post"}],"author":[{"embeddable":true,"href":"https:\/\/matrend.hu\/nekedinfo\/wp-json\/wp\/v2\/users\/1"}],"replies":[{"embeddable":true,"href":"https:\/\/matrend.hu\/nekedinfo\/wp-json\/wp\/v2\/comments?post=3594"}],"version-history":[{"count":1,"href":"https:\/\/matrend.hu\/nekedinfo\/wp-json\/wp\/v2\/posts\/3594\/revisions"}],"predecessor-version":[{"id":3596,"href":"https:\/\/matrend.hu\/nekedinfo\/wp-json\/wp\/v2\/posts\/3594\/revisions\/3596"}],"wp:featuredmedia":[{"embeddable":true,"href":"https:\/\/matrend.hu\/nekedinfo\/wp-json\/wp\/v2\/media\/3595"}],"wp:attachment":[{"href":"https:\/\/matrend.hu\/nekedinfo\/wp-json\/wp\/v2\/media?parent=3594"}],"wp:term":[{"taxonomy":"category","embeddable":true,"href":"https:\/\/matrend.hu\/nekedinfo\/wp-json\/wp\/v2\/categories?post=3594"},{"taxonomy":"post_tag","embeddable":true,"href":"https:\/\/matrend.hu\/nekedinfo\/wp-json\/wp\/v2\/tags?post=3594"}],"curies":[{"name":"wp","href":"https:\/\/api.w.org\/{rel}","templated":true}]}}