{"id":3597,"date":"2025-08-24T15:57:57","date_gmt":"2025-08-24T13:57:57","guid":{"rendered":"https:\/\/matrend.hu\/nekedinfo\/?p=3597"},"modified":"2025-08-24T15:57:57","modified_gmt":"2025-08-24T13:57:57","slug":"igazat-mondhatott-a-nagydorogi-anya","status":"publish","type":"post","link":"https:\/\/matrend.hu\/nekedinfo\/igazat-mondhatott-a-nagydorogi-anya\/","title":{"rendered":"Igazat mondhatott a nagydorogi anya!"},"content":{"rendered":"<h3>Az \u00e9desanya vallom\u00e1sa szerint a kisbab\u00e1t el\u0151sz\u00f6r vitte s\u00e9talni, amikor egy fekete aut\u00f3ra lett figyelmes, \u00e9s nem sokkal k\u00e9s\u0151bb elvesztette az eszm\u00e9let\u00e9t. Amikor mag\u00e1hoz t\u00e9rt, akkor d\u00f6bbenten vette tudom\u00e1sul, hogy kisfia elt\u0171nt. A rend\u0151rs\u00e9g azonban gyan\u00fas\u00edtottk\u00e9nt hallgatta ki \u0151t, az \u00fcgy\u00e9szs\u00e9g pedig ind\u00edtv\u00e1nyozta az \u00e9desanya letart\u00f3ztat\u00e1s\u00e1t. AZONBAN \u00dcGYV\u00c9DJE MOST FORDULATOT HOZHAT EL AZ \u00dcGYBEN, MERT:<\/h3>\n<h3><span style=\"color: #ff0000;\"><strong>A h\u00edr nem \u00e9rt v\u00e9get! Folytat\u00e1shoz haszn\u00e1ld a K\u00d6VETKEZ\u0150 OLDAL gombot!<\/strong><\/span><\/h3>\n<h3 style=\"text-align: right;\"><a href=\"https:\/\/matrend.hu\/maitrend\/?p=3599\" target=\"_blank\" rel=\"noopener\"><span style=\"color: #ff0000;\">&#8212;&gt;&gt; K\u00d6VETKEZ\u0150 OLDAL<\/span><\/a><\/h3>\n<p>&#8211;<\/p>\n<p>A v\u00e1rosi forgalomban mutatkoznak meg legink\u00e1bb a Yaris er\u0151ss\u00e9gei: a hibrid rendszer gyors indul\u00e1st tesz lehet\u0151v\u00e9 a l\u00e1mp\u00e1kn\u00e1l, a kis m\u00e9retek \u00e9s pontos korm\u00e1nyz\u00e1s pedig megk\u00f6nny\u00edtik a man\u0151verez\u00e9st. Az aut\u00f3 j\u00f3l fekszi a kanyarokat, \u00e9s a rug\u00f3z\u00e1sa is kellemesen komfortos, b\u00e1r a kem\u00e9nyebb fel\u00fcleteken kiss\u00e9 pattog\u00f3s lehet. Az aut\u00f3p\u00e1ly\u00e1s haszn\u00e1lat sor\u00e1n a motor hangos lehet nagyobb sebess\u00e9gn\u00e9l, \u00e9s a sz\u00e9l- valamint g\u00f6rd\u00fcl\u00e9si zaj is feler\u0151s\u00f6dik, de a fut\u00f3m\u0171 stabil \u00e9s megb\u00edzhat\u00f3 marad.<\/p>\n<p>A 114 l\u00f3er\u0151s v\u00e1ltozat 9,7 m\u00e1sodperc alatt gyorsul 0-r\u00f3l 100 km\/h-ra, v\u00e9gsebess\u00e9ge pedig 174 km\/h. A 128 l\u00f3er\u0151s v\u00e1ltozat kicsivel dinamikusabb, 9,2 m\u00e1sodperc alatt \u00e9ri el a 100-at. Fogyaszt\u00e1s tekintet\u00e9ben a gy\u00e1ri adat 68,9 mpg (kb. 4,1 l\/100 km), saj\u00e1t teszteken pedig 65 mpg (4,3 l\/100 km) k\u00f6r\u00fcli \u00e9rt\u00e9ket m\u00e9rt\u00fcnk, ami kiv\u00e1l\u00f3 eredm\u00e9ny a v\u00e1rosi haszn\u00e1lat sor\u00e1n is. A biztos\u00edt\u00e1si kateg\u00f3ri\u00e1k alacsonyak, az Icon modell p\u00e9ld\u00e1ul a 13-as csoportba tartozik, a GR Sport m\u00e1r a 15-be. A CO2-kibocs\u00e1t\u00e1s alacsony \u2013 92\u201396 g\/km \u2013, \u00edgy kedvez\u0151 ad\u00f3z\u00e1si felt\u00e9teleket k\u00edn\u00e1l, p\u00e9ld\u00e1ul alacsonyabb c\u00e9gaut\u00f3-ad\u00f3 kulcsot, mint a hagyom\u00e1nyos benzinesek vagy d\u00edzelek.<\/p>\n<p>Az aut\u00f3 \u00e9rt\u00e9ktart\u00e1sa \u00e1tlagos, h\u00e1rom \u00e9v vagy 58 ezer kilom\u00e9ter ut\u00e1n az \u00e9rt\u00e9k\u00e9nek 47\u201354 sz\u00e1zal\u00e9k\u00e1t tartja meg, ami megegyezik a Renault Cli\u00f3val, de elmarad p\u00e9ld\u00e1ul az Audi A1 m\u00f6g\u00f6tt. A bels\u0151 t\u00e9r kivitelez\u00e9se ig\u00e9nyes, de kiss\u00e9 siv\u00e1r hangulatot \u00e1raszt, f\u0151k\u00e9nt a s\u00f6t\u00e9t sz\u00ednek \u00e9s kem\u00e9ny m\u0171anyagok miatt. Az infotainment rendszer lehetne intuit\u00edvabb, k\u00fcl\u00f6n\u00f6sen a 9 colos v\u00e1ltozat eset\u00e9ben, \u00e9s a men\u00fck kezel\u00e9se is k\u00f6r\u00fclm\u00e9nyes, de az Apple CarPlay \u00e9s Android Auto r\u00e9v\u00e9n ez r\u00e9szben orvosolhat\u00f3.<\/p>\n","protected":false},"excerpt":{"rendered":"<p>Az \u00e9desanya vallom\u00e1sa szerint a kisbab\u00e1t el\u0151sz\u00f6r vitte s\u00e9talni, amikor egy fekete aut\u00f3ra lett figyelmes, \u00e9s nem sokkal k\u00e9s\u0151bb elvesztette&#8230; <span class=\"gridview-grid-post-read-more\"><a href=\"https:\/\/matrend.hu\/nekedinfo\/igazat-mondhatott-a-nagydorogi-anya\/\">read more<span class=\"gridview-sr-only\"> Igazat mondhatott a nagydorogi anya!<\/span><\/a><\/span><\/p>\n","protected":false},"author":1,"featured_media":3598,"comment_status":"open","ping_status":"open","sticky":false,"template":"","format":"standard","meta":{"footnotes":""},"categories":[1],"tags":[],"class_list":["post-3597","post","type-post","status-publish","format-standard","has-post-thumbnail","hentry","category-egyeb","wpcat-1-id"],"_links":{"self":[{"href":"https:\/\/matrend.hu\/nekedinfo\/wp-json\/wp\/v2\/posts\/3597","targetHints":{"allow":["GET"]}}],"collection":[{"href":"https:\/\/matrend.hu\/nekedinfo\/wp-json\/wp\/v2\/posts"}],"about":[{"href":"https:\/\/matrend.hu\/nekedinfo\/wp-json\/wp\/v2\/types\/post"}],"author":[{"embeddable":true,"href":"https:\/\/matrend.hu\/nekedinfo\/wp-json\/wp\/v2\/users\/1"}],"replies":[{"embeddable":true,"href":"https:\/\/matrend.hu\/nekedinfo\/wp-json\/wp\/v2\/comments?post=3597"}],"version-history":[{"count":1,"href":"https:\/\/matrend.hu\/nekedinfo\/wp-json\/wp\/v2\/posts\/3597\/revisions"}],"predecessor-version":[{"id":3599,"href":"https:\/\/matrend.hu\/nekedinfo\/wp-json\/wp\/v2\/posts\/3597\/revisions\/3599"}],"wp:featuredmedia":[{"embeddable":true,"href":"https:\/\/matrend.hu\/nekedinfo\/wp-json\/wp\/v2\/media\/3598"}],"wp:attachment":[{"href":"https:\/\/matrend.hu\/nekedinfo\/wp-json\/wp\/v2\/media?parent=3597"}],"wp:term":[{"taxonomy":"category","embeddable":true,"href":"https:\/\/matrend.hu\/nekedinfo\/wp-json\/wp\/v2\/categories?post=3597"},{"taxonomy":"post_tag","embeddable":true,"href":"https:\/\/matrend.hu\/nekedinfo\/wp-json\/wp\/v2\/tags?post=3597"}],"curies":[{"name":"wp","href":"https:\/\/api.w.org\/{rel}","templated":true}]}}