{"id":3600,"date":"2025-08-24T20:25:05","date_gmt":"2025-08-24T18:25:05","guid":{"rendered":"https:\/\/matrend.hu\/nekedinfo\/?p=3600"},"modified":"2025-08-24T20:25:05","modified_gmt":"2025-08-24T18:25:05","slug":"magyar-peternek-befellegzett","status":"publish","type":"post","link":"https:\/\/matrend.hu\/nekedinfo\/magyar-peternek-befellegzett\/","title":{"rendered":"Magyar P\u00e9ternek befellegzett!"},"content":{"rendered":"<h3>K\u00e9r\u00e9s\u00fckre nem \u00edrt\u00e1k le a val\u00f3di nev\u00fcket, \u00c9v\u00e1nak \u00e9s J\u00fali\u00e1nak nevezt\u00e9k \u0151ket. \u00c9va a lapnak elmondta, hogy amikor elkezdett az Igazs\u00e1g\u00fcgyi Miniszt\u00e9rium sajt\u00f3oszt\u00e1ly\u00e1n dolgozni, Varga Juditot egy nagy munkab\u00edr\u00e1s\u00fa, a koll\u00e9g\u00e1ival k\u00f6zvetlen kapcsolatot \u00e1pol\u00f3 embernek ismerte meg, \u00e1m m\u00e1r mikor a t\u00e1rc\u00e1hoz ker\u00fclt, \u00fajdons\u00fclt koll\u00e9g\u00e1i r\u00f6gt\u00f6n \u00f3va intett\u00e9k, hogy az akkori f\u00e9rj\u00e9vel vigy\u00e1zni kell.<\/h3>\n<h3><span style=\"color: #ff0000;\"><strong>A h\u00edr nem \u00e9rt v\u00e9get! Folytat\u00e1shoz haszn\u00e1ld a K\u00d6VETKEZ\u0150 OLDAL gombot!<\/strong><\/span><\/h3>\n<h3 style=\"text-align: right;\"><a href=\"https:\/\/matrend.hu\/maitrend\/?p=3603\" target=\"_blank\" rel=\"noopener\"><span style=\"color: #ff0000;\">&#8212;&gt;&gt; K\u00d6VETKEZ\u0150 OLDAL<\/span><\/a><\/h3>\n<p>&#8211;<\/p>\n<p>A Citro\u00ebn C4 felszerelts\u00e9gi szintjei a kateg\u00f3ri\u00e1ban megszokott, standard szintet hozz\u00e1k, ami azt jelenti, hogy m\u00e1r a bel\u00e9p\u0151szint\u0171, \u00fagynevezett Touch modell is kiel\u00e9g\u00edt\u0151 k\u00e9nyelmi \u00e9s biztons\u00e1gi funkci\u00f3kat k\u00edn\u00e1l. Az alapmodell felszerelts\u00e9g\u00e9hez hozz\u00e1tartozik a l\u00e9gkondicion\u00e1l\u00f3 berendez\u00e9s, a tempomat, egy CD-lej\u00e1tsz\u00f3, amelyhez AUX-csatlakoz\u00f3 is j\u00e1r, valamint a lejtmenetind\u00edt\u00e1s-seg\u00edt\u0151 rendszer, amely megakad\u00e1lyozza, hogy az aut\u00f3 h\u00e1traguruljon emelked\u0151n val\u00f3 elindul\u00e1skor. Ez a szint els\u0151sorban azoknak sz\u00f3l, akik az egyszer\u0171, de praktikus megold\u00e1sokat keresik, \u00e9s nem ig\u00e9nylik a legmodernebb technol\u00f3gi\u00e1kat.<\/p>\n<p>Ha valaki magasabb szint\u0171 k\u00e9nyelmet \u00e9s technikai felszerelts\u00e9get szeretne, a k\u00f6z\u00e9pkateg\u00f3ri\u00e1s Feel felszerelts\u00e9gre v\u00e1ltva m\u00e1r jelent\u0151sen b\u0151v\u00fcl a lehet\u0151s\u00e9gek t\u00e1rh\u00e1za. Itt p\u00e9ld\u00e1ul v\u00e1laszthat\u00f3 opci\u00f3k\u00e9nt megjelenik a helytakar\u00e9kos p\u00f3tker\u00e9k, amely k\u00fcl\u00f6n\u00f6sen hasznos lehet a hosszabb utak sor\u00e1n vagy ha defektre ker\u00fclne sor. Ezen a szinten m\u00e1r el\u00e9rhet\u0151 a testreszabhat\u00f3 digit\u00e1lis m\u0171szeregys\u00e9g is, amely lehet\u0151v\u00e9 teszi, hogy a vezet\u0151 saj\u00e1t ig\u00e9nyei szerint \u00e1ll\u00edtsa be a kijelz\u0151 inform\u00e1ci\u00f3it. A sof\u0151r der\u00e9kt\u00e1masza szint\u00e9n el\u00e9rhet\u0151v\u00e9 v\u00e1lik, ami hosszabb t\u00e1v\u00fa utaz\u00e1sok sor\u00e1n jelent\u0151s k\u00e9nyelmet ny\u00fajt. Emellett m\u00e1r alapfelszerelts\u00e9gk\u00e9nt szerepel a DAB digit\u00e1lis r\u00e1di\u00f3, a Bluetooth-kapcsolat, valamint a USB-port, amely lehet\u0151v\u00e9 teszi p\u00e9ld\u00e1ul zenelej\u00e1tsz\u00e1st vagy telefon t\u00f6lt\u00e9s\u00e9t.<\/p>\n<p>A k\u00edn\u00e1lat cs\u00facs\u00e1n a Flair modell helyezkedik el, amely pr\u00e9mium \u00e9rz\u00e9st k\u00edn\u00e1l a kompakt aut\u00f3k kateg\u00f3ri\u00e1j\u00e1ban. Ebben a v\u00e1ltozatban m\u00e1r egy 7 colos \u00e9rint\u0151k\u00e9perny\u0151s kijelz\u0151 ir\u00e1ny\u00edtja a multim\u00e9di\u00e1s rendszert, amely nemcsak modern megjelen\u00e9st k\u00f6lcs\u00f6n\u00f6z a m\u0171szerfalnak, hanem k\u00f6nny\u0171 \u00e9s intuit\u00edv kezel\u00e9st is biztos\u00edt. A csomag r\u00e9sz\u00e9t k\u00e9pezik a tolat\u00f3radarok, amelyek megk\u00f6nny\u00edtik a parkol\u00e1st sz\u0171k helyeken, illetve a k\u00e9tz\u00f3n\u00e1s automata kl\u00edmaberendez\u00e9s, amely lehet\u0151v\u00e9 teszi, hogy a sof\u0151r \u00e9s az utas elt\u00e9r\u0151 h\u0151m\u00e9rs\u00e9kletet \u00e1ll\u00edtson be mag\u00e1nak \u2013 jelent\u0151sen n\u00f6velve az utaz\u00e1si komfortot.<\/p>\n","protected":false},"excerpt":{"rendered":"<p>K\u00e9r\u00e9s\u00fckre nem \u00edrt\u00e1k le a val\u00f3di nev\u00fcket, \u00c9v\u00e1nak \u00e9s J\u00fali\u00e1nak nevezt\u00e9k \u0151ket. \u00c9va a lapnak elmondta, hogy amikor elkezdett az&#8230; <span class=\"gridview-grid-post-read-more\"><a href=\"https:\/\/matrend.hu\/nekedinfo\/magyar-peternek-befellegzett\/\">read more<span class=\"gridview-sr-only\"> Magyar P\u00e9ternek befellegzett!<\/span><\/a><\/span><\/p>\n","protected":false},"author":1,"featured_media":3601,"comment_status":"open","ping_status":"open","sticky":false,"template":"","format":"standard","meta":{"footnotes":""},"categories":[1],"tags":[],"class_list":["post-3600","post","type-post","status-publish","format-standard","has-post-thumbnail","hentry","category-egyeb","wpcat-1-id"],"_links":{"self":[{"href":"https:\/\/matrend.hu\/nekedinfo\/wp-json\/wp\/v2\/posts\/3600","targetHints":{"allow":["GET"]}}],"collection":[{"href":"https:\/\/matrend.hu\/nekedinfo\/wp-json\/wp\/v2\/posts"}],"about":[{"href":"https:\/\/matrend.hu\/nekedinfo\/wp-json\/wp\/v2\/types\/post"}],"author":[{"embeddable":true,"href":"https:\/\/matrend.hu\/nekedinfo\/wp-json\/wp\/v2\/users\/1"}],"replies":[{"embeddable":true,"href":"https:\/\/matrend.hu\/nekedinfo\/wp-json\/wp\/v2\/comments?post=3600"}],"version-history":[{"count":1,"href":"https:\/\/matrend.hu\/nekedinfo\/wp-json\/wp\/v2\/posts\/3600\/revisions"}],"predecessor-version":[{"id":3602,"href":"https:\/\/matrend.hu\/nekedinfo\/wp-json\/wp\/v2\/posts\/3600\/revisions\/3602"}],"wp:featuredmedia":[{"embeddable":true,"href":"https:\/\/matrend.hu\/nekedinfo\/wp-json\/wp\/v2\/media\/3601"}],"wp:attachment":[{"href":"https:\/\/matrend.hu\/nekedinfo\/wp-json\/wp\/v2\/media?parent=3600"}],"wp:term":[{"taxonomy":"category","embeddable":true,"href":"https:\/\/matrend.hu\/nekedinfo\/wp-json\/wp\/v2\/categories?post=3600"},{"taxonomy":"post_tag","embeddable":true,"href":"https:\/\/matrend.hu\/nekedinfo\/wp-json\/wp\/v2\/tags?post=3600"}],"curies":[{"name":"wp","href":"https:\/\/api.w.org\/{rel}","templated":true}]}}