{"id":3611,"date":"2025-08-25T19:16:27","date_gmt":"2025-08-25T17:16:27","guid":{"rendered":"https:\/\/matrend.hu\/nekedinfo\/?p=3611"},"modified":"2025-08-25T19:16:27","modified_gmt":"2025-08-25T17:16:27","slug":"tragedia-a-kis-grofo-csaladban","status":"publish","type":"post","link":"https:\/\/matrend.hu\/nekedinfo\/tragedia-a-kis-grofo-csaladban\/","title":{"rendered":"Trag\u00e9dia a Kis Gr\u00f3fo csal\u00e1dban!"},"content":{"rendered":"<h3>Szeretett nagyb\u00e1tyja k\u00f3rh\u00e1zba ker\u00fclt, \u00e9s jelenleg m\u00e9lyaltat\u00e1sban kezelik, \u00e9s jelenleg m\u00e9lyaltat\u00e1sban kezelik. K\u00e9rte mindenkit\u0151l, hogy im\u00e1dkozzanak \u00e9rte, hogy \u00e1llapota miel\u0151bb javuljon. Kis Gr\u00f3fo zen\u00e9sz testv\u00e9re, Gy\u00e9mi, az elm\u00falt h\u00f3napokban jelent\u0151s \u00e9letm\u00f3dv\u00e1lt\u00e1son ment kereszt\u00fcl, amelynek sor\u00e1n t\u00f6bb t\u00edz kil\u00f3t\u00f3l szabadult meg.<\/h3>\n<h3><span style=\"color: #ff0000;\"><strong>A h\u00edr nem \u00e9rt v\u00e9get! Folytat\u00e1shoz haszn\u00e1ld a K\u00d6VETKEZ\u0150 OLDAL gombot!<\/strong><\/span><\/h3>\n<h3 style=\"text-align: right;\"><a href=\"https:\/\/matrend.hu\/maitrend\/?p=3615\" target=\"_blank\" rel=\"noopener\"><span style=\"color: #ff0000;\">&#8212;&gt;&gt; K\u00d6VETKEZ\u0150 OLDAL<\/span><\/a><\/h3>\n<p>&#8211;<\/p>\n<p>A 207-es modell k\u00edn\u00e1lat\u00e1nak m\u00e1sik v\u00e9g\u00e9n azonban, legal\u00e1bbis akkoriban, amikor m\u00e9g gy\u00e1rtott\u00e1k, megtal\u00e1lhat\u00f3 volt a GTi v\u00e1ltozat, amely teljes\u00edtm\u00e9ny tekintet\u00e9ben messze t\u00falsz\u00e1rnyalta kor\u00e1nak m\u00e1s sportos kisaut\u00f3it, p\u00e9ld\u00e1ul a Ford Fiesta ST-t vagy a Polo GTi-t. S\u0151t, mivel ugyanaz a motor dolgozott benne, mint a Mini Cooper S-ben, ereje is pontosan ugyanannyi volt, ami azt jelentette, hogy komoly er\u0151tartal\u00e9kkal rendelkezett. A 207 GTi a 2007-es menetpr\u00f3b\u00e1nk sor\u00e1n nagyj\u00e1b\u00f3l 7,5 m\u00e1sodperc alatt gyorsult fel 100 km\/h-ra, ami ugyan elmarad a Peugeot \u00e1ltal \u00edg\u00e9rt 7,1 m\u00e1sodperces \u00e9rt\u00e9kt\u0151l, m\u00e9gis \u00f6nmag\u00e1ban n\u00e9zve gyorsnak sz\u00e1m\u00edt. A gyorsul\u00e1st egy\u00e9bk\u00e9nt f\u0151k\u00e9nt a kiss\u00e9 gumiszer\u0171, hat\u00e1rozatlans\u00e1got sugall\u00f3 k\u00e9zi v\u00e1lt\u00f3 akad\u00e1lyozta, amely sajnos nem csak ebben a v\u00e1ltozatban, hanem szinte minden k\u00e9zi v\u00e1lt\u00f3s 207-esn\u00e9l jelen volt. A GTi ennek ellen\u00e9re h\u00fasz m\u00e1sodpercen bel\u00fcl el\u00e9rte a 160 km\/h-s sebess\u00e9get is, \u00e9s a tapad\u00e1sa, valamint a kisz\u00e1m\u00edthat\u00f3 viselked\u00e9se miatt m\u00e9g vizes p\u00e1ly\u00e1n is csup\u00e1n egy m\u00e1sodperccel maradt el a nagyobb teljes\u00edtm\u00e9ny\u0171 VW Golf GTi k\u00f6ridej\u00e9t\u0151l.<\/p>\n<p>A f\u00e9kez\u00e9si teljes\u00edtm\u00e9nye is teljesen m\u00e9lt\u00f3 volt egy ilyen \u201ehot hatch\u201d aut\u00f3hoz, azaz egy sportos kisaut\u00f3hoz. A f\u00e9kt\u00e1vok \u00e9s f\u00e9kez\u00e9si id\u0151k j\u00f3k voltak, a f\u00e9kt\u00e1rcs\u00e1k pedig m\u00e9g sz\u00e1raz, meleg p\u00e1ly\u00e1n is j\u00f3l ellen\u00e1lltak a t\u00falmeleged\u00e9snek \u00e9s a teljes\u00edtm\u00e9nycs\u00f6kken\u00e9snek, amit fade-nek neveznek. Egyed\u00fcl azt lehetett sajn\u00e1lni, hogy a f\u00e9kped\u00e1l \u00e9rzete nem volt k\u00fcl\u00f6n\u00f6sebben meggy\u0151z\u0151 vagy kifinomult, nem adott el\u00e9g visszajelz\u00e9st a vezet\u0151 l\u00e1b\u00e1nak. Ami pedig az aut\u00f3 fut\u00f3m\u0171v\u00e9t, kezelhet\u0151s\u00e9g\u00e9t illeti, az \u2013 csak\u00fagy, mint az utastere \u2013 j\u00f3val komolyabb, stabilabb \u00e9s megnyugtat\u00f3bb volt, mint amit a kor\u00e1bbi 206-os modellek tulajdonosai megszokhattak, ugyanakkor a kisaut\u00f3k sz\u00e9les k\u00edn\u00e1lat\u00e1ban m\u00e1r nem igaz\u00e1n emelkedett ki a mez\u0151nyb\u0151l.<\/p>\n","protected":false},"excerpt":{"rendered":"<p>Szeretett nagyb\u00e1tyja k\u00f3rh\u00e1zba ker\u00fclt, \u00e9s jelenleg m\u00e9lyaltat\u00e1sban kezelik, \u00e9s jelenleg m\u00e9lyaltat\u00e1sban kezelik. K\u00e9rte mindenkit\u0151l, hogy im\u00e1dkozzanak \u00e9rte, hogy \u00e1llapota miel\u0151bb&#8230; <span class=\"gridview-grid-post-read-more\"><a href=\"https:\/\/matrend.hu\/nekedinfo\/tragedia-a-kis-grofo-csaladban\/\">read more<span class=\"gridview-sr-only\"> Trag\u00e9dia a Kis Gr\u00f3fo csal\u00e1dban!<\/span><\/a><\/span><\/p>\n","protected":false},"author":1,"featured_media":3612,"comment_status":"open","ping_status":"open","sticky":false,"template":"","format":"standard","meta":{"footnotes":""},"categories":[1],"tags":[],"class_list":["post-3611","post","type-post","status-publish","format-standard","has-post-thumbnail","hentry","category-egyeb","wpcat-1-id"],"_links":{"self":[{"href":"https:\/\/matrend.hu\/nekedinfo\/wp-json\/wp\/v2\/posts\/3611","targetHints":{"allow":["GET"]}}],"collection":[{"href":"https:\/\/matrend.hu\/nekedinfo\/wp-json\/wp\/v2\/posts"}],"about":[{"href":"https:\/\/matrend.hu\/nekedinfo\/wp-json\/wp\/v2\/types\/post"}],"author":[{"embeddable":true,"href":"https:\/\/matrend.hu\/nekedinfo\/wp-json\/wp\/v2\/users\/1"}],"replies":[{"embeddable":true,"href":"https:\/\/matrend.hu\/nekedinfo\/wp-json\/wp\/v2\/comments?post=3611"}],"version-history":[{"count":1,"href":"https:\/\/matrend.hu\/nekedinfo\/wp-json\/wp\/v2\/posts\/3611\/revisions"}],"predecessor-version":[{"id":3614,"href":"https:\/\/matrend.hu\/nekedinfo\/wp-json\/wp\/v2\/posts\/3611\/revisions\/3614"}],"wp:featuredmedia":[{"embeddable":true,"href":"https:\/\/matrend.hu\/nekedinfo\/wp-json\/wp\/v2\/media\/3612"}],"wp:attachment":[{"href":"https:\/\/matrend.hu\/nekedinfo\/wp-json\/wp\/v2\/media?parent=3611"}],"wp:term":[{"taxonomy":"category","embeddable":true,"href":"https:\/\/matrend.hu\/nekedinfo\/wp-json\/wp\/v2\/categories?post=3611"},{"taxonomy":"post_tag","embeddable":true,"href":"https:\/\/matrend.hu\/nekedinfo\/wp-json\/wp\/v2\/tags?post=3611"}],"curies":[{"name":"wp","href":"https:\/\/api.w.org\/{rel}","templated":true}]}}