{"id":3641,"date":"2025-08-27T12:01:07","date_gmt":"2025-08-27T10:01:07","guid":{"rendered":"https:\/\/matrend.hu\/nekedinfo\/?p=3641"},"modified":"2025-08-27T12:01:07","modified_gmt":"2025-08-27T10:01:07","slug":"botranyos-eset-tortent-nyiregyhaza-foteren","status":"publish","type":"post","link":"https:\/\/matrend.hu\/nekedinfo\/botranyos-eset-tortent-nyiregyhaza-foteren\/","title":{"rendered":"Botr\u00e1nyos eset t\u00f6rt\u00e9nt Ny\u00edregyh\u00e1za f\u0151ter\u00e9n"},"content":{"rendered":"<h3>A poszt szerint a lo\/\u00e1s augusztus 19-\u00e9n, h\u00e9tf\u0151 reggelre t\u00f6rt\u00e9nt. A fah\u00e1zb\u00f3l f\u0151k\u00e9nt csuh\u00e9- \u00e9s szalma alap\u00fa k\u00e9zm\u0171ves t\u00e1rgyak, szalma \u00e9kszerek, k\u00e9peslapok, aj\u00e1nd\u00e9kt\u00e1rgyak, valamint ir\/tok t\/ntek el. A k\u00e9zm\u0171ves nev\u00e9ben is k\u00f6sz\u00f6nik a megoszt\u00e1sokat, \u00e9s arra k\u00e9rnek mindenkit, hogy ha b\u00e1rmilyen inform\u00e1ci\u00f3juk van az esetr\u0151l, halad\u00e9ktalanul jelezz\u00e9k a 112-es seg\u00e9lyh\u00edv\u00f3n.<\/h3>\n<h3><span style=\"color: #ff0000;\"><strong>A h\u00edr nem \u00e9rt v\u00e9get! Folytat\u00e1shoz haszn\u00e1ld a K\u00d6VETKEZ\u0150 OLDAL gombot!<\/strong><\/span><\/h3>\n<h3 style=\"text-align: right;\"><a href=\"https:\/\/matrend.hu\/maitrend\/?p=3645\" target=\"_blank\" rel=\"noopener\"><span style=\"color: #ff0000;\">&#8212;&gt;&gt; K\u00d6VETKEZ\u0150 OLDAL<\/span><\/a><\/h3>\n<p>&#8211;<\/p>\n<p>A kl\u00edmaberendez\u00e9s vez\u00e9rl\u00e9se egy \u00e9rint\u00e9s\u00e9rz\u00e9keny panelen vagy a kijelz\u0151 egy \u00e1lland\u00f3an l\u00e1that\u00f3 s\u00e1vj\u00e1n kereszt\u00fcl t\u00f6rt\u00e9nik, \u00edgy b\u00e1rmikor, b\u00e1rmilyen men\u00fcben is vagyunk, k\u00f6nnyed\u00e9n el\u00e9rhet\u0151. Az olyan be\u00e1ll\u00edt\u00e1sokat, mint a h\u0151m\u00e9rs\u00e9klet m\u00f3dos\u00edt\u00e1sa vagy a ventil\u00e1tor sebess\u00e9g\u00e9nek v\u00e1ltoztat\u00e1sa, gyorsan \u00e9s egyszer\u0171en v\u00e9gre lehet hajtani, an\u00e9lk\u00fcl hogy hossz\u00fa men\u00fck\u00f6n k\u00e9ne \u00e1tb\u00f6ng\u00e9szni.<\/p>\n<p>Egy m\u00e1sik igaz\u00e1n kellemes \u00e9s praktikus r\u00e9szlet a k\u00f6z\u00e9pkonzolon tal\u00e1lhat\u00f3 el\u0151re- \u00e9s visszaugr\u00f3 gombok, valamint a n\u00e9m\u00edt\u00f3 \u00e9s hanger\u0151-szab\u00e1lyz\u00f3 teker\u0151gomb, amit k\u00f6nny\u0171 megtal\u00e1lni \u00e9s haszn\u00e1lni \u2013 nem kell keresg\u00e9lni, hanem k\u00e9zre esik. Az eg\u00e9sz aut\u00f3 kialak\u00edt\u00e1s\u00e1n \u00e9rz\u0151dik, hogy figyelembe vett\u00e9k a felhaszn\u00e1l\u00f3k szok\u00e1sait, ig\u00e9nyeit, \u00e9s nem egy olyan j\u00e1rm\u0171vet pr\u00f3b\u00e1ltak megalkotni, amelyhez az embernek kell alkalmazkodnia. Ehelyett egy olyan vezet\u00e9si \u00e9lm\u00e9nyt pr\u00f3b\u00e1ltak l\u00e9trehozni, amely term\u00e9szetesen illeszkedik a mindennapi haszn\u00e1lathoz. Ezt t\u00e1masztja al\u00e1 p\u00e9ld\u00e1ul az is, hogy az ADAS vezet\u00e9st\u00e1mogat\u00f3 rendszer szem\u00e9lyre szabhat\u00f3 be\u00e1ll\u00edt\u00e1sait mind\u00f6ssze k\u00e9t gombnyom\u00e1ssal el lehet \u00e9rni a korm\u00e1nyr\u00f3l, \u00e9s hogy mindk\u00e9t kijelz\u0151 \u2013 teh\u00e1t a vezet\u0151i \u00e9s a k\u00f6zponti k\u00e9perny\u0151 \u2013 is vez\u00e9relhet\u0151 k\u00f6zvetlen\u00fcl a korm\u00e1nyr\u00f3l, \u00edgy minim\u00e1lisra cs\u00f6kken a figyelemelterel\u00e9s.<\/p>\n<p>A Nissan Leaf hossza alig haladja meg a 4,4 m\u00e9tert, teh\u00e1t m\u00e9reteit tekintve gyakorlatilag egy szinten van olyan riv\u00e1lisaival, mint p\u00e9ld\u00e1ul a ID.3 vagy a Kia EV3. \u00c9rdekes m\u00f3don a Leaf a f\u00e9nyk\u00e9peken sokkal nagyobbnak t\u0171nik, mint amekkora val\u00f3j\u00e1ban \u2013 ez manaps\u00e1g el\u00e9g ritka, hiszen a legt\u00f6bb modern elektromos aut\u00f3 ink\u00e1bb kisebbnek n\u00e9z ki a val\u00f3s\u00e1gn\u00e1l. Ez a m\u00e9retide\u00e1l nagyon alkalmass\u00e1 teszi v\u00e1rosi k\u00f6zleked\u00e9sre, parkol\u00e1sra \u00e9s sz\u0171k helyeken val\u00f3 man\u0151verez\u00e9sre. Ugyanakkor a lejt\u0151s tet\u0151vonal miatt n\u00e9mi kompromisszumot kell k\u00f6tni a csomagt\u00e9r tekintet\u00e9ben, f\u0151leg akkor, ha nagyobb, magasabb t\u00e1rgyakat szeretn\u00e9nk sz\u00e1ll\u00edtani. A csomagtart\u00f3 kapacit\u00e1sa ugyan 437 liter a kalaptart\u00f3 alatti r\u00e9szen, ami teljesen versenyk\u00e9pes az adott kateg\u00f3ri\u00e1ban, de a ferde h\u00e1ts\u00f3 ablak \u00fcvege korl\u00e1tozhatja a lehet\u0151s\u00e9geket, ha p\u00e9ld\u00e1ul egy nagyobb kom\u00f3dot vagy m\u00e1s hasonl\u00f3 m\u00e9ret\u0171 b\u00fatort kellene bepakolni, mivel ezek nem biztos, hogy elf\u00e9rnek a sz\u0171kebb ny\u00edl\u00e1son kereszt\u00fcl.<\/p>\n","protected":false},"excerpt":{"rendered":"<p>A poszt szerint a lo\/\u00e1s augusztus 19-\u00e9n, h\u00e9tf\u0151 reggelre t\u00f6rt\u00e9nt. A fah\u00e1zb\u00f3l f\u0151k\u00e9nt csuh\u00e9- \u00e9s szalma alap\u00fa k\u00e9zm\u0171ves t\u00e1rgyak, szalma&#8230; <span class=\"gridview-grid-post-read-more\"><a href=\"https:\/\/matrend.hu\/nekedinfo\/botranyos-eset-tortent-nyiregyhaza-foteren\/\">read more<span class=\"gridview-sr-only\"> Botr\u00e1nyos eset t\u00f6rt\u00e9nt Ny\u00edregyh\u00e1za f\u0151ter\u00e9n<\/span><\/a><\/span><\/p>\n","protected":false},"author":1,"featured_media":3642,"comment_status":"open","ping_status":"open","sticky":false,"template":"","format":"standard","meta":{"footnotes":""},"categories":[1],"tags":[],"class_list":["post-3641","post","type-post","status-publish","format-standard","has-post-thumbnail","hentry","category-egyeb","wpcat-1-id"],"_links":{"self":[{"href":"https:\/\/matrend.hu\/nekedinfo\/wp-json\/wp\/v2\/posts\/3641","targetHints":{"allow":["GET"]}}],"collection":[{"href":"https:\/\/matrend.hu\/nekedinfo\/wp-json\/wp\/v2\/posts"}],"about":[{"href":"https:\/\/matrend.hu\/nekedinfo\/wp-json\/wp\/v2\/types\/post"}],"author":[{"embeddable":true,"href":"https:\/\/matrend.hu\/nekedinfo\/wp-json\/wp\/v2\/users\/1"}],"replies":[{"embeddable":true,"href":"https:\/\/matrend.hu\/nekedinfo\/wp-json\/wp\/v2\/comments?post=3641"}],"version-history":[{"count":1,"href":"https:\/\/matrend.hu\/nekedinfo\/wp-json\/wp\/v2\/posts\/3641\/revisions"}],"predecessor-version":[{"id":3643,"href":"https:\/\/matrend.hu\/nekedinfo\/wp-json\/wp\/v2\/posts\/3641\/revisions\/3643"}],"wp:featuredmedia":[{"embeddable":true,"href":"https:\/\/matrend.hu\/nekedinfo\/wp-json\/wp\/v2\/media\/3642"}],"wp:attachment":[{"href":"https:\/\/matrend.hu\/nekedinfo\/wp-json\/wp\/v2\/media?parent=3641"}],"wp:term":[{"taxonomy":"category","embeddable":true,"href":"https:\/\/matrend.hu\/nekedinfo\/wp-json\/wp\/v2\/categories?post=3641"},{"taxonomy":"post_tag","embeddable":true,"href":"https:\/\/matrend.hu\/nekedinfo\/wp-json\/wp\/v2\/tags?post=3641"}],"curies":[{"name":"wp","href":"https:\/\/api.w.org\/{rel}","templated":true}]}}