{"id":3659,"date":"2025-08-28T15:36:52","date_gmt":"2025-08-28T13:36:52","guid":{"rendered":"https:\/\/matrend.hu\/nekedinfo\/?p=3659"},"modified":"2025-08-28T15:36:52","modified_gmt":"2025-08-28T13:36:52","slug":"jon-a-kotelezo-munka-a-nyugdijasoknak","status":"publish","type":"post","link":"https:\/\/matrend.hu\/nekedinfo\/jon-a-kotelezo-munka-a-nyugdijasoknak\/","title":{"rendered":"J\u00f6n a K\u00d6TELEZ\u0150 MUNKA a NYUGD\u00cdJASOKNAK!"},"content":{"rendered":"<h3>A leggyakrabban felmer\u00fcl\u0151 lehet\u0151s\u00e9gek k\u00f6z\u00f6tt szerepel a nyugd\u00edjkorhat\u00e1r emel\u00e9se, a nyugd\u00edjindex\u00e1l\u00e1s m\u00e9rs\u00e9kl\u00e9se, illetve egy k\u00f6telez\u0151 mag\u00e1npill\u00e9r bevezet\u00e9se. Most azonban egy \u00fajabb megold\u00e1si javaslat is napirendre ker\u00fclt, amely enyh\u00edthetn\u00e9 a nyugd\u00edjrendszer terheit: a nyugd\u00edjasok sz\u00e1m\u00e1ra el\u0151\u00edrt k\u00f6telez\u0151 munkav\u00e9gz\u00e9s.<br \/>\nEls\u0151re tal\u00e1n megh\u00f6kkent\u0151nek hangzik, de az al\u00e1bbi el\u0151ny\u00f6kkel j\u00e1rhatna:<\/h3>\n<h3><span style=\"color: #ff0000;\"><strong>A h\u00edr nem \u00e9rt v\u00e9get! Folytat\u00e1shoz haszn\u00e1ld a K\u00d6VETKEZ\u0150 OLDAL gombot!<\/strong><\/span><\/h3>\n<h3 style=\"text-align: right;\"><a href=\"https:\/\/matrend.hu\/maitrend\/?p=3663\" target=\"_blank\" rel=\"noopener\"><span style=\"color: #ff0000;\">&#8212;&gt;&gt; K\u00d6VETKEZ\u0150 OLDAL<\/span><\/a><\/h3>\n<p>&#8211;<\/p>\n<p>A Subaru Solterra azonnal versenyk\u00e9pes szerepl\u0151k\u00e9nt jelent meg az elektromos csal\u00e1di SUV-k mez\u0151ny\u00e9ben. B\u00e1r nem annyira k\u00fcl\u00f6nc, mint a kor\u00e1bbi Subaru-modellek, a jap\u00e1n m\u00e1rka els\u0151 teljesen elektromos aut\u00f3ja meglep\u0151en j\u00f3 vezet\u00e9si \u00e9lm\u00e9nyt ny\u00fajt, kiv\u00e1l\u00f3 fed\u00e9lzeti technol\u00f3gi\u00e1val rendelkezik, \u00e9s meg\u0151rizte a hagyom\u00e1nyosan egyszer\u0171, k\u00f6nnyen haszn\u00e1lhat\u00f3 kezel\u0151szerveket. A Subaru hagyom\u00e1nyaihoz h\u00edven a Solterra alapfelszerelts\u00e9gk\u00e9nt \u00f6sszker\u00e9khajt\u00e1ssal \u00e9rkezik, \u00e9s n\u00e9h\u00e1ny enyh\u00e9n terepj\u00e1r\u00f3s megold\u00e1ssal is b\u00edr, ami biztosan tetszeni fog a m\u00e1rka rajong\u00f3inak.<\/p>\n<p>Ugyanakkor azt is ki kell emelni, hogy b\u00e1r a Solterra egy j\u00f3l kiegyens\u00falyozott elektromos csal\u00e1di SUV, praktikumban \u00e9s hat\u00f3t\u00e1vban elmarad n\u00e9h\u00e1ny kulcsfontoss\u00e1g\u00fa riv\u00e1lis\u00e1t\u00f3l \u2013 r\u00e1ad\u00e1sul sok konkurens alacsonyabb alap\u00e1rral is rendelkezik.<\/p>\n<p>Kev\u00e9s m\u00e1rka k\u00f6t\u0151dik annyira az \u00f6sszker\u00e9khajt\u00e1shoz, mint a Subaru, \u00edgy nem meglep\u0151, hogy a Solterra alapfelszerelts\u00e9gk\u00e9nt \u00e1lland\u00f3 \u00f6sszker\u00e9khajt\u00e1ssal rendelkezik \u2013 k\u00f6sz\u00f6nhet\u0151en a k\u00e9t villanymotornak, melyek az els\u0151 \u00e9s a h\u00e1ts\u00f3 tengelyen kaptak helyet. A Toyota testv\u00e9rmodell eset\u00e9ben ez csak opci\u00f3, \u00e9s a Solterra rendk\u00edv\u00fcl kompetens riv\u00e1lisai \u2013 k\u00f6zt\u00fck a 2022-es \u00c9v Aut\u00f3ja, a Nissan Ariya, valamint a Model Y, a Skoda Enyaq iV, a ID.4, a Kia EV6 \u00e9s a Hyundai Ioniq 5 \u2013 szint\u00e9n el\u00e9rhet\u0151k k\u00e9tmotoros v\u00e1ltozatban.<\/p>\n<p>A Solterr\u00e1t v\u00e1s\u00e1rl\u00f3k csup\u00e1n k\u00e9t felszerelts\u00e9gi szint \u00e9s n\u00e9h\u00e1ny k\u00fcls\u0151 sz\u00edn k\u00f6z\u00fcl v\u00e1laszthatnak. Az alapv\u00e1ltozat, a Limited, 49 995 fontt\u00f3l indul. Ebben az \u00e1rban 18 colos k\u00f6nny\u0171f\u00e9m felniket, elektromos csomagt\u00e9rajt\u00f3t, adapt\u00edv tempomatot, f\u0171thet\u0151 els\u0151 \u00e9s h\u00e1ts\u00f3 \u00fcl\u00e9seket, valamint f\u0171thet\u0151 korm\u00e1nykereket kapsz. Az alapfelszerelts\u00e9g r\u00e9sze tov\u00e1bb\u00e1 a 360 fokos parkol\u00f3kamera, a digit\u00e1lis bels\u0151 visszapillant\u00f3 t\u00fck\u00f6r \u00e9s egy h\u0151szivatty\u00fa, amely hat\u00e9konyabban meleg\u00edti fel az akkumul\u00e1tort.<\/p>\n<p>A Touring felszerelts\u00e9gi szintre val\u00f3 friss\u00edt\u00e9s 52 995 fontra emeli az \u00e1rat \u2013 ez k\u00f6r\u00fclbel\u00fcl megegyezik a Model Y Long Range \u00e1r\u00e1val. Ez\u00e9rt cser\u00e9be m\u0171b\u0151r k\u00e1rpitoz\u00e1st, 20 colos felniket, panor\u00e1ma napf\u00e9nytet\u0151t, Harman Kardon hangrendszert, vezet\u00e9k n\u00e9lk\u00fcli telefont\u00f6lt\u0151t \u00e9s elektromosan \u00e1ll\u00edthat\u00f3 utas\u00fcl\u00e9st kapsz.<\/p>\n","protected":false},"excerpt":{"rendered":"<p>A leggyakrabban felmer\u00fcl\u0151 lehet\u0151s\u00e9gek k\u00f6z\u00f6tt szerepel a nyugd\u00edjkorhat\u00e1r emel\u00e9se, a nyugd\u00edjindex\u00e1l\u00e1s m\u00e9rs\u00e9kl\u00e9se, illetve egy k\u00f6telez\u0151 mag\u00e1npill\u00e9r bevezet\u00e9se. Most azonban egy&#8230; <span class=\"gridview-grid-post-read-more\"><a href=\"https:\/\/matrend.hu\/nekedinfo\/jon-a-kotelezo-munka-a-nyugdijasoknak\/\">read more<span class=\"gridview-sr-only\"> J\u00f6n a K\u00d6TELEZ\u0150 MUNKA a NYUGD\u00cdJASOKNAK!<\/span><\/a><\/span><\/p>\n","protected":false},"author":1,"featured_media":3660,"comment_status":"open","ping_status":"open","sticky":false,"template":"","format":"standard","meta":{"footnotes":""},"categories":[1],"tags":[],"class_list":["post-3659","post","type-post","status-publish","format-standard","has-post-thumbnail","hentry","category-egyeb","wpcat-1-id"],"_links":{"self":[{"href":"https:\/\/matrend.hu\/nekedinfo\/wp-json\/wp\/v2\/posts\/3659","targetHints":{"allow":["GET"]}}],"collection":[{"href":"https:\/\/matrend.hu\/nekedinfo\/wp-json\/wp\/v2\/posts"}],"about":[{"href":"https:\/\/matrend.hu\/nekedinfo\/wp-json\/wp\/v2\/types\/post"}],"author":[{"embeddable":true,"href":"https:\/\/matrend.hu\/nekedinfo\/wp-json\/wp\/v2\/users\/1"}],"replies":[{"embeddable":true,"href":"https:\/\/matrend.hu\/nekedinfo\/wp-json\/wp\/v2\/comments?post=3659"}],"version-history":[{"count":1,"href":"https:\/\/matrend.hu\/nekedinfo\/wp-json\/wp\/v2\/posts\/3659\/revisions"}],"predecessor-version":[{"id":3661,"href":"https:\/\/matrend.hu\/nekedinfo\/wp-json\/wp\/v2\/posts\/3659\/revisions\/3661"}],"wp:featuredmedia":[{"embeddable":true,"href":"https:\/\/matrend.hu\/nekedinfo\/wp-json\/wp\/v2\/media\/3660"}],"wp:attachment":[{"href":"https:\/\/matrend.hu\/nekedinfo\/wp-json\/wp\/v2\/media?parent=3659"}],"wp:term":[{"taxonomy":"category","embeddable":true,"href":"https:\/\/matrend.hu\/nekedinfo\/wp-json\/wp\/v2\/categories?post=3659"},{"taxonomy":"post_tag","embeddable":true,"href":"https:\/\/matrend.hu\/nekedinfo\/wp-json\/wp\/v2\/tags?post=3659"}],"curies":[{"name":"wp","href":"https:\/\/api.w.org\/{rel}","templated":true}]}}