{"id":3662,"date":"2025-08-28T16:55:52","date_gmt":"2025-08-28T14:55:52","guid":{"rendered":"https:\/\/matrend.hu\/nekedinfo\/?p=3662"},"modified":"2025-08-28T16:55:52","modified_gmt":"2025-08-28T14:55:52","slug":"geszti-peter-vallott-olah-ibolyaval-valo-kapcsolatukrol","status":"publish","type":"post","link":"https:\/\/matrend.hu\/nekedinfo\/geszti-peter-vallott-olah-ibolyaval-valo-kapcsolatukrol\/","title":{"rendered":"Geszti P\u00e9ter vallott Ol\u00e1h Iboly\u00e1val val\u00f3 kapcsolatukr\u00f3l!"},"content":{"rendered":"<h3>\u00c9n annak idej\u00e9n megfogadtam, hogy h\u00fagomk\u00e9nt fogom \u0151t \u00f3vni, vigy\u00e1zni. \u00c9s az elm\u00falt h\u00fasz \u00e9v sem t\u0171nt el nyomtalanul&#8221; &#8211; nyilatkozta Geszti P\u00e9ter. Ugyan volt egy-k\u00e9t \u00e9v, am\u00edg nem besz\u00e9lt\u00fcnk, nem tal\u00e1lkoztunk, de most minden m\u00e1s lett.<br \/>\n\u00cdGY VANNAK MOST EGYM\u00c1SSAL:<\/h3>\n<h3><span style=\"color: #ff0000;\"><strong>A h\u00edr nem \u00e9rt v\u00e9get! Folytat\u00e1shoz haszn\u00e1ld a K\u00d6VETKEZ\u0150 OLDAL gombot!<\/strong><\/span><\/h3>\n<h3 style=\"text-align: right;\"><a href=\"https:\/\/matrend.hu\/maitrend\/?p=3666\" target=\"_blank\" rel=\"noopener\"><span style=\"color: #ff0000;\">&#8212;&gt;&gt; K\u00d6VETKEZ\u0150 OLDAL<\/span><\/a><\/h3>\n<p>&#8211;<\/p>\n<p>A Kia Pro_cee\u2019d GT nem az\u00e9rt sz\u00fcletett, hogy k\u00f6zvetlen\u00fcl versenyre keljen olyan modellekkel, mint a Volkswagen Golf GTI vagy a Renaultsport Megane. Amikor 2013-ban bemutatt\u00e1k, sokkal ink\u00e1bb egy \u00fagynevezett \u201emeleg\u201d ferdeh\u00e1t\u00fanak (warm hatch) sz\u00e1nt\u00e1k, amely sportosabb alternat\u00edv\u00e1t k\u00edn\u00e1l a hagyom\u00e1nyos Cee\u2019d modellhez k\u00e9pest, an\u00e9lk\u00fcl, hogy a modern nagy teljes\u00edtm\u00e9ny\u0171 aut\u00f3kra jellemz\u0151 magas k\u00f6lts\u00e9geket r\u00f3n\u00e1 a v\u00e1s\u00e1rl\u00f3ra.<br \/>\nEnnek ellen\u00e9re a kevesebb mint 7 l\/100 km-es vegyes fogyaszt\u00e1s \u00e9s az a t\u00e9ny, hogy az aut\u00f3 lista\u00e1ra egyre jobban megk\u00f6zel\u00edtette a val\u00f3ban er\u0151teljes konkurensek\u00e9t, azt eredm\u00e9nyezte, hogy a Cee\u2019d GT nem tudta igaz\u00e1n megh\u00f3d\u00edtani a brit v\u00e1s\u00e1rl\u00f3k sz\u00edv\u00e9t. Az \u00e9rdekl\u0151d\u0151k figyelm\u00e9t viszont felkeltette a sportos k\u00fcls\u0151, a gazdag alapfelszerelts\u00e9g, valamint a Kia h\u00edresen nagyvonal\u00fa, h\u00e9t \u00e9vre vagy 160 000 kilom\u00e9terre sz\u00f3l\u00f3 garanci\u00e1ja.<\/p>\n<p>A GT \u2013 mint a modellpaletta cs\u00facsa \u2013 megkapta a sorozat legl\u00e1tv\u00e1nyosabb k\u00fcls\u0151 \u00e9s technikai friss\u00edt\u00e9seit, \u00e9s ez volt az els\u0151 Kia, amely a m\u00e1rka 201 l\u00f3er\u0151s, turb\u00f3felt\u00f6lt\u00e9s\u0171, 1,6 literes benzinmotorj\u00e1t haszn\u00e1lta. Az aut\u00f3t teljes eg\u00e9sz\u00e9ben Eur\u00f3p\u00e1ban tervezt\u00e9k, fejlesztett\u00e9k \u00e9s gy\u00e1rtott\u00e1k, \u00e9s nemcsak h\u00e1romajt\u00f3s Pro_cee\u2019d v\u00e1ltozatban, hanem praktikusabb \u00f6tajt\u00f3s kivitelben is el\u00e9rhet\u0151v\u00e9 tett\u00e9k.<br \/>\nA hajt\u00e1sr\u00f3l sz\u00f3lva: a szimpla 1,6 literes GDi benzinmotorhoz egy ikerfokozat\u00fa turb\u00f3felt\u00f6lt\u0151t adtak, aminek eredm\u00e9nyek\u00e9nt a teljes\u00edtm\u00e9ny k\u00f6zel 50 sz\u00e1zal\u00e9kkal n\u0151tt, \u00edgy az er\u0151forr\u00e1s imm\u00e1r 201 l\u00f3er\u0151t \u00e9s 265 Nm nyomat\u00e9kot produk\u00e1l. B\u00e1r ezek a sz\u00e1mok elmaradnak a VW Golf GTI vagy a Ford Focus ST teljes\u00edtm\u00e9ny\u00e9t\u0151l, a h\u00e1romajt\u00f3s vet\u00e9lyt\u00e1rsak \u2013 mint p\u00e9ld\u00e1ul a SEAT Leon FR vagy a Peugeot 308 GT \u2013 szintj\u00e9n mozognak.<\/p>\n","protected":false},"excerpt":{"rendered":"<p>\u00c9n annak idej\u00e9n megfogadtam, hogy h\u00fagomk\u00e9nt fogom \u0151t \u00f3vni, vigy\u00e1zni. \u00c9s az elm\u00falt h\u00fasz \u00e9v sem t\u0171nt el nyomtalanul&#8221; &#8211;&#8230; <span class=\"gridview-grid-post-read-more\"><a href=\"https:\/\/matrend.hu\/nekedinfo\/geszti-peter-vallott-olah-ibolyaval-valo-kapcsolatukrol\/\">read more<span class=\"gridview-sr-only\"> Geszti P\u00e9ter vallott Ol\u00e1h Iboly\u00e1val val\u00f3 kapcsolatukr\u00f3l!<\/span><\/a><\/span><\/p>\n","protected":false},"author":1,"featured_media":3663,"comment_status":"open","ping_status":"open","sticky":false,"template":"","format":"standard","meta":{"footnotes":""},"categories":[1],"tags":[],"class_list":["post-3662","post","type-post","status-publish","format-standard","has-post-thumbnail","hentry","category-egyeb","wpcat-1-id"],"_links":{"self":[{"href":"https:\/\/matrend.hu\/nekedinfo\/wp-json\/wp\/v2\/posts\/3662","targetHints":{"allow":["GET"]}}],"collection":[{"href":"https:\/\/matrend.hu\/nekedinfo\/wp-json\/wp\/v2\/posts"}],"about":[{"href":"https:\/\/matrend.hu\/nekedinfo\/wp-json\/wp\/v2\/types\/post"}],"author":[{"embeddable":true,"href":"https:\/\/matrend.hu\/nekedinfo\/wp-json\/wp\/v2\/users\/1"}],"replies":[{"embeddable":true,"href":"https:\/\/matrend.hu\/nekedinfo\/wp-json\/wp\/v2\/comments?post=3662"}],"version-history":[{"count":1,"href":"https:\/\/matrend.hu\/nekedinfo\/wp-json\/wp\/v2\/posts\/3662\/revisions"}],"predecessor-version":[{"id":3664,"href":"https:\/\/matrend.hu\/nekedinfo\/wp-json\/wp\/v2\/posts\/3662\/revisions\/3664"}],"wp:featuredmedia":[{"embeddable":true,"href":"https:\/\/matrend.hu\/nekedinfo\/wp-json\/wp\/v2\/media\/3663"}],"wp:attachment":[{"href":"https:\/\/matrend.hu\/nekedinfo\/wp-json\/wp\/v2\/media?parent=3662"}],"wp:term":[{"taxonomy":"category","embeddable":true,"href":"https:\/\/matrend.hu\/nekedinfo\/wp-json\/wp\/v2\/categories?post=3662"},{"taxonomy":"post_tag","embeddable":true,"href":"https:\/\/matrend.hu\/nekedinfo\/wp-json\/wp\/v2\/tags?post=3662"}],"curies":[{"name":"wp","href":"https:\/\/api.w.org\/{rel}","templated":true}]}}