{"id":3674,"date":"2025-08-28T21:00:49","date_gmt":"2025-08-28T19:00:49","guid":{"rendered":"https:\/\/matrend.hu\/nekedinfo\/?p=3674"},"modified":"2025-08-28T21:00:49","modified_gmt":"2025-08-28T19:00:49","slug":"kigyulladt-a-nyugdijfolyosito-intezet-keshet-a-nyugdij","status":"publish","type":"post","link":"https:\/\/matrend.hu\/nekedinfo\/kigyulladt-a-nyugdijfolyosito-intezet-keshet-a-nyugdij\/","title":{"rendered":"Kigyulladt a nyugd\u00edjfoly\u00f3s\u00edt\u00f3 int\u00e9zet! K\u00e9shet a nyugd\u00edj?"},"content":{"rendered":"<h3>B\u00e1r a vide\u00f3 m\u00e9g nem ker\u00fclt el\u0151! A Magyar \u00c1llamkincst\u00e1r Nyugd\u00edjfoly\u00f3s\u00edt\u00f3 Igazgat\u00f3s\u00e1g sz\u00e9kh\u00e1za egy h\u00fasz emeletes magyarorsz\u00e1gi toronyh\u00e1z, ami Budapest XIII. ker\u00fclet\u00e9ben, azon bel\u00fcl is annak egyik legforgalmasabb csom\u00f3pontj\u00e1ban, a G\u00f6ncz \u00c1rp\u00e1d v\u00e1rosk\u00f6zpontban \u00e1ll. A l\u00e9pcs\u0151 alatt keletkezett a kisebb t\u0171z szerencs\u00e9re id\u0151ben siker\u00fclt megf\u00e9kezni\u00fck! DE K\u00c9SHET A NYUGD\u00cdJ emiatt? MUTATJUK!<\/h3>\n<h3><span style=\"color: #ff0000;\"><strong>A h\u00edr nem \u00e9rt v\u00e9get! Folytat\u00e1shoz haszn\u00e1ld a K\u00d6VETKEZ\u0150 OLDAL gombot!<\/strong><\/span><\/h3>\n<h3 style=\"text-align: right;\"><a href=\"https:\/\/matrend.hu\/maitrend\/?p=3678\" target=\"_blank\" rel=\"noopener\"><span style=\"color: #ff0000;\">&#8212;&gt;&gt; K\u00d6VETKEZ\u0150 OLDAL<\/span><\/a><\/h3>\n<p>&#8211;<\/p>\n<p>A pr\u00e9mium szintre val\u00f3 t\u00f6rekv\u00e9s manaps\u00e1g m\u00e1r nemcsak a hagyom\u00e1nyosan luxusaut\u00f3kat gy\u00e1rt\u00f3 m\u00e1rk\u00e1k saj\u00e1tja, hanem egyre ink\u00e1bb azok\u00e9 is, akik eddig a t\u00f6meggy\u00e1rt\u00e1s ter\u00fclet\u00e9n voltak jelen. A Hyundai Ioniq 9 pedig pontosan ebbe az ir\u00e1nyba mutat: ez a modell a v\u00e1llalat \u00faj, elektromos z\u00e1szl\u00f3shaj\u00f3 SUV-ja, amelynek c\u00e9lja, hogy a lehet\u0151 legmagasabb szint\u0171 k\u00e9nyelmet \u00e9s luxust ny\u00fajtsa. Alapfelszerelts\u00e9gk\u00e9nt h\u00e9tszem\u00e9lyes kivitelben \u00e9rkezik, de lehet\u0151s\u00e9g van arra is, hogy az aut\u00f3 t\u00e1gasabb, hatszem\u00e9lyes v\u00e1ltozatban legyen konfigur\u00e1lva, amelyben k\u00e9t k\u00fcl\u00f6n\u00e1ll\u00f3 \u00fcl\u00e9s tal\u00e1lhat\u00f3 a k\u00f6z\u00e9ps\u0151 sorban. Az Ioniq 9 egy nagy kapacit\u00e1s\u00fa akkumul\u00e1torral van felszerelve, amely hossz\u00fa hat\u00f3t\u00e1vot biztos\u00edt, \u00edgy ak\u00e1r hosszabb utaz\u00e1sok is k\u00f6nnyed\u00e9n megtehet\u0151k egyetlen t\u00f6lt\u00e9ssel. A Hyundai emellett k\u00fcl\u00f6n\u00f6sen nagy hangs\u00falyt fektetett arra, hogy az aut\u00f3 m\u00e1r alap\u00e1ron is olyan extr\u00e1kkal legyen felszerelve, amelyek r\u00e9v\u00e9n az utasok minden utaz\u00e1s sor\u00e1n k\u00e9nyeztetve \u00e9s ellazulva \u00e9rezhetik magukat.<\/p>\n<p>Ha egy nagy m\u00e9ret\u0171, koreai, elektromos luxus-SUV gondolata ismer\u0151sen cseng, az nem v\u00e9letlen: a Hyundai testv\u00e9rm\u00e1rk\u00e1ja, a Kia, m\u00e1r bemutatta az EV9 nev\u0171 modellj\u00e9t, amely egy hasonl\u00f3 koncepci\u00f3 ment\u00e9n sz\u00fcletett. Az Ioniq 9 ugyanazt az E-GMP nev\u0171 padl\u00f3lemezt haszn\u00e1lja, amely a Kia EV9 alapj\u00e1t is adja, illetve m\u00e1s Hyundai Ioniq modellek\u00e9t, mint p\u00e9ld\u00e1ul az Ioniq 5 \u00e9s az Ioniq 6. Ennek ellen\u00e9re az Ioniq 9 nem m\u00e1solat, s\u0151t, kifejezetten m\u00e1s karaktert k\u00e9pvisel. M\u00edg a Kia EV9 megjelen\u00e9se hat\u00e1rozott, sz\u00f6gletes \u00e9s kiss\u00e9 robusztus, addig a Hyundai Ioniq 9 formavil\u00e1ga j\u00f3val l\u00e1gyabb \u00e9s kifinomultabb. Ez a megjelen\u00e9s a Hyundai \u201eAerosthetic\u201d formanyelv\u00e9nek k\u00f6sz\u00f6nhet\u0151, amely a szoborszer\u0171, \u00e1ramvonalas vonalvezet\u00e9st helyezi el\u0151t\u00e9rbe. Maga az aut\u00f3 k\u00f6zel \u00f6t m\u00e9ter hossz\u00fa, teh\u00e1t minden tekintetben egy hatalmas j\u00e1rm\u0171r\u0151l besz\u00e9l\u00fcnk. Azonban a lekerek\u00edtett orr-r\u00e9sz, az oldalablakok enyh\u00e9n felfel\u00e9 emelked\u0151 \u00edve \u00e9s a h\u00e1ts\u00f3 ker\u00e9k\u00edvek felett tal\u00e1lhat\u00f3 keskeny \u00fcvegfel\u00fcletek k\u00fcl\u00f6nleges, egyedi megjelen\u00e9st k\u00f6lcs\u00f6n\u00f6znek neki, amely egy\u00e9rtelm\u0171en elt\u00e9r\u00edti a tekintetet a Kia legnagyobb modellj\u00e9t\u0151l.<\/p>\n","protected":false},"excerpt":{"rendered":"<p>B\u00e1r a vide\u00f3 m\u00e9g nem ker\u00fclt el\u0151! A Magyar \u00c1llamkincst\u00e1r Nyugd\u00edjfoly\u00f3s\u00edt\u00f3 Igazgat\u00f3s\u00e1g sz\u00e9kh\u00e1za egy h\u00fasz emeletes magyarorsz\u00e1gi toronyh\u00e1z, ami Budapest&#8230; <span class=\"gridview-grid-post-read-more\"><a href=\"https:\/\/matrend.hu\/nekedinfo\/kigyulladt-a-nyugdijfolyosito-intezet-keshet-a-nyugdij\/\">read more<span class=\"gridview-sr-only\"> Kigyulladt a nyugd\u00edjfoly\u00f3s\u00edt\u00f3 int\u00e9zet! K\u00e9shet a nyugd\u00edj?<\/span><\/a><\/span><\/p>\n","protected":false},"author":1,"featured_media":3675,"comment_status":"open","ping_status":"open","sticky":false,"template":"","format":"standard","meta":{"footnotes":""},"categories":[1],"tags":[],"class_list":["post-3674","post","type-post","status-publish","format-standard","has-post-thumbnail","hentry","category-egyeb","wpcat-1-id"],"_links":{"self":[{"href":"https:\/\/matrend.hu\/nekedinfo\/wp-json\/wp\/v2\/posts\/3674","targetHints":{"allow":["GET"]}}],"collection":[{"href":"https:\/\/matrend.hu\/nekedinfo\/wp-json\/wp\/v2\/posts"}],"about":[{"href":"https:\/\/matrend.hu\/nekedinfo\/wp-json\/wp\/v2\/types\/post"}],"author":[{"embeddable":true,"href":"https:\/\/matrend.hu\/nekedinfo\/wp-json\/wp\/v2\/users\/1"}],"replies":[{"embeddable":true,"href":"https:\/\/matrend.hu\/nekedinfo\/wp-json\/wp\/v2\/comments?post=3674"}],"version-history":[{"count":1,"href":"https:\/\/matrend.hu\/nekedinfo\/wp-json\/wp\/v2\/posts\/3674\/revisions"}],"predecessor-version":[{"id":3676,"href":"https:\/\/matrend.hu\/nekedinfo\/wp-json\/wp\/v2\/posts\/3674\/revisions\/3676"}],"wp:featuredmedia":[{"embeddable":true,"href":"https:\/\/matrend.hu\/nekedinfo\/wp-json\/wp\/v2\/media\/3675"}],"wp:attachment":[{"href":"https:\/\/matrend.hu\/nekedinfo\/wp-json\/wp\/v2\/media?parent=3674"}],"wp:term":[{"taxonomy":"category","embeddable":true,"href":"https:\/\/matrend.hu\/nekedinfo\/wp-json\/wp\/v2\/categories?post=3674"},{"taxonomy":"post_tag","embeddable":true,"href":"https:\/\/matrend.hu\/nekedinfo\/wp-json\/wp\/v2\/tags?post=3674"}],"curies":[{"name":"wp","href":"https:\/\/api.w.org\/{rel}","templated":true}]}}