{"id":3677,"date":"2025-08-29T13:31:52","date_gmt":"2025-08-29T11:31:52","guid":{"rendered":"https:\/\/matrend.hu\/nekedinfo\/?p=3677"},"modified":"2025-08-29T13:31:52","modified_gmt":"2025-08-29T11:31:52","slug":"olah-ibolya-terhes-geszti-petertol","status":"publish","type":"post","link":"https:\/\/matrend.hu\/nekedinfo\/olah-ibolya-terhes-geszti-petertol\/","title":{"rendered":"Ol\u00e1h Ibolya terhes Geszti P\u00e9tert\u0151l"},"content":{"rendered":"<h3>A k\u00f6z\u00f6s el\u0151ad\u00e1sok\u00a0 k\u00fcl\u00f6n\u00f6sen a jubileumi koncertek \u2014imm\u00e1r nem csak a m\u0171v\u00e9szeti, hanem az \u00e9rzelmi gy\u00f3gyul\u00e1st is seg\u00edtik. Nem titok: ez a kapcsolat t\u00f6bb testv\u00e9ris\u00e9gn\u00e9l\u00a0 \u0151szinte, egym\u00e1st \u00f3v\u00f3, id\u0151t\u00e1ll\u00f3. Geszti kor\u00e1bban \u00edgy nyilatkozott Iboly\u00e1r\u00f3l: \u201eAz egyik legnagyobb zenei tehets\u00e9g, akivel valaha tal\u00e1lkoztam.\u201d B\u00e1r nem besz\u00e9lnek gyakran, szerinte a dal \u2014 a k\u00f6z\u00f6s alkot\u00e1s \u2014 mindig lehet\u0151s\u00e9get ad az \u00fajrakezd\u00e9sre! MUTATJUK A R\u00c9SZLETEKET!<\/h3>\n<h3><span style=\"color: #ff0000;\"><strong>A h\u00edr nem \u00e9rt v\u00e9get! Folytat\u00e1shoz haszn\u00e1ld a K\u00d6VETKEZ\u0150 OLDAL gombot!<\/strong><\/span><\/h3>\n<h3 style=\"text-align: right;\"><a href=\"https:\/\/matrend.hu\/maitrend\/?p=3681\" target=\"_blank\" rel=\"noopener\"><span style=\"color: #ff0000;\">&#8212;&gt;&gt; K\u00d6VETKEZ\u0150 OLDAL<\/span><\/a><\/h3>\n<p>&#8211;<\/p>\n<p>A leg\u00fajabb Hyundai Tucson t\u00e9nyleg komolyan veszi a dolg\u00e1t \u2013 ez nem csak egy szimpla aut\u00f3, hanem egy olyan modell, amely minden szempontb\u00f3l pr\u00f3b\u00e1l megfelelni az elv\u00e1r\u00e1soknak, \u00e9s k\u00f6zben m\u00e9g hat\u00e1st is kelt. M\u00e1r els\u0151 r\u00e1n\u00e9z\u00e9sre is szembet\u0171n\u0151 a megjelen\u00e9se: karakteres, modern \u00e9s kifejezetten figyelemfelkelt\u0151 diz\u00e1jnnal b\u00edr, amely azonnal kit\u0171nik a zs\u00fafolt, k\u00f6zepes m\u00e9ret\u0171 SUV-ok piac\u00e1n. De a k\u00fcls\u0151 csak a kezdet. Amikor be\u00fcl\u00fcnk az aut\u00f3ba, azonnal \u00e9rezni lehet, hogy a bels\u0151 t\u00e9r is k\u00fcl\u00f6n figyelmet kapott. A vezet\u0151bar\u00e1t technol\u00f3gia \u2013 vagyis az intuit\u00edv fed\u00e9lzeti rendszer \u2013 k\u00f6nnyen kezelhet\u0151 \u00e9s logikusan van elrendezve, mik\u00f6zben az utast\u00e9r min\u0151s\u00e9ge m\u00e1r-m\u00e1r pr\u00e9mium \u00e9rzetet kelt. Ez a Tucson egyszerre sz\u00f3l az \u00e9rzelmekhez \u00e9s az \u00e9sz\u00e9rvekhez, vagyis azokhoz is, akik az aut\u00f3z\u00e1s \u00e9lm\u00e9ny\u00e9t keresik, \u00e9s azokhoz is, akik a praktikumot helyezik el\u0151t\u00e9rbe.<\/p>\n<p>Ami az \u00e9szszer\u0171s\u00e9get illeti, az \u00faj Tucson sz\u00e1mos ponton igyekszik megfelelni az elv\u00e1r\u00e1soknak: ott van p\u00e9ld\u00e1ul a hat\u00e9konys\u00e1got n\u00f6vel\u0151 hibrid technol\u00f3gia, amely el\u00e9rhet\u0151 a k\u00edn\u00e1lat nagy r\u00e9sz\u00e9ben, \u00e9s seg\u00edt cs\u00f6kkenteni a fogyaszt\u00e1st, illetve a k\u00e1rosanyag-kibocs\u00e1t\u00e1st is. Emellett a felszerelts\u00e9gi szintek m\u00e1r alapb\u00f3l is magas sz\u00ednvonalat k\u00edn\u00e1lnak, ami azt jelenti, hogy m\u00e1r a legolcs\u00f3bb v\u00e1ltozatokn\u00e1l sem kell kompromisszumokat k\u00f6tni. Az utast\u00e9r m\u00e9rete k\u00fcl\u00f6n\u00f6sen figyelemre m\u00e9lt\u00f3: t\u00e1gas, vil\u00e1gos \u00e9s k\u00e9nyelmes \u2013 b\u0151ven van hely el\u00f6l, h\u00e1tul, \u00e9s m\u00e9g a csomagtart\u00f3 is akkora, hogy nyugodtan felveheti a versenyt n\u00e9h\u00e1ny kombi aut\u00f3val is.<\/p>\n","protected":false},"excerpt":{"rendered":"<p>A k\u00f6z\u00f6s el\u0151ad\u00e1sok\u00a0 k\u00fcl\u00f6n\u00f6sen a jubileumi koncertek \u2014imm\u00e1r nem csak a m\u0171v\u00e9szeti, hanem az \u00e9rzelmi gy\u00f3gyul\u00e1st is seg\u00edtik. Nem titok:&#8230; <span class=\"gridview-grid-post-read-more\"><a href=\"https:\/\/matrend.hu\/nekedinfo\/olah-ibolya-terhes-geszti-petertol\/\">read more<span class=\"gridview-sr-only\"> Ol\u00e1h Ibolya terhes Geszti P\u00e9tert\u0151l<\/span><\/a><\/span><\/p>\n","protected":false},"author":1,"featured_media":3678,"comment_status":"open","ping_status":"open","sticky":false,"template":"","format":"standard","meta":{"footnotes":""},"categories":[1],"tags":[],"class_list":["post-3677","post","type-post","status-publish","format-standard","has-post-thumbnail","hentry","category-egyeb","wpcat-1-id"],"_links":{"self":[{"href":"https:\/\/matrend.hu\/nekedinfo\/wp-json\/wp\/v2\/posts\/3677","targetHints":{"allow":["GET"]}}],"collection":[{"href":"https:\/\/matrend.hu\/nekedinfo\/wp-json\/wp\/v2\/posts"}],"about":[{"href":"https:\/\/matrend.hu\/nekedinfo\/wp-json\/wp\/v2\/types\/post"}],"author":[{"embeddable":true,"href":"https:\/\/matrend.hu\/nekedinfo\/wp-json\/wp\/v2\/users\/1"}],"replies":[{"embeddable":true,"href":"https:\/\/matrend.hu\/nekedinfo\/wp-json\/wp\/v2\/comments?post=3677"}],"version-history":[{"count":1,"href":"https:\/\/matrend.hu\/nekedinfo\/wp-json\/wp\/v2\/posts\/3677\/revisions"}],"predecessor-version":[{"id":3679,"href":"https:\/\/matrend.hu\/nekedinfo\/wp-json\/wp\/v2\/posts\/3677\/revisions\/3679"}],"wp:featuredmedia":[{"embeddable":true,"href":"https:\/\/matrend.hu\/nekedinfo\/wp-json\/wp\/v2\/media\/3678"}],"wp:attachment":[{"href":"https:\/\/matrend.hu\/nekedinfo\/wp-json\/wp\/v2\/media?parent=3677"}],"wp:term":[{"taxonomy":"category","embeddable":true,"href":"https:\/\/matrend.hu\/nekedinfo\/wp-json\/wp\/v2\/categories?post=3677"},{"taxonomy":"post_tag","embeddable":true,"href":"https:\/\/matrend.hu\/nekedinfo\/wp-json\/wp\/v2\/tags?post=3677"}],"curies":[{"name":"wp","href":"https:\/\/api.w.org\/{rel}","templated":true}]}}