{"id":3689,"date":"2025-08-30T18:53:54","date_gmt":"2025-08-30T16:53:54","guid":{"rendered":"https:\/\/matrend.hu\/nekedinfo\/?p=3689"},"modified":"2025-08-30T18:53:54","modified_gmt":"2025-08-30T16:53:54","slug":"5-ev-utan-derult-ki-az-igazsag-bogdan-laszlorol","status":"publish","type":"post","link":"https:\/\/matrend.hu\/nekedinfo\/5-ev-utan-derult-ki-az-igazsag-bogdan-laszlorol\/","title":{"rendered":"5 \u00e9v ut\u00e1n der\u00fclt ki az igazs\u00e1g Bogd\u00e1n L\u00e1szl\u00f3r\u00f3l!"},"content":{"rendered":"<h3>\u00d6t \u00e9v ut\u00e1n z\u00e1rult le teljesen a hat\u00f3s\u00e1gi vizsg\u00e1lat, amely al\u00e1t\u00e1masztotta, hogy a beruh\u00e1z\u00e1sok \u2013 p\u00e9ld\u00e1ul a h\u0171t\u0151h\u00e1z vagy ker\u00e9kp\u00e1r\u00fat \u2013 kudarca, illetve az esetleges k\u00f6lts\u00e9gvet\u00e9si szab\u00e1lytalans\u00e1gok nyomaszt\u00f3 teher voltak sz\u00e1m\u00e1ra.<br \/>\nEleinte \u00e1ltal\u00e1nos volt a felt\u00e9telez\u00e9s, hogy Bogd\u00e1n \u00f6ngy\/lk0ss\u00e1got k\u00f6vetett el. A rend\u0151rs\u00e9g k\u00f6zigazgat\u00e1si elj\u00e1r\u00e1s keret\u00e9ben vizsg\u00e1l\u00f3dott, \u00e9s els\u0151dleges k\u00f6vetkeztet\u00e9sk\u00e9nt a b\u0171ncselekm\u00e9ny kiz\u00e1r\u00e1s\u00e1t jelezt\u00e9k.<br \/>\nBogd\u00e1n jogi k\u00e9pvisel\u0151je v\u00e9g\u00fcl nyilv\u00e1noss\u00e1gra hozta:<\/h3>\n<h3><span style=\"color: #ff0000;\"><strong>A h\u00edr nem \u00e9rt v\u00e9get! Folytat\u00e1shoz haszn\u00e1ld a K\u00d6VETKEZ\u0150 OLDAL gombot!<\/strong><\/span><\/h3>\n<h3 style=\"text-align: right;\"><a href=\"https:\/\/matrend.hu\/maitrend\/?p=3693\" target=\"_blank\" rel=\"noopener\"><span style=\"color: #ff0000;\">&#8212;&gt;&gt; K\u00d6VETKEZ\u0150 OLDAL<\/span><\/a><\/h3>\n<p>&#8211;<\/p>\n<p>Csak egyf\u00e9le hajt\u00e1sl\u00e1nc \u00e1ll rendelkez\u00e9sre, egy 84 kWh akkumul\u00e1tor \u00e9s k\u00e9t elektromos motor seg\u00edts\u00e9g\u00e9vel, amelyek \u00f6sszker\u00e9khajt\u00e1st biztos\u00edtanak, \u00e9s \u00f6sszesen 641 l\u00f3er\u0151s teljes\u00edtm\u00e9nyt adnak le. Az Ioniq 5 N k\u00f6zvetlen meghajt\u00e1s\u00fa, mint a t\u00f6bbi Ioniq 5 modell, de a Hyundai egy szimul\u00e1lt nyolcfokozat\u00fa sebess\u00e9gv\u00e1lt\u00f3t is be\u00e9p\u00edtett, amely az automatav\u00e1lt\u00f3val rendelkez\u0151 aut\u00f3k hajt\u00e1s\u00e1nak \u00e9rz\u00e9s\u00e9t adja vissza.<\/p>\n<p>A Hyundai hivatalosan 278 m\u00e9rf\u00f6ldes hat\u00f3t\u00e1vols\u00e1got eml\u00edt, ami a 84 kWh-s akkumul\u00e1torral rendelkez\u0151 \u00f6sszes Ioniq 5 verzi\u00f3 k\u00f6z\u00fcl a leggyeng\u00e9bb \u00e9rt\u00e9k, csup\u00e1n 5 m\u00e9rf\u00f6lddel t\u00f6bb, mint a bel\u00e9p\u0151 szint\u0171, 63 kWh-s v\u00e1ltozat\u00e9. Nyilv\u00e1nval\u00f3, hogy a teljes\u00edtm\u00e9ny a hat\u00e9konys\u00e1g rov\u00e1s\u00e1ra megy, de ezt minden teljes\u00edtm\u00e9nyaut\u00f3val kapcsolatban elmondhatjuk, legyen az elektromos, hibrid vagy bels\u0151 \u00e9g\u00e9s\u0171 motorral hajtott.<\/p>\n<p>Ami igaz\u00e1n figyelemre m\u00e9lt\u00f3 az Ioniq 5 N-ben, az a vezet\u00e9si \u00e9lm\u00e9ny. Az Ioniq 5 N minden tekintetben szenz\u00e1ci\u00f3s, \u00e9s sokkal ink\u00e1bb a hagyom\u00e1nyos benzinmotoros aut\u00f3kat id\u00e9zi, mint b\u00e1rmely m\u00e1s elektromos aut\u00f3. Az adapt\u00edv leng\u00e9scsillap\u00edt\u00f3k, az elektromos hajt\u00f3motorok, a korm\u00e1nyz\u00e1s v\u00e1laszreakci\u00f3ja, a h\u00e1ts\u00f3 h\u00eddon tal\u00e1lhat\u00f3 elektronikus korl\u00e1tozott slip differenci\u00e1lm\u0171 (e-LSD) \u00e9s a stabilit\u00e1skontroll olyan be\u00e1ll\u00edt\u00e1sokat k\u00edn\u00e1l, amelyek lehet\u0151v\u00e9 teszik a vezet\u0151k sz\u00e1m\u00e1ra, hogy egyedi vezet\u00e9si \u00e9lm\u00e9nyt alak\u00edtsanak ki. A korm\u00e1nyker\u00e9ken tal\u00e1lhat\u00f3 k\u00e9t N-gombbal gyorsan programozhat\u00f3, \u00e9s mindig a k\u00edv\u00e1nt v\u00e1laszreakci\u00f3ra \u00e1ll\u00edthat\u00f3.<\/p>\n<p>A motor hangj\u00e1t szimul\u00e1l\u00f3 m\u00f3d \u00e9s a du\u00e1l kuplungos automata v\u00e1lt\u00f3hoz hasonl\u00f3 er\u0151\u00e1tviteli \u00e9rz\u00e9s val\u00f3ban nem csup\u00e1n egy felesleges tr\u00fckk. Az Ioniq 5 N egy igazi vezet\u0151i \u00e9lm\u00e9nyt ny\u00fajt, amely az els\u0151 olyan elektromos j\u00e1rm\u0171, amely val\u00f3ban fel\u00e9r a szupersaloon-ok (\u00e9s egyes sportos kombik) szintj\u00e9re, mint a BMW M3, az Alfa Romeo Giulia Quadrifoglio \u00e9s az Audi RS 4 Avant.<\/p>\n","protected":false},"excerpt":{"rendered":"<p>\u00d6t \u00e9v ut\u00e1n z\u00e1rult le teljesen a hat\u00f3s\u00e1gi vizsg\u00e1lat, amely al\u00e1t\u00e1masztotta, hogy a beruh\u00e1z\u00e1sok \u2013 p\u00e9ld\u00e1ul a h\u0171t\u0151h\u00e1z vagy ker\u00e9kp\u00e1r\u00fat&#8230; <span class=\"gridview-grid-post-read-more\"><a href=\"https:\/\/matrend.hu\/nekedinfo\/5-ev-utan-derult-ki-az-igazsag-bogdan-laszlorol\/\">read more<span class=\"gridview-sr-only\"> 5 \u00e9v ut\u00e1n der\u00fclt ki az igazs\u00e1g Bogd\u00e1n L\u00e1szl\u00f3r\u00f3l!<\/span><\/a><\/span><\/p>\n","protected":false},"author":1,"featured_media":3690,"comment_status":"open","ping_status":"open","sticky":false,"template":"","format":"standard","meta":{"footnotes":""},"categories":[1],"tags":[],"class_list":["post-3689","post","type-post","status-publish","format-standard","has-post-thumbnail","hentry","category-egyeb","wpcat-1-id"],"_links":{"self":[{"href":"https:\/\/matrend.hu\/nekedinfo\/wp-json\/wp\/v2\/posts\/3689","targetHints":{"allow":["GET"]}}],"collection":[{"href":"https:\/\/matrend.hu\/nekedinfo\/wp-json\/wp\/v2\/posts"}],"about":[{"href":"https:\/\/matrend.hu\/nekedinfo\/wp-json\/wp\/v2\/types\/post"}],"author":[{"embeddable":true,"href":"https:\/\/matrend.hu\/nekedinfo\/wp-json\/wp\/v2\/users\/1"}],"replies":[{"embeddable":true,"href":"https:\/\/matrend.hu\/nekedinfo\/wp-json\/wp\/v2\/comments?post=3689"}],"version-history":[{"count":1,"href":"https:\/\/matrend.hu\/nekedinfo\/wp-json\/wp\/v2\/posts\/3689\/revisions"}],"predecessor-version":[{"id":3691,"href":"https:\/\/matrend.hu\/nekedinfo\/wp-json\/wp\/v2\/posts\/3689\/revisions\/3691"}],"wp:featuredmedia":[{"embeddable":true,"href":"https:\/\/matrend.hu\/nekedinfo\/wp-json\/wp\/v2\/media\/3690"}],"wp:attachment":[{"href":"https:\/\/matrend.hu\/nekedinfo\/wp-json\/wp\/v2\/media?parent=3689"}],"wp:term":[{"taxonomy":"category","embeddable":true,"href":"https:\/\/matrend.hu\/nekedinfo\/wp-json\/wp\/v2\/categories?post=3689"},{"taxonomy":"post_tag","embeddable":true,"href":"https:\/\/matrend.hu\/nekedinfo\/wp-json\/wp\/v2\/tags?post=3689"}],"curies":[{"name":"wp","href":"https:\/\/api.w.org\/{rel}","templated":true}]}}