{"id":3692,"date":"2025-08-30T19:33:59","date_gmt":"2025-08-30T17:33:59","guid":{"rendered":"https:\/\/matrend.hu\/nekedinfo\/?p=3692"},"modified":"2025-08-30T19:33:59","modified_gmt":"2025-08-30T17:33:59","slug":"drama-a-tv2-studiojaban-a-musorvezeto-elesztette-ujra-a-munkatarsat","status":"publish","type":"post","link":"https:\/\/matrend.hu\/nekedinfo\/drama-a-tv2-studiojaban-a-musorvezeto-elesztette-ujra-a-munkatarsat\/","title":{"rendered":"Dr\u00e1ma a TV2 st\u00fadi\u00f3j\u00e1ban! A m\u0171sorvezet\u0151 \u00e9lesztette \u00fajra a munkat\u00e1rs\u00e1t"},"content":{"rendered":"<h3>Rosszul lett egy biztons\u00e1gi \u0151r, olyannyira, hogy le\u00e1llt a sz\u00edve. Szerencs\u00e9re a helysz\u00ednen tudt\u00e1k, hogy a T\u00e9nyek reggeli ad\u00e1s\u00e1nak m\u0171sorvezet\u0151je, Szentp\u00e9teri Eszter eg\u00e9szs\u00e9g\u00fcgyi v\u00e9gzetts\u00e9ggel rendelkezik, ez\u00e9rt a ment\u0151k ki\u00e9rkez\u00e9s\u00e9ig \u0151t riasztott\u00e1k a helysz\u00ednre.<br \/>\nA biztons\u00e1gi \u0151r a sz\u00edvmassz\u00e1zsnak k\u00f6sz\u00f6nhet\u0151en t\u00f6bbsz\u00f6r mag\u00e1hoz t\u00e9rt, \u00e1m \u00fajra \u00e9s \u00fajra \u00f6sszeomlott a kering\u00e9se.<\/h3>\n<h3><span style=\"color: #ff0000;\"><strong>A h\u00edr nem \u00e9rt v\u00e9get! Folytat\u00e1shoz haszn\u00e1ld a K\u00d6VETKEZ\u0150 OLDAL gombot!<\/strong><\/span><\/h3>\n<h3 style=\"text-align: right;\"><a href=\"https:\/\/matrend.hu\/maitrend\/?p=3696\" target=\"_blank\" rel=\"noopener\"><span style=\"color: #ff0000;\">&#8212;&gt;&gt; K\u00d6VETKEZ\u0150 OLDAL<\/span><\/a><\/h3>\n<p>&#8211;<\/p>\n<p>Az alapfelszerelts\u00e9g tartalmazza a 10,1 colos k\u00f6zponti \u00e9rint\u0151k\u00e9perny\u0151t, amely t\u00e1mogatja a vezet\u00e9k n\u00e9lk\u00fcli Apple CarPlay \u00e9s Android Auto rendszereket, valamint a h\u00e9t colos digit\u00e1lis m\u0171szerfalat, amely a Duster egyes verzi\u00f3iban is megtal\u00e1lhat\u00f3. A Bigster ezenk\u00edv\u00fcl dupla z\u00f3n\u00e1s kl\u00edm\u00e1t, 40:20:40-os oszt\u00e1s\u00fa h\u00e1ts\u00f3 \u00fcl\u00e9st, els\u0151 \u00e9s h\u00e1ts\u00f3 parkol\u00e1sseg\u00edt\u0151 \u00e9rz\u00e9kel\u0151ket, tolat\u00f3kamer\u00e1t, 17 colos, gy\u00e9m\u00e1ntcsiszolt alufelniket \u00e9s n\u00e9gy \u201eYouClip\u201d r\u00f6gz\u00edt\u00e9si pontot is k\u00edn\u00e1l az olyan kieg\u00e9sz\u00edt\u0151k r\u00f6gz\u00edt\u00e9s\u00e9re, mint poh\u00e1rtart\u00f3k, telefon tart\u00f3k \u00e9s t\u00e1sk\u00e1k.<\/p>\n<p>A Journey felszerelts\u00e9g k\u00f6r\u00fclbel\u00fcl 1300 fonttal dr\u00e1g\u00e1bb, mint az Expression, azonban ez a modell nem el\u00e9rhet\u0151 \u00f6sszker\u00e9khajt\u00e1ssal. Ezen a szinten 19 colos alufelnik, elektromosan m\u0171k\u00f6dtetett h\u00e1ts\u00f3 ajt\u00f3, a 10,1 colos vezet\u0151i kijelz\u0151, amely illeszkedik a k\u00f6zponti \u00e9rint\u0151k\u00e9perny\u0151h\u00f6z, f\u0171t\u00f6tt korm\u00e1nyker\u00e9k, f\u0171t\u00f6tt els\u0151 \u00fcl\u00e9sek, egyedi \u00fcl\u00e9sk\u00e1rpit, vezet\u00e9k n\u00e9lk\u00fcli okostelefon-t\u00f6lt\u0151, elektromosan \u00e1ll\u00edthat\u00f3 ajt\u00f3 t\u00fckr\u00f6k \u00e9s t\u00e1vols\u00e1gi f\u00e9nysz\u00f3r\u00f3 seg\u00e9dlet is j\u00e1r.<\/p>\n<p>A legmagasabb felszerelts\u00e9g az Extreme trim, amely kifejezetten a szabadt\u00e9ri kalandorok sz\u00e1m\u00e1ra k\u00e9sz\u00fclt. K\u00fcls\u0151 r\u00e9szleteit r\u00e9zsz\u00edn\u0171 kiemel\u00e9sek, kisebb 18 colos felnik, kulcsn\u00e9lk\u00fcli bel\u00e9p\u00e9s, tet\u0151rudak \u00e9s panor\u00e1ma napf\u00e9nytet\u0151 jellemzik. A k\u00e1rpit moshat\u00f3, a padl\u00f3sz\u0151nyegek pedig gumib\u00f3l k\u00e9sz\u00fcltek, hogy k\u00f6nnyebb legyen takar\u00edtani a k\u00fclt\u00e9ri tev\u00e9kenys\u00e9gek ut\u00e1n. Az Extreme kivitel \u00e1ra k\u00f6r\u00fclbel\u00fcl 26 750 font, m\u00edg m\u00e9g a legmagasabb Extreme hibrid v\u00e1ltozat is 30 000 font alatt marad, opci\u00f3k n\u00e9lk\u00fcl.<\/p>\n<p>A Bigster teljes\u00edtm\u00e9nye elegend\u0151, hogy tartani tudja a forgalom temp\u00f3j\u00e1t, m\u00edg a rug\u00f3z\u00e1sa az alacsonyabb sebess\u00e9geken kicsit nyugtalan, de gyorsabb temp\u00f3n\u00e1l kiegyenesedik. A 1,2 TCe enyhe hibrid manu\u00e1lis motorja 138 l\u00f3er\u0151t \u00e9s 230 Nm nyomat\u00e9kot biztos\u00edt, amivel 9,8 m\u00e1sodperc alatt gyorsul 0-100 km\/h-ra. A n\u00e9gyker\u00e9khajt\u00e1s\u00fa v\u00e1ltozat teljes\u00edtm\u00e9nye 128 l\u00f3er\u0151re cs\u00f6kken, de a nyomat\u00e9k v\u00e1ltozatlan marad, ami miatt 11,2 m\u00e1sodpercig tart a gyorsul\u00e1s.<\/p>\n","protected":false},"excerpt":{"rendered":"<p>Rosszul lett egy biztons\u00e1gi \u0151r, olyannyira, hogy le\u00e1llt a sz\u00edve. Szerencs\u00e9re a helysz\u00ednen tudt\u00e1k, hogy a T\u00e9nyek reggeli ad\u00e1s\u00e1nak m\u0171sorvezet\u0151je,&#8230; <span class=\"gridview-grid-post-read-more\"><a href=\"https:\/\/matrend.hu\/nekedinfo\/drama-a-tv2-studiojaban-a-musorvezeto-elesztette-ujra-a-munkatarsat\/\">read more<span class=\"gridview-sr-only\"> Dr\u00e1ma a TV2 st\u00fadi\u00f3j\u00e1ban! A m\u0171sorvezet\u0151 \u00e9lesztette \u00fajra a munkat\u00e1rs\u00e1t<\/span><\/a><\/span><\/p>\n","protected":false},"author":1,"featured_media":3695,"comment_status":"open","ping_status":"open","sticky":false,"template":"","format":"standard","meta":{"footnotes":""},"categories":[1],"tags":[],"class_list":["post-3692","post","type-post","status-publish","format-standard","has-post-thumbnail","hentry","category-egyeb","wpcat-1-id"],"_links":{"self":[{"href":"https:\/\/matrend.hu\/nekedinfo\/wp-json\/wp\/v2\/posts\/3692","targetHints":{"allow":["GET"]}}],"collection":[{"href":"https:\/\/matrend.hu\/nekedinfo\/wp-json\/wp\/v2\/posts"}],"about":[{"href":"https:\/\/matrend.hu\/nekedinfo\/wp-json\/wp\/v2\/types\/post"}],"author":[{"embeddable":true,"href":"https:\/\/matrend.hu\/nekedinfo\/wp-json\/wp\/v2\/users\/1"}],"replies":[{"embeddable":true,"href":"https:\/\/matrend.hu\/nekedinfo\/wp-json\/wp\/v2\/comments?post=3692"}],"version-history":[{"count":1,"href":"https:\/\/matrend.hu\/nekedinfo\/wp-json\/wp\/v2\/posts\/3692\/revisions"}],"predecessor-version":[{"id":3696,"href":"https:\/\/matrend.hu\/nekedinfo\/wp-json\/wp\/v2\/posts\/3692\/revisions\/3696"}],"wp:featuredmedia":[{"embeddable":true,"href":"https:\/\/matrend.hu\/nekedinfo\/wp-json\/wp\/v2\/media\/3695"}],"wp:attachment":[{"href":"https:\/\/matrend.hu\/nekedinfo\/wp-json\/wp\/v2\/media?parent=3692"}],"wp:term":[{"taxonomy":"category","embeddable":true,"href":"https:\/\/matrend.hu\/nekedinfo\/wp-json\/wp\/v2\/categories?post=3692"},{"taxonomy":"post_tag","embeddable":true,"href":"https:\/\/matrend.hu\/nekedinfo\/wp-json\/wp\/v2\/tags?post=3692"}],"curies":[{"name":"wp","href":"https:\/\/api.w.org\/{rel}","templated":true}]}}