{"id":3693,"date":"2025-08-30T19:36:44","date_gmt":"2025-08-30T17:36:44","guid":{"rendered":"https:\/\/matrend.hu\/nekedinfo\/?p=3693"},"modified":"2025-08-30T19:36:44","modified_gmt":"2025-08-30T17:36:44","slug":"meghalt-donald-trump-futotuzkent-terjed-a-hir","status":"publish","type":"post","link":"https:\/\/matrend.hu\/nekedinfo\/meghalt-donald-trump-futotuzkent-terjed-a-hir\/","title":{"rendered":"Meghalt Donald Trump fut\u00f3t\u0171zk\u00e9nt terjed a h\u00edr"},"content":{"rendered":"<h3>A tengerent\u00fali m\u00e9\/i\u00e1ban meglehet\u0151sen vad pletyk\u00e1k keringenek Donald Trumpr\u00f3l. T\u00f6bb f\u00f3rumon is azt h\u00ed\/esztelt\u00e9k, hogy az amerikai eln\u00f6k rejt\u00e9lyes m\u00f3don elt\u0171nt, lehet, hogy meghalt. Ezt arra siker\u00fclt alapozni, hogy a politikus n\u00e9h\u00e1ny nap erej\u00e9ig nem jelent meg a nyilv\u00e1noss\u00e1gban.<\/h3>\n<h3><span style=\"color: #ff0000;\"><strong>A h\u00edr nem \u00e9rt v\u00e9get! Folytat\u00e1shoz haszn\u00e1ld a K\u00d6VETKEZ\u0150 OLDAL gombot!<\/strong><\/span><\/h3>\n<h3 style=\"text-align: right;\"><a href=\"https:\/\/matrend.hu\/maitrend\/?p=3697\" target=\"_blank\" rel=\"noopener\"><span style=\"color: #ff0000;\">&#8212;&gt;&gt; K\u00d6VETKEZ\u0150 OLDAL<\/span><\/a><\/h3>\n<p>&#8211;<\/p>\n<p>Az e-Power jobb \u00fczemanyag-hat\u00e9konys\u00e1ga cs\u00f6kkenti a BIK kulcsot 29%-ra, de m\u00e9g \u00edgy sem tudja felvenni a versenyt a plug-in hibrid vagy elektromos aut\u00f3k c\u00e9ges ad\u00f3z\u00e1si hat\u00e9konys\u00e1g\u00e1val. Az aut\u00f3k t\u00f6bbs\u00e9ge a \u00a340,000-os \u00e1rhat\u00e1r alatt marad, csup\u00e1n a legfels\u0151 kateg\u00f3ri\u00e1s Tekna+ bizonyos v\u00e1ltozatai l\u00e9pik \u00e1t ezt a hat\u00e1rt, m\u00e9g az opci\u00f3k figyelembev\u00e9tele el\u0151tt, ami azt jelenti, hogy a legt\u00f6bb modell nem esik a luxusaut\u00f3kra vonatkoz\u00f3 VED ad\u00f3 kieg\u00e9sz\u00edt\u00e9s hat\u00e1lya al\u00e1. A Qashqai minden egyes gener\u00e1ci\u00f3ja sor\u00e1n a bels\u0151 t\u00e9r folyamatosan egyre t\u00f6bb technol\u00f3gi\u00e1val gazdagodott, de a Nissan nem tett kompromisszumot azokkal a k\u00e9nyelmes ergon\u00f3miai megold\u00e1sokkal sem, amelyek megk\u00f6nny\u00edtik az aut\u00f3 haszn\u00e1lat\u00e1t.<\/p>\n<p>Amikor a harmadik gener\u00e1ci\u00f3s Nissan Qashqai bemutat\u00e1sra ker\u00fclt, k\u00fcls\u0151 megjelen\u00e9se nem sokban t\u00e9rt el az el\u0151z\u0151 modellt\u0151l. A 2024-es friss\u00edt\u00e9s a kor\u00e1bbi modellekn\u00e9l jellegzetesebb els\u0151 r\u00e9sszel b\u0151v\u00fclt, amely hasonl\u00edt az Ariya elektromos aut\u00f3ra, \u00edgy a Nissan k\u00edn\u00e1lata kiemelkedik a m\u00e9g kalandv\u00e1gy\u00f3bb st\u00edlus\u00fa vet\u00e9lyt\u00e1rsak, mint a Peugeot 3008 \u00e9s a Toyota C-HR mellett.<\/p>\n<p>A legnagyobb technol\u00f3giai \u00faj\u00edt\u00e1s a Nissan Around View Monitor rendszere, amely 360 fokos k\u00e9pet gener\u00e1l az aut\u00f3r\u00f3l man\u0151verez\u00e9s k\u00f6zben, seg\u00edtve ezzel elker\u00fclni a kisebb \u00fctk\u00f6z\u00e9seket. A rendszer most m\u00e1r rendelkezik egy 3D-s funkci\u00f3val is, amely nyolc k\u00fcl\u00f6nb\u00f6z\u0151 sz\u00f6gb\u0151l rendereli az aut\u00f3 \u00e9s annak k\u00f6rnyezet\u00e9nek k\u00fcls\u0151 k\u00e9p\u00e9t, \u00e9s egy \u201el\u00e1thatatlan motorh\u00e1ztet\u0151 n\u00e9zettel\u201d is, amit a Land Rover modellekben is tal\u00e1lunk. Ez az opci\u00f3 k\u00e9perny\u0151n mutatja meg, hogy \u00e9ppen mit csin\u00e1lnak a kerekek el\u0151tted, seg\u00edtve ezzel a kocsik elhelyez\u00e9s\u00e9t a parkol\u00f3kban vagy aut\u00f3mos\u00f3kban, mik\u00f6zben val\u00f3sz\u00edn\u0171leg nem a kemikusan kih\u00edv\u00e1sokkal teli terepvezet\u00e9s lesz a legink\u00e1bb haszn\u00e1lt funkci\u00f3. Ezen k\u00edv\u00fcl hasznos lehet a T-kanyar n\u00e9zet is, amely egy kamer\u00e1t haszn\u00e1l a Qashqai elej\u00e9n, \u00e9s seg\u00edt ellen\u0151rizni az \u00e9rkez\u0151 forgalmat, amikor vak kanyarokb\u00f3l kihajtasz.<\/p>\n","protected":false},"excerpt":{"rendered":"<p>A tengerent\u00fali m\u00e9\/i\u00e1ban meglehet\u0151sen vad pletyk\u00e1k keringenek Donald Trumpr\u00f3l. T\u00f6bb f\u00f3rumon is azt h\u00ed\/esztelt\u00e9k, hogy az amerikai eln\u00f6k rejt\u00e9lyes m\u00f3don&#8230; <span class=\"gridview-grid-post-read-more\"><a href=\"https:\/\/matrend.hu\/nekedinfo\/meghalt-donald-trump-futotuzkent-terjed-a-hir\/\">read more<span class=\"gridview-sr-only\"> Meghalt Donald Trump fut\u00f3t\u0171zk\u00e9nt terjed a h\u00edr<\/span><\/a><\/span><\/p>\n","protected":false},"author":1,"featured_media":3694,"comment_status":"open","ping_status":"open","sticky":false,"template":"","format":"standard","meta":{"footnotes":""},"categories":[1],"tags":[],"class_list":["post-3693","post","type-post","status-publish","format-standard","has-post-thumbnail","hentry","category-egyeb","wpcat-1-id"],"_links":{"self":[{"href":"https:\/\/matrend.hu\/nekedinfo\/wp-json\/wp\/v2\/posts\/3693","targetHints":{"allow":["GET"]}}],"collection":[{"href":"https:\/\/matrend.hu\/nekedinfo\/wp-json\/wp\/v2\/posts"}],"about":[{"href":"https:\/\/matrend.hu\/nekedinfo\/wp-json\/wp\/v2\/types\/post"}],"author":[{"embeddable":true,"href":"https:\/\/matrend.hu\/nekedinfo\/wp-json\/wp\/v2\/users\/1"}],"replies":[{"embeddable":true,"href":"https:\/\/matrend.hu\/nekedinfo\/wp-json\/wp\/v2\/comments?post=3693"}],"version-history":[{"count":1,"href":"https:\/\/matrend.hu\/nekedinfo\/wp-json\/wp\/v2\/posts\/3693\/revisions"}],"predecessor-version":[{"id":3697,"href":"https:\/\/matrend.hu\/nekedinfo\/wp-json\/wp\/v2\/posts\/3693\/revisions\/3697"}],"wp:featuredmedia":[{"embeddable":true,"href":"https:\/\/matrend.hu\/nekedinfo\/wp-json\/wp\/v2\/media\/3694"}],"wp:attachment":[{"href":"https:\/\/matrend.hu\/nekedinfo\/wp-json\/wp\/v2\/media?parent=3693"}],"wp:term":[{"taxonomy":"category","embeddable":true,"href":"https:\/\/matrend.hu\/nekedinfo\/wp-json\/wp\/v2\/categories?post=3693"},{"taxonomy":"post_tag","embeddable":true,"href":"https:\/\/matrend.hu\/nekedinfo\/wp-json\/wp\/v2\/tags?post=3693"}],"curies":[{"name":"wp","href":"https:\/\/api.w.org\/{rel}","templated":true}]}}